{"id":643990,"date":"2026-01-06T04:21:29","date_gmt":"2026-01-06T04:21:29","guid":{"rendered":"https:\/\/www.europesays.com\/fr\/643990\/"},"modified":"2026-01-06T04:21:29","modified_gmt":"2026-01-06T04:21:29","slug":"marseille-sinvite-a-la-cite-de-la-musique-du-19-au-22-fevrier","status":"publish","type":"post","link":"https:\/\/www.europesays.com\/fr\/643990\/","title":{"rendered":"Marseille s&rsquo;invite \u00e0 la Cit\u00e9 de la musique du 19 au 22 f\u00e9vrier"},"content":{"rendered":"<p>Du 19 au 22 f\u00e9vrier, la Cit\u00e9 de la musique c\u00e9l\u00e8bre la cit\u00e9 phoc\u00e9enne avec un week-end th\u00e9matique riche en m\u00e9tissages et en d\u00e9couvertes sonores. Cet \u00e9v\u00e9nement invite les spectateurs \u00e0 explorer l\u2019\u00e2me voyageuse de Marseille \u00e0 travers une programmation \u00e9clectique m\u00ealant traditions, exils et modernit\u00e9.<\/p>\n<p>Le coup d\u2019envoi des festivit\u00e9s met en avant la richesse des parcours m\u00e9diterran\u00e9ens avec une soir\u00e9e d\u2019ouverture tr\u00e8s contrast\u00e9e. Le public pourra d\u00e9couvrir <strong>Spartenza<\/strong>, une cr\u00e9ation o\u00f9 les chants de Sicile s\u2019unissent aux rythmes d\u2019Alg\u00e9rie, suivie du trio <strong>De la Crau<\/strong> qui r\u00e9invente l\u2019h\u00e9ritage des troubadours en langue proven\u00e7ale. Pour finir en \u00e9nergie, le duo <strong>Benzine<\/strong> propulsera un ra\u00ef ultra moderne aux sonorit\u00e9s \u00e9lectroniques.<\/p>\n<p><a href=\"https:\/\/www.europesays.com\/fr\/wp-content\/uploads\/2026\/01\/Benzine-by-Marpessa-Sigue-1-1-t-5830x3892.jpg\" data-barba-prevent=\"\" data-pswp-width=\"5830\" data-pswp-height=\"3892\"><\/p>\n<p><img loading=\"lazy\" decoding=\"async\" width=\"5830\" height=\"3892\" src=\"data:image\/svg+xml,%3Csvg%20xmlns=\" http:=\"\" class=\"attachment-thumbnail size-thumbnail\" alt=\"&#10;Benzine&#10;\" data-lazy-src=\"https:\/\/www.europesays.com\/fr\/wp-content\/uploads\/2026\/01\/Benzine-by-Marpessa-Sigue-1-1-t-5830x3892.jpg\"\/><\/p>\n<p>Benzine<\/p>\n<p><\/a><\/p>\n<p><strong>Groove sans fronti\u00e8res et improvisations<\/strong><\/p>\n<p>Le vendredi soir, la sc\u00e8ne sera d\u00e9di\u00e9e \u00e0 une exploration entre Marseille, Paris et Atlanta. Sous l\u2019impulsion des saxophonistes <strong>Rapha\u00ebl Imbert et Kebbi Williams<\/strong>, accompagn\u00e9s de musiciens et de voix comme celle de Mike Ladd, cette performance promet un groove puissant explorant de nouveaux territoires improvis\u00e9s. Ce concert souligne la dimension de \u00ab\u00a0ville-monde\u00a0\u00bb de Marseille \u00e0 travers des \u00e9changes artistiques transatlantiques.<\/p>\n<p><a href=\"https:\/\/www.europesays.com\/fr\/wp-content\/uploads\/2026\/01\/Kebbi-Williams-by-Edouard-Lemiale-1-t-7680x4320.jpg\" data-barba-prevent=\"\" data-pswp-width=\"7680\" data-pswp-height=\"4320\"><\/p>\n<p><img loading=\"lazy\" decoding=\"async\" width=\"7680\" height=\"4320\" src=\"data:image\/svg+xml,%3Csvg%20xmlns=\" http:=\"\" class=\"attachment-thumbnail size-thumbnail\" alt=\"&#10;Kebbi Williams&#10;\" data-lazy-src=\"https:\/\/www.europesays.com\/fr\/wp-content\/uploads\/2026\/01\/Kebbi-Williams-by-Edouard-Lemiale-1-t-7680x4320.jpg\"\/><\/p>\n<p>Kebbi Williams<\/p>\n<p><\/a><\/p>\n<p>Le dimanche apr\u00e8s-midi, la f\u00eate prendra une dimension participative dans la <strong>Grande salle Pierre Boulez<\/strong> avec le \u00ab Bal canto \u00bb. Ce grand bal marseillais r\u00e9unira des artistes confirm\u00e9s, tels que <strong>Marion Rampal<\/strong> et <strong>Manu Th\u00e9ron<\/strong>, ainsi que des \u00e9l\u00e8ves de conservatoires et des musiciens amateurs. C\u2019est une invitation ouverte \u00e0 tous, des d\u00e9butants aux simples curieux, pour c\u00e9l\u00e9brer ensemble la convivialit\u00e9 de la cit\u00e9 phoc\u00e9enne.<\/p>\n<p><a href=\"https:\/\/www.europesays.com\/fr\/wp-content\/uploads\/2026\/01\/illusbalcanto-1-t-2400x1452.png\" data-barba-prevent=\"\" data-pswp-width=\"2400\" data-pswp-height=\"1452\"><\/p>\n<p><img loading=\"lazy\" decoding=\"async\" width=\"2400\" height=\"1452\" src=\"data:image\/svg+xml,%3Csvg%20xmlns=\" http:=\"\" class=\"attachment-thumbnail size-thumbnail\" alt=\"&#10;Bal Canto&#10;\" data-lazy-src=\"https:\/\/www.europesays.com\/fr\/wp-content\/uploads\/2026\/01\/illusbalcanto-1-t-2400x1452.png\"\/><\/p>\n<p>Bal Canto<\/p>\n<p><\/a><\/p>\n<p><strong>Au-del\u00e0 de la sc\u00e8ne : une immersion culturelle<\/strong><\/p>\n<p>En compl\u00e9ment des concerts, les visiteurs sont encourag\u00e9s \u00e0 explorer les multiples facettes de la Philharmonie de Paris. Il est possible de d\u00e9couvrir les collections mythiques du <strong>Mus\u00e9e de la musique<\/strong> ou de profiter des ressources de la <strong>M\u00e9diath\u00e8que<\/strong> pour approfondir ses connaissances musicales. Les familles peuvent \u00e9galement se tourner vers la <strong>Philharmonie des enfants<\/strong>, un espace ludique d\u00e9di\u00e9 aux 4-10 ans.<\/p>\n<p>Toutes les infos et r\u00e9servations sur le <a href=\"https:\/\/philharmoniedeparis.fr\/fr\/agenda?startDate=2026-02-19&amp;weekend_i=908\" data-type=\"link\" data-id=\"https:\/\/philharmoniedeparis.fr\/fr\/agenda?startDate=2026-02-19&amp;weekend_i=908\" target=\"_blank\" rel=\"noopener\">site de la Philharmonie de Paris<\/a>.<\/p>\n","protected":false},"excerpt":{"rendered":"Du 19 au 22 f\u00e9vrier, la Cit\u00e9 de la musique c\u00e9l\u00e8bre la cit\u00e9 phoc\u00e9enne avec un week-end th\u00e9matique&hellip;\n","protected":false},"author":2,"featured_media":643991,"comment_status":"","ping_status":"","sticky":false,"template":"","format":"standard","meta":{"footnotes":""},"categories":[2814],"tags":[1111,11,75050,1777,674,1011,27,884,3741,12,27975,23096,882,25],"class_list":{"0":"post-643990","1":"post","2":"type-post","3":"status-publish","4":"format-standard","5":"has-post-thumbnail","7":"category-marseille","8":"tag-actu","9":"tag-actualites","10":"tag-citu00e9-de-la-musique","11":"tag-eu","12":"tag-europe","13":"tag-fr","14":"tag-france","15":"tag-marseille","16":"tag-massilia","17":"tag-news","18":"tag-nova-aime","19":"tag-philharmonie","20":"tag-provence-alpes-cote-dazur","21":"tag-republique-francaise"},"share_on_mastodon":{"url":"https:\/\/pubeurope.com\/@fr\/115846242848471914","error":""},"_links":{"self":[{"href":"https:\/\/www.europesays.com\/fr\/wp-json\/wp\/v2\/posts\/643990","targetHints":{"allow":["GET"]}}],"collection":[{"href":"https:\/\/www.europesays.com\/fr\/wp-json\/wp\/v2\/posts"}],"about":[{"href":"https:\/\/www.europesays.com\/fr\/wp-json\/wp\/v2\/types\/post"}],"author":[{"embeddable":true,"href":"https:\/\/www.europesays.com\/fr\/wp-json\/wp\/v2\/users\/2"}],"replies":[{"embeddable":true,"href":"https:\/\/www.europesays.com\/fr\/wp-json\/wp\/v2\/comments?post=643990"}],"version-history":[{"count":0,"href":"https:\/\/www.europesays.com\/fr\/wp-json\/wp\/v2\/posts\/643990\/revisions"}],"wp:featuredmedia":[{"embeddable":true,"href":"https:\/\/www.europesays.com\/fr\/wp-json\/wp\/v2\/media\/643991"}],"wp:attachment":[{"href":"https:\/\/www.europesays.com\/fr\/wp-json\/wp\/v2\/media?parent=643990"}],"wp:term":[{"taxonomy":"category","embeddable":true,"href":"https:\/\/www.europesays.com\/fr\/wp-json\/wp\/v2\/categories?post=643990"},{"taxonomy":"post_tag","embeddable":true,"href":"https:\/\/www.europesays.com\/fr\/wp-json\/wp\/v2\/tags?post=643990"}],"curies":[{"name":"wp","href":"https:\/\/api.w.org\/{rel}","templated":true}]}}