{"id":643992,"date":"2026-01-06T04:23:22","date_gmt":"2026-01-06T04:23:22","guid":{"rendered":"https:\/\/www.europesays.com\/fr\/643992\/"},"modified":"2026-01-06T04:23:22","modified_gmt":"2026-01-06T04:23:22","slug":"quatre-interpellations-pres-de-lyon","status":"publish","type":"post","link":"https:\/\/www.europesays.com\/fr\/643992\/","title":{"rendered":"quatre interpellations pr\u00e8s de Lyon"},"content":{"rendered":"<p>                            <img loading=\"lazy\" width=\"1080\" height=\"675\" class=\"attachment-article size-article wp-post-image lazyload\" alt=\"gendarme\" decoding=\"async\" src=\"https:\/\/www.europesays.com\/fr\/wp-content\/uploads\/2025\/06\/000_33MT7A3-scaled-e1691562813704.jpg\" data-eio-rwidth=\"1080\" data-eio-rheight=\"675\"\/><\/p>\n<p>Illustration gendarmerie. (Lou Benoist \/ AFP)<\/p>\n<p class=\"content\" style=\"font-size:1.2em;font-weight:700\">Trois incendies volontaires survenus d\u00e9but octobre 2025 \u00e0 Lyon et dans l&rsquo;Ouest lyonnais ont conduit \u00e0 l&rsquo;interpellation de quatre suspects le 15 d\u00e9cembre. Trois d&rsquo;entre eux ont \u00e9t\u00e9 incarc\u00e9r\u00e9s.<\/p>\n<p>Un incendie volontaire a vis\u00e9 dans la nuit du 3 au 4 octobre 2025 une habitation occup\u00e9e par une famille, qui avait \u00e9galement subi des actes d&rsquo;intimidation. Les secours ont \u00e9vacu\u00e9 les occupants et \u00e9teint le sinistre sans faire de bless\u00e9s, mais les d\u00e9g\u00e2ts mat\u00e9riels sont cons\u00e9quents indique la gendarmerie du Rh\u00f4ne.<\/p>\n<p>L&rsquo;enqu\u00eate a \u00e9tabli un rapprochement avec deux autres faits similaires : un incendie volontaire commis le 2 octobre sur un commerce lyonnais et un sinistre survenu au domicile d&rsquo;une victime \u00e0 Champagne-au-Mont-d&rsquo;Or. L&rsquo;analyse des modes op\u00e9ratoires a mis en \u00e9vidence des similarit\u00e9s et laiss\u00e9 supposer des techniques d&rsquo;intimidation relevant du narcotrafic.<\/p>\n<p>Les investigations men\u00e9es par la brigade de recherches de L&rsquo;Arbresle et les experts de la criminalistique, sous l&rsquo;autorit\u00e9 du parquet de Lyon, ont permis d&rsquo;identifier quatre individus. Interpell\u00e9s et plac\u00e9s en garde \u00e0 vue le 15 d\u00e9cembre 2025, ils ont \u00e9t\u00e9 d\u00e9f\u00e9r\u00e9s trois jours plus tard. Trois d&rsquo;entre eux ont \u00e9t\u00e9 incarc\u00e9r\u00e9s.<\/p>\n","protected":false},"excerpt":{"rendered":"Illustration gendarmerie. (Lou Benoist \/ AFP) Trois incendies volontaires survenus d\u00e9but octobre 2025 \u00e0 Lyon et dans l&rsquo;Ouest&hellip;\n","protected":false},"author":2,"featured_media":173693,"comment_status":"","ping_status":"","sticky":false,"template":"","format":"standard","meta":{"footnotes":""},"categories":[1889],"tags":[1111,11,2430,1777,674,1011,27,2428,12,25],"class_list":{"0":"post-643992","1":"post","2":"type-post","3":"status-publish","4":"format-standard","5":"has-post-thumbnail","7":"category-lyon","8":"tag-actu","9":"tag-actualites","10":"tag-auvergne-rhone-alpes","11":"tag-eu","12":"tag-europe","13":"tag-fr","14":"tag-france","15":"tag-lyon","16":"tag-news","17":"tag-republique-francaise"},"share_on_mastodon":{"url":"https:\/\/pubeurope.com\/@fr\/115846250795211573","error":""},"_links":{"self":[{"href":"https:\/\/www.europesays.com\/fr\/wp-json\/wp\/v2\/posts\/643992","targetHints":{"allow":["GET"]}}],"collection":[{"href":"https:\/\/www.europesays.com\/fr\/wp-json\/wp\/v2\/posts"}],"about":[{"href":"https:\/\/www.europesays.com\/fr\/wp-json\/wp\/v2\/types\/post"}],"author":[{"embeddable":true,"href":"https:\/\/www.europesays.com\/fr\/wp-json\/wp\/v2\/users\/2"}],"replies":[{"embeddable":true,"href":"https:\/\/www.europesays.com\/fr\/wp-json\/wp\/v2\/comments?post=643992"}],"version-history":[{"count":0,"href":"https:\/\/www.europesays.com\/fr\/wp-json\/wp\/v2\/posts\/643992\/revisions"}],"wp:featuredmedia":[{"embeddable":true,"href":"https:\/\/www.europesays.com\/fr\/wp-json\/wp\/v2\/media\/173693"}],"wp:attachment":[{"href":"https:\/\/www.europesays.com\/fr\/wp-json\/wp\/v2\/media?parent=643992"}],"wp:term":[{"taxonomy":"category","embeddable":true,"href":"https:\/\/www.europesays.com\/fr\/wp-json\/wp\/v2\/categories?post=643992"},{"taxonomy":"post_tag","embeddable":true,"href":"https:\/\/www.europesays.com\/fr\/wp-json\/wp\/v2\/tags?post=643992"}],"curies":[{"name":"wp","href":"https:\/\/api.w.org\/{rel}","templated":true}]}}