{"id":643993,"date":"2026-01-06T04:24:21","date_gmt":"2026-01-06T04:24:21","guid":{"rendered":"https:\/\/www.europesays.com\/fr\/643993\/"},"modified":"2026-01-06T04:24:21","modified_gmt":"2026-01-06T04:24:21","slug":"pres-de-lyon-les-salaries-delkem-de-retour-au-travail-apres-lexplosion-mortelle","status":"publish","type":"post","link":"https:\/\/www.europesays.com\/fr\/643993\/","title":{"rendered":"Pr\u00e8s de Lyon. Les salari\u00e9s d&rsquo;Elkem de retour au travail apr\u00e8s l&rsquo;explosion mortelle"},"content":{"rendered":"<p>                    Par<br \/>\n        <strong><br \/>\n            <a href=\"https:\/\/actu.fr\/auteur\/redaction-lyon\" title=\"Consulter tous les articles de R\u00e9daction Lyon\" target=\"_blank\" rel=\"noopener\">R\u00e9daction Lyon<\/a><br \/>\n                    <\/strong><\/p>\n<p>        Publi\u00e9 le<\/p>\n<p>            5 janv. 2026 \u00e0 17h52        <\/p>\n<p>La production va reprendre progressivement d\u00e8s mardi dans l\u2019<strong>usine chimique Elkem Silicones<\/strong>, pr\u00e8s de <a href=\"https:\/\/actu.fr\/auvergne-rhone-alpes\/lyon_69123\" target=\"_blank\" rel=\"noopener\">Lyon<\/a>, o\u00f9 <a href=\"https:\/\/actu.fr\/auvergne-rhone-alpes\/saint-fons_69199\/explosion-a-l-usine-elkem-silicones-pres-de-lyon-mort-d-un-deuxieme-employe_63626400.html\" target=\"_blank\" rel=\"noopener\">deux salari\u00e9s sont d\u00e9c\u00e9d\u00e9s<\/a> \u00e0 la suite d\u2019une explosion accidentelle fin d\u00e9cembre, a annonc\u00e9 ce lundi 5 janvier 2026 son directeur.<\/p>\n<p class=\" wall-content\">Un des deux autres employ\u00e9s gri\u00e8vement bless\u00e9s dans <a href=\"https:\/\/actu.fr\/auvergne-rhone-alpes\/saint-fons_69199\/direct-grave-explosion-dans-une-usine-chimique-seveso-pres-de-lyon-plusieurs-victimes_63610713.html\" target=\"_blank\" rel=\"noopener\">l\u2019explosion le 22 d\u00e9cembre<\/a> est toujours hospitalis\u00e9 en soins intensifs, a pr\u00e9cis\u00e9 Jean-Pierre Lerat devant la presse sur le site de l\u2019usine \u00e0 <a href=\"https:\/\/actu.fr\/auvergne-rhone-alpes\/saint-fons_69199\" target=\"_blank\" rel=\"noopener\">Saint-Fons<\/a>, au sud de Lyon, dans la \u00ab\u00a0vall\u00e9e de la chimie\u00a0\u00bb.<\/p>\n<p>Un hommage aux victimes<\/p>\n<p class=\" wall-content\">Quelque 250 des 600 salari\u00e9s de l\u2019usine de production de silicone int\u00e9gr\u00e9 ont assist\u00e9 \u00e0 une \u00ab\u00a0rencontre avec la direction g\u00e9n\u00e9rale\u00a0\u00bb ce lundi matin, consacr\u00e9e \u00e0 un hommage aux victimes. Ce sont deux techniciens sp\u00e9cialis\u00e9s, de 47 et 55 ans, qui ont succomb\u00e9 \u00e0 leurs blessures \u00e0 l\u2019h\u00f4pital. Une femme figure parmi les deux bless\u00e9s survivants.<\/p>\n<p class=\" wall-content\">Ce lundi \u00e9tait aussi d\u00e9di\u00e9 \u00e0 une \u00ab\u00a0journ\u00e9e de transparence et de confiance\u00a0\u00bb, deux semaines apr\u00e8s le drame sur ce site class\u00e9 Seveso seuil haut, qui fait l\u2019objet d\u2019une enqu\u00eate judiciaire pour homicides et blessures involontaires par personne morale dans le cadre du travail.<\/p>\n<p class=\" wall-content\">\u00c0 l\u2019origine de l\u2019explosion, si \u00ab\u00a0les enqu\u00eates sont en cours\u00a0\u00bb, il s\u2019agit \u00ab\u00a0tr\u00e8s probablement d\u2019une inflammation d\u2019un nuage d\u2019hydrog\u00e8ne\u00a0\u00bb, a expliqu\u00e9 M. Lerat, confirmant une d\u00e9claration faite le jour du drame.<\/p>\n<p class=\" wall-content\">Les quatre victimes \u2014 deux techniciens sp\u00e9cialis\u00e9s, un ing\u00e9nieur chimiste et un responsable du service Hygi\u00e8ne, s\u00e9curit\u00e9 et enqu\u00eate environnement (HSE) de l\u2019usine \u2014 \u00e9taient <strong>en train d\u2019intervenir pour parer aux risques<\/strong> d\u2019inflammation de d\u00e9gagement de gaz. Lequel avait \u00e9t\u00e9 provoqu\u00e9 par une \u00ab\u00a0r\u00e9action (chimique) qui ne s\u2019est pas pass\u00e9e comme pr\u00e9vu\u00a0\u00bb, selon M. Lerat.<\/p>\n<p>Votre r\u00e9gion, votre actu !<\/p>\n<p>Recevez chaque jour les infos qui comptent pour vous.<\/p>\n<p>\t<a href=\"https:\/\/actu.fr\/newsletter\" class=\"ac-btn ac-btn--corner ac-btn--medium ac-btn--blue800\" target=\"_blank\" rel=\"noopener\">S&rsquo;incrire<\/a><br \/>\nUn red\u00e9marrage progressif<\/p>\n<p class=\" wall-content\">L\u2019usine, avec l\u2019accord des autorit\u00e9s, va \u00ab\u00a0red\u00e9marrer progressivement dans la semaine\u00a0\u00bb \u00e0 partir de mardi, a annonc\u00e9 M. Lerat.<\/p>\n<p class=\" wall-content\">Inaugur\u00e9 en 2021, l&rsquo;\u00a0\u00bbatelier pilote\u00a0\u00bb o\u00f9 a eu lieu l\u2019explosion avait fait l\u2019objet d\u2019une inspection de s\u00e9curit\u00e9 une semaine avant le drame, selon la direction. Trois millions d\u2019euros y ont \u00e9t\u00e9 investis au cours des trois derni\u00e8res ann\u00e9es pour le remplacement de mat\u00e9riel et la r\u00e9fection d\u2019infrastructures, selon une source proche de l\u2019entreprise.<\/p>\n<p class=\" wall-content\">Ces derni\u00e8res ann\u00e9es, Elkem Saint-Fons a <a href=\"https:\/\/actu.fr\/auvergne-rhone-alpes\/saint-fons_69199\/explosion-dans-l-usine-chimique-de-saint-fons-pres-de-lyon-des-zones-d-ombre-refont-surface_63614042.html\" target=\"_blank\" rel=\"noopener\">fait l\u2019objet de mises en demeure<\/a> par la pr\u00e9fecture du Rh\u00f4ne pour des manquements aux r\u00e8gles de s\u00e9curit\u00e9 ou concernant le stockage de mati\u00e8res dangereuses.<\/p>\n<p class=\" wall-content\">En 2016, un employ\u00e9 avait \u00e9t\u00e9 tu\u00e9 dans la m\u00eame usine dans l\u2019incendie de f\u00fbts de silicone.<\/p>\n<p class=\" wall-content\">Se pr\u00e9sentant sur son site internet comme \u00ab\u00a0l\u2019un des principaux fournisseurs mondiaux de mat\u00e9riaux avanc\u00e9s \u00e0 base de silicium\u00a0\u00bb, Elkem, c\u00f4t\u00e9 \u00e0 la bourse d\u2019Oslo, emploie plus de 7.200 personnes dans le monde. Ce groupe norv\u00e9gien avait \u00e9t\u00e9 rachet\u00e9 en 2011 par l\u2019entreprise d\u2019Etat China National BlueStar.<\/p>\n<p class=\" wall-content\"><strong>Avec AFP<\/strong><\/p>\n<p class=\" wall-content\">Personnalisez votre actualit\u00e9 en ajoutant vos villes et m\u00e9dias en favori avec <a href=\"https:\/\/moncompte.actu.fr\" title=\"D\u00e9couvez Mon Actu\" rel=\"nofollow noopener\" data-trk=\"{&quot;cta&quot;:{&quot;action&quot;:&quot;https:\\\/\\\/moncompte.actu.fr&quot;,&quot;category&quot;:&quot;mon compte&quot;,&quot;from&quot;:&quot;article footer&quot;,&quot;name&quot;:&quot;Mon actu&quot;,&quot;type&quot;:&quot;cta&quot;}}\" target=\"_blank\">Mon Actu<\/a>.<\/p>\n","protected":false},"excerpt":{"rendered":"Par R\u00e9daction Lyon Publi\u00e9 le 5 janv. 2026 \u00e0 17h52 La production va reprendre progressivement d\u00e8s mardi dans&hellip;\n","protected":false},"author":2,"featured_media":643994,"comment_status":"","ping_status":"","sticky":false,"template":"","format":"standard","meta":{"footnotes":""},"categories":[1889],"tags":[1111,11,2430,1777,674,1011,27,2428,12,25,28957,104],"class_list":{"0":"post-643993","1":"post","2":"type-post","3":"status-publish","4":"format-standard","5":"has-post-thumbnail","7":"category-lyon","8":"tag-actu","9":"tag-actualites","10":"tag-auvergne-rhone-alpes","11":"tag-eu","12":"tag-europe","13":"tag-fr","14":"tag-france","15":"tag-lyon","16":"tag-news","17":"tag-republique-francaise","18":"tag-seveso","19":"tag-societe"},"share_on_mastodon":{"url":"https:\/\/pubeurope.com\/@fr\/115846254579994296","error":""},"_links":{"self":[{"href":"https:\/\/www.europesays.com\/fr\/wp-json\/wp\/v2\/posts\/643993","targetHints":{"allow":["GET"]}}],"collection":[{"href":"https:\/\/www.europesays.com\/fr\/wp-json\/wp\/v2\/posts"}],"about":[{"href":"https:\/\/www.europesays.com\/fr\/wp-json\/wp\/v2\/types\/post"}],"author":[{"embeddable":true,"href":"https:\/\/www.europesays.com\/fr\/wp-json\/wp\/v2\/users\/2"}],"replies":[{"embeddable":true,"href":"https:\/\/www.europesays.com\/fr\/wp-json\/wp\/v2\/comments?post=643993"}],"version-history":[{"count":0,"href":"https:\/\/www.europesays.com\/fr\/wp-json\/wp\/v2\/posts\/643993\/revisions"}],"wp:featuredmedia":[{"embeddable":true,"href":"https:\/\/www.europesays.com\/fr\/wp-json\/wp\/v2\/media\/643994"}],"wp:attachment":[{"href":"https:\/\/www.europesays.com\/fr\/wp-json\/wp\/v2\/media?parent=643993"}],"wp:term":[{"taxonomy":"category","embeddable":true,"href":"https:\/\/www.europesays.com\/fr\/wp-json\/wp\/v2\/categories?post=643993"},{"taxonomy":"post_tag","embeddable":true,"href":"https:\/\/www.europesays.com\/fr\/wp-json\/wp\/v2\/tags?post=643993"}],"curies":[{"name":"wp","href":"https:\/\/api.w.org\/{rel}","templated":true}]}}