{"id":643999,"date":"2026-01-06T04:28:15","date_gmt":"2026-01-06T04:28:15","guid":{"rendered":"https:\/\/www.europesays.com\/fr\/643999\/"},"modified":"2026-01-06T04:28:15","modified_gmt":"2026-01-06T04:28:15","slug":"la-neige-seme-le-chaos-dans-les-transports-dans-louest-de-la-france-et-a-paris","status":"publish","type":"post","link":"https:\/\/www.europesays.com\/fr\/643999\/","title":{"rendered":"La neige s\u00e8me le chaos dans les transports dans l&rsquo;ouest de la France et \u00e0 Paris"},"content":{"rendered":"<p>La neige tomb\u00e9e en abondance lundi sur l&rsquo;ouest et le centre de la France a provoqu\u00e9 d&rsquo;importantes perturbations routi\u00e8res, particuli\u00e8rement en Normandie, en Bretagne et en Ile-de-France. Le trafic a\u00e9rien a aussi \u00e9t\u00e9 perturb\u00e9.<\/p>\n<p>Au total, M\u00e9t\u00e9o-France a plac\u00e9 26 d\u00e9partements en vigilance orange jusqu&rsquo;\u00e0 mardi matin en raison des intemp\u00e9ries.<\/p>\n<p>Tomb\u00e9e en abondance sur l&rsquo;ouest avant de toucher la r\u00e9gion parisienne, la neige a g\u00e9n\u00e9r\u00e9 un chaos sur les routes du pays. Plus de 900 kilom\u00e8tres de bouchons ont \u00e9t\u00e9 relev\u00e9s en fin d&rsquo;apr\u00e8s-midi en r\u00e9gion parisienne, un niveau record.<\/p>\n<p>D&rsquo;abord dans l&rsquo;ouest<\/p>\n<p>En matin\u00e9e, les chutes de neige ont touch\u00e9 la Manche et la Seine-Maritime, avec plus de 15 centim\u00e8tres de poudre par endroits, provoquant de fortes perturbations sur certains axes routiers, comme l&rsquo;autoroute A84 dans la Manche ou les autoroutes A28 et A29 en Seine-Maritime, entre Rouen et Abbeville.<\/p>\n<p>En d\u00e9but d&rsquo;apr\u00e8s-midi, \u00ab\u00a0l&rsquo;autoroute A28 enregistrait de grosses difficult\u00e9s de circulation, dans le sens Abbeville-Rouen, du fait de poids lourds bloqu\u00e9s en travers des voies et emp\u00eachant le flux des v\u00e9hicules l\u00e9gers, \u00e0 l&rsquo;arr\u00eat derri\u00e8re eux\u00a0\u00bb, selon un communiqu\u00e9 de presse de la pr\u00e9fecture.<\/p>\n<p>Des d\u00e9panneurs poids lourds \u00e9taient mobilis\u00e9s \u00ab\u00a0pour retirer des voies les v\u00e9hicules qui obstruent la circulation\u00a0\u00bb, a ajout\u00e9 la pr\u00e9fecture, qui demande aux usagers de la route de \u00ab\u00a0limiter ou reporter, autant que possible, leurs d\u00e9placements\u00a0\u00bb.<\/p>\n<p>En Bretagne ou en Normandie les transports scolaires ont \u00e9galement \u00e9t\u00e9 suspendus par mesure de pr\u00e9caution et la r\u00e9gion Normandie a reconduit cette mesure mardi pour \u00ab\u00a0l&rsquo;ensemble des lignes de transports scolaires et commerciales dans tous les d\u00e9partements normands\u00a0\u00bb.<\/p>\n<p>Puis \u00e0 Paris et sa r\u00e9gion<\/p>\n<p>En r\u00e9gion parisienne, l&rsquo;exploitation du r\u00e9seau autobus de la RATP a \u00e9t\u00e9 interrompue en raison des chutes de neige. Vinci Autoroutes a annonc\u00e9 qu\u2019en \u00cele-de-France, la vitesse \u00e9tait limit\u00e9e \u00e0 80 km\/h sur les nationales et les autoroutes.<\/p>\n<p>La pr\u00e9fecture des Yvelines a invit\u00e9 sur X les parents \u00e0 r\u00e9cup\u00e9rer leurs enfants \u00ab\u00a0\u00e0 partir de 15h\u00a0\u00bb et incite les employeurs, \u00ab\u00a0lorsque cela est possible, \u00e0 permettre aux salari\u00e9s de quitter leur lieu de travail \u00e0 partir de 15h\u00a0\u00bb. Les transports scolaires sont suspendus dans le d\u00e9partement pour la journ\u00e9e de mardi.<\/p>\n<p>Contenu externe<\/p>\n<p> Ce contenu externe ne peut pas \u00eatre affich\u00e9 car il est susceptible de collecter des donn\u00e9es personnelles. Pour voir ce contenu vous devez autoriser la cat\u00e9gorie <strong>R\u00e9seaux sociaux<\/strong>. <\/p>\n<p> Accepter Plus d&rsquo;info <\/p>\n<p>    Le trafic a\u00e9rien perturb\u00e9<\/p>\n<p>Les chutes de neige ont \u00e9galement eu des cons\u00e9quences sur le transport a\u00e9rien, les compagnies ayant d\u00fb r\u00e9duire de 15% le nombre de leurs vols dans les a\u00e9roports parisiens de Paris-Charles-de-Gaulle et Orly, a annonc\u00e9 le ministre des Transports Philippe Tabarot. Ces mesures n\u00e9cessaires pour permettre les op\u00e9rations de d\u00e9neigement et de pr\u00e9paration des appareils. Il faut compter avec des annulations et de possibles retards de vols, selon le ministre.<\/p>\n<p>S&rsquo;agissant du transport ferroviaire, la vitesse des TGV est r\u00e9duite \u00e0 200 km\/h (au lieu de 300 km\/h) depuis ce matin, mesure obligatoire, a indiqu\u00e9 la SNCF.<\/p>\n<p class=\"sources\">afp\/miro<\/p>\n","protected":false},"excerpt":{"rendered":"La neige tomb\u00e9e en abondance lundi sur l&rsquo;ouest et le centre de la France a provoqu\u00e9 d&rsquo;importantes perturbations&hellip;\n","protected":false},"author":2,"featured_media":644000,"comment_status":"","ping_status":"","sticky":false,"template":"","format":"standard","meta":{"footnotes":""},"categories":[1888],"tags":[1111,1928,11,1927,663,6955,4732,75051,36797,36798,6359,1777,674,1011,27,662,2487,74,10584,12,1926,5161,626,1925,25,6917,35132,800],"class_list":{"0":"post-643999","1":"post","2":"type-post","3":"status-publish","4":"format-standard","5":"has-post-thumbnail","7":"category-paris","8":"tag-actu","9":"tag-actu-paris","10":"tag-actualites","11":"tag-actualites-paris","12":"tag-aeroport","13":"tag-autoroute","14":"tag-catastrophe-naturelle","15":"tag-circulation-routiere","16":"tag-desastres","17":"tag-desastres-et-accidents","18":"tag-economie-et-finances","19":"tag-eu","20":"tag-europe","21":"tag-fr","22":"tag-france","23":"tag-ile-de-france","24":"tag-meteo","25":"tag-monde","26":"tag-neige","27":"tag-news","28":"tag-news-paris","29":"tag-normandie","30":"tag-paris","31":"tag-paris-news","32":"tag-republique-francaise","33":"tag-transport-ferroviaire","34":"tag-transport-routier","35":"tag-transports"},"share_on_mastodon":{"url":"https:\/\/pubeurope.com\/@fr\/115846270366397383","error":""},"_links":{"self":[{"href":"https:\/\/www.europesays.com\/fr\/wp-json\/wp\/v2\/posts\/643999","targetHints":{"allow":["GET"]}}],"collection":[{"href":"https:\/\/www.europesays.com\/fr\/wp-json\/wp\/v2\/posts"}],"about":[{"href":"https:\/\/www.europesays.com\/fr\/wp-json\/wp\/v2\/types\/post"}],"author":[{"embeddable":true,"href":"https:\/\/www.europesays.com\/fr\/wp-json\/wp\/v2\/users\/2"}],"replies":[{"embeddable":true,"href":"https:\/\/www.europesays.com\/fr\/wp-json\/wp\/v2\/comments?post=643999"}],"version-history":[{"count":0,"href":"https:\/\/www.europesays.com\/fr\/wp-json\/wp\/v2\/posts\/643999\/revisions"}],"wp:featuredmedia":[{"embeddable":true,"href":"https:\/\/www.europesays.com\/fr\/wp-json\/wp\/v2\/media\/644000"}],"wp:attachment":[{"href":"https:\/\/www.europesays.com\/fr\/wp-json\/wp\/v2\/media?parent=643999"}],"wp:term":[{"taxonomy":"category","embeddable":true,"href":"https:\/\/www.europesays.com\/fr\/wp-json\/wp\/v2\/categories?post=643999"},{"taxonomy":"post_tag","embeddable":true,"href":"https:\/\/www.europesays.com\/fr\/wp-json\/wp\/v2\/tags?post=643999"}],"curies":[{"name":"wp","href":"https:\/\/api.w.org\/{rel}","templated":true}]}}