{"id":644001,"date":"2026-01-06T04:29:12","date_gmt":"2026-01-06T04:29:12","guid":{"rendered":"https:\/\/www.europesays.com\/fr\/644001\/"},"modified":"2026-01-06T04:29:12","modified_gmt":"2026-01-06T04:29:12","slug":"decouvrez-william-pilet-dans-la-nouvelle-version-de-son-spectacle-normal-nexiste-pas-au-theatre-gaite-rive-gauche","status":"publish","type":"post","link":"https:\/\/www.europesays.com\/fr\/644001\/","title":{"rendered":"D\u00e9couvrez William Pilet dans la nouvelle version de son spectacle \u00ab\u00a0Normal n&rsquo;existe pas\u00a0\u00bb au th\u00e9\u00e2tre Ga\u00eet\u00e9 Rive Gauche"},"content":{"rendered":"<p><strong>D\u00e9couvert dans la \u201cFrance a incroyable talent\u201d, William Pilet arrive sur sc\u00e8ne du th\u00e9\u00e2tre Ga\u00eet\u00e9 Rive Gauche et vous propose une toute nouvelle version de son spectacle \u201cNormal n\u2019existe pas\u201d. \u00c0 ne surtout pas manquer !<\/strong><\/p>\n<p>\u201cLa sagesse ne consiste pas \u00e0 \u00e9viter la folie, mais \u00e0 savoir quand la laisser s\u2019exprimer.\u201d \u2013 Elbert Hubbard<\/p>\n<p>Dans la nouvelle version de son spectacle, William Pilet d\u00e9construit les normes, le conforme et la logique. Il nous invite dans son esprit, un v\u00e9ritable cabinet de curiosit\u00e9s, o\u00f9 le chaos devient source de rires, de surprises et de r\u00e9flexion.<\/p>\n<p>Exp\u00e9rience d\u00e9routante mais ma\u00eetris\u00e9e, son univers est un m\u00e9lange unique de po\u00e9sie, folie et humour absurde. \u00c0 mi-chemin entre dandy et philosophe, il promet un voyage intense et lib\u00e9rateur, loin du regard des autres.<\/p>\n<p>[Source : communiqu\u00e9 de presse]<\/p>\n<p><a href=\"https:\/\/www.clubartistikrezo.com\/\" target=\"_blank\" rel=\"noopener\"><b>\u00c9v\u00e9nement partenaire du Club Artistik Rezo<\/b><\/a><\/p>\n","protected":false},"excerpt":{"rendered":"D\u00e9couvert dans la \u201cFrance a incroyable talent\u201d, William Pilet arrive sur sc\u00e8ne du th\u00e9\u00e2tre Ga\u00eet\u00e9 Rive Gauche et&hellip;\n","protected":false},"author":2,"featured_media":644002,"comment_status":"","ping_status":"","sticky":false,"template":"","format":"standard","meta":{"footnotes":""},"categories":[1888],"tags":[1111,11,4763,1777,674,1011,27,708,12,626,25,3140],"class_list":{"0":"post-644001","1":"post","2":"type-post","3":"status-publish","4":"format-standard","5":"has-post-thumbnail","7":"category-paris","8":"tag-actu","9":"tag-actualites","10":"tag-agenda","11":"tag-eu","12":"tag-europe","13":"tag-fr","14":"tag-france","15":"tag-humour","16":"tag-news","17":"tag-paris","18":"tag-republique-francaise","19":"tag-spectacle"},"share_on_mastodon":{"url":"https:\/\/pubeurope.com\/@fr\/115846274357632485","error":""},"_links":{"self":[{"href":"https:\/\/www.europesays.com\/fr\/wp-json\/wp\/v2\/posts\/644001","targetHints":{"allow":["GET"]}}],"collection":[{"href":"https:\/\/www.europesays.com\/fr\/wp-json\/wp\/v2\/posts"}],"about":[{"href":"https:\/\/www.europesays.com\/fr\/wp-json\/wp\/v2\/types\/post"}],"author":[{"embeddable":true,"href":"https:\/\/www.europesays.com\/fr\/wp-json\/wp\/v2\/users\/2"}],"replies":[{"embeddable":true,"href":"https:\/\/www.europesays.com\/fr\/wp-json\/wp\/v2\/comments?post=644001"}],"version-history":[{"count":0,"href":"https:\/\/www.europesays.com\/fr\/wp-json\/wp\/v2\/posts\/644001\/revisions"}],"wp:featuredmedia":[{"embeddable":true,"href":"https:\/\/www.europesays.com\/fr\/wp-json\/wp\/v2\/media\/644002"}],"wp:attachment":[{"href":"https:\/\/www.europesays.com\/fr\/wp-json\/wp\/v2\/media?parent=644001"}],"wp:term":[{"taxonomy":"category","embeddable":true,"href":"https:\/\/www.europesays.com\/fr\/wp-json\/wp\/v2\/categories?post=644001"},{"taxonomy":"post_tag","embeddable":true,"href":"https:\/\/www.europesays.com\/fr\/wp-json\/wp\/v2\/tags?post=644001"}],"curies":[{"name":"wp","href":"https:\/\/api.w.org\/{rel}","templated":true}]}}