{"id":644007,"date":"2026-01-06T04:32:12","date_gmt":"2026-01-06T04:32:12","guid":{"rendered":"https:\/\/www.europesays.com\/fr\/644007\/"},"modified":"2026-01-06T04:32:12","modified_gmt":"2026-01-06T04:32:12","slug":"ukraine-reunion-de-la-coalition-des-volontaires-a-lelysee-en-presence-de-hauts-diplomates-americains-06-01-2026-a-0300","status":"publish","type":"post","link":"https:\/\/www.europesays.com\/fr\/644007\/","title":{"rendered":"Ukraine-R\u00e9union de la \u00ab\u00a0coalition des volontaires\u00a0\u00bb \u00e0 l&rsquo;Elys\u00e9e en pr\u00e9sence de hauts diplomates am\u00e9ricains &#8211; 06\/01\/2026 \u00e0 03:00"},"content":{"rendered":"<p>\n par John Irish\n<\/p>\n<p>\n Les repr\u00e9sentants d&rsquo;une<br \/>\ntrentaine de pays, le pr\u00e9sident ukrainien Volodimir Zelensky et<br \/>\nles diplomates am\u00e9ricains Steve Witkoff et Jared Kushner se<br \/>\nretrouvent ce mardi \u00e0 Paris pour une r\u00e9union de la \u00ab\u00a0coalition<br \/>\ndes volontaires\u00a0\u00bb centr\u00e9e sur la concr\u00e9tisation de \u00ab\u00a0garanties de<br \/>\ns\u00e9curit\u00e9\u00a0\u00bb pour l&rsquo;Ukraine.\n<\/p>\n<p>\n Objectif de ce rendez-vous organis\u00e9 autour du pr\u00e9sident<br \/>\nfran\u00e7ais Emmanuel Macron, selon un document distribu\u00e9 aux<br \/>\nparticipants et consult\u00e9 par Reuters : coordonner Europ\u00e9ens,<br \/>\nAm\u00e9ricains et Ukrainiens en mati\u00e8re de s\u00e9curit\u00e9 en cas de<br \/>\ncessez-le-feu ou d&rsquo;accord de paix avec la Russie, qui a envahi<br \/>\nson voisin il y a pr\u00e8s de quatre ans.\n<\/p>\n<p>\n \u00ab\u00a0Nous avons converg\u00e9 sur les modalit\u00e9s op\u00e9rationnelles des<br \/>\ngaranties de s\u00e9curit\u00e9. Nous dirons comment elles s&rsquo;articulent,<br \/>\nla n\u00e9cessit\u00e9 d&rsquo;engagement de long terme de chacun\u00a0\u00bb, r\u00e9sume<br \/>\nl&rsquo;Elys\u00e9e.\n<\/p>\n<p>\n En l&rsquo;absence du secr\u00e9taire d&rsquo;Etat am\u00e9ricain Marco Rubio,<br \/>\nretenu dans son pays par le dossier v\u00e9n\u00e9zu\u00e9lien, Donald Trump<br \/>\nsera repr\u00e9sent\u00e9 \u00e0 Paris par son envoy\u00e9 sp\u00e9cial, Steve Witkoff et<br \/>\nson beau-fils Steve Kushner. Le g\u00e9n\u00e9ral Alexus G. Grynkewich,<br \/>\ncommandant des forces alli\u00e9es en Europe \u00e0 l&rsquo;Otan, est aussi<br \/>\nannonc\u00e9.\n<\/p>\n<p>\n FORCE MULTINATIONALE\n<\/p>\n<p>\n Le chancelier allemand Friedrich Merz et le Premier ministre<br \/>\nbritannique Keir Starmer figurent au nombre des 27 chefs d&rsquo;Etat<br \/>\net de gouvernement attendus \u00e0 l&rsquo;Elys\u00e9e pour une apr\u00e8s-midi de<br \/>\npourparlers suivie d&rsquo;une conf\u00e9rence de presse.\n<\/p>\n<p>\n La \u00ab\u00a0coalition des volontaires\u00a0\u00bb, qui r\u00e9unit la plupart des<br \/>\npays europ\u00e9ens, le Canada, l&rsquo;Australie, la Nouvelle-Z\u00e9lande et<br \/>\nle Japon, doit s&rsquo;entendre sur la fa\u00e7on d&#8217;emp\u00eacher toute nouvelle<br \/>\nagression russe apr\u00e8s l&rsquo;arr\u00eat des combats avec son voisin, ce<br \/>\nqui signifie surveiller une ligne longue d&rsquo;environ 1.400 km.\n<\/p>\n<p>\n \u00ab\u00a0Am\u00e9ricains, Europ\u00e9ens et Ukrainiens doivent \u00eatre au clair<br \/>\nsur quoi faire si le cessez-le-feu est rompu\u00a0\u00bb, explique un<br \/>\nproche conseiller d&rsquo;Emmanuel Macron. \u00ab\u00a0Il faut \u00eatre capable de<br \/>\nqualifier nous-m\u00eames la gravit\u00e9 et de caract\u00e9riser les incidents<br \/>\nle long de la ligne de front avant de prendre des d\u00e9cisions.\u00a0\u00bb\n<\/p>\n<p>\n Parmi les autres questions examin\u00e9es figurent la<br \/>\ncontinuation du soutien aux forces arm\u00e9es ukrainiennes et le<br \/>\nd\u00e9ploiement d&rsquo;une force multinationale pour garantir la s\u00e9curit\u00e9<br \/>\ndu pays frontalier de l&rsquo;Union europ\u00e9enne, que Kyiv cherche<br \/>\nd&rsquo;ailleurs \u00e0 rejoindre.\n<\/p>\n<p>\n Si Paris salue la pr\u00e9sence des hauts diplomates am\u00e9ricains \u00e0<br \/>\nla r\u00e9union, la volatilit\u00e9 de Donald Trump, qui a chang\u00e9 de<br \/>\nposture \u00e0 plusieurs reprises dans ce dossier, reste un point<br \/>\nd&rsquo;interrogation, tout comme la bonne volont\u00e9 du pr\u00e9sident russe<br \/>\nVladimir Poutine \u00e0 aboutir \u00e0 un cessez-le-feu.\n<\/p>\n<p>\n Un haut responsable europ\u00e9en a dit \u00e0 Reuters esp\u00e9rer qu&rsquo;un<br \/>\nrenforcement des garanties de la coalition des volontaires<br \/>\naiderait \u00e0 consolider les engagements am\u00e9ricains esquiss\u00e9s lors<br \/>\nde discussions bilat\u00e9rales entre Washington et Kyiv.\n<\/p>\n<p>\n Dans une allocution dimanche soir, Volodimir Zelensky a \u00e9mis<br \/>\nle souhait que le sommet de l&rsquo;Elys\u00e9e soit utile.\n<\/p>\n<p>\n \u00ab\u00a0L&rsquo;Ukraine se pr\u00e9pare \u00e0 deux sc\u00e9narios : la voie<br \/>\ndiplomatique, que nous privil\u00e9gions, ou une d\u00e9fense plus active<br \/>\nsi la pression exerc\u00e9e par nos partenaires sur la Russie s&rsquo;av\u00e8re<br \/>\ninsuffisante. L&rsquo;Ukraine aspire \u00e0 la paix\u00a0\u00bb, a dit le pr\u00e9sident<br \/>\nukrainien, qui d\u00e9jeunera mardi avec Emmanuel Macron.\n<\/p>\n<p>\n Dans le prolongement de la rencontre de l&rsquo;Elys\u00e9e, Emmanuel<br \/>\nMacron r\u00e9unira jeudi les pr\u00e9sidents des deux Assembl\u00e9es, les<br \/>\npr\u00e9sidents de partis repr\u00e9sent\u00e9s au Parlement, les pr\u00e9sidents de<br \/>\ngroupes parlementaires \u00e0 l\u2019Assembl\u00e9e nationale et au S\u00e9nat, les<br \/>\npr\u00e9sidents de la commission d\u00e9fense et affaires \u00e9trang\u00e8res de<br \/>\nl\u2019Assembl\u00e9e nationale et du S\u00e9nat pour discuter de \u00ab\u00a0la question<br \/>\nde l\u2019Ukraine et des garanties de s\u00e9curit\u00e9 associ\u00e9es\u00a0\u00bb, ont fait<br \/>\nsavoir les services du chef de l&rsquo;Etat.\n<\/p>\n<p>\n (Reportage John Irish, avec Elizabeth Pineau, \u00e9dit\u00e9 par Kate<br \/>\nEntringer)<\/p>\n","protected":false},"excerpt":{"rendered":"par John Irish Les repr\u00e9sentants d&rsquo;une trentaine de pays, le pr\u00e9sident ukrainien Volodimir Zelensky et les diplomates am\u00e9ricains&hellip;\n","protected":false},"author":2,"featured_media":2486,"comment_status":"","ping_status":"","sticky":false,"template":"","format":"standard","meta":{"footnotes":""},"categories":[1590],"tags":[400,11,398,408,405,1777,674,403,402,399,404,12,401,406,220,407],"class_list":{"0":"post-644007","1":"post","2":"type-post","3":"status-publish","4":"format-standard","5":"has-post-thumbnail","7":"category-ukraine","8":"tag-action-cac-40","9":"tag-actualites","10":"tag-bourse-de-paris","11":"tag-boursorama","12":"tag-cotations","13":"tag-eu","14":"tag-europe","15":"tag-indices-devises","16":"tag-investir","17":"tag-investissement","18":"tag-marche-boursier","19":"tag-news","20":"tag-sicav","21":"tag-trackers","22":"tag-ukraine","23":"tag-warrants"},"share_on_mastodon":{"url":"https:\/\/pubeurope.com\/@fr\/115846286088567425","error":""},"_links":{"self":[{"href":"https:\/\/www.europesays.com\/fr\/wp-json\/wp\/v2\/posts\/644007","targetHints":{"allow":["GET"]}}],"collection":[{"href":"https:\/\/www.europesays.com\/fr\/wp-json\/wp\/v2\/posts"}],"about":[{"href":"https:\/\/www.europesays.com\/fr\/wp-json\/wp\/v2\/types\/post"}],"author":[{"embeddable":true,"href":"https:\/\/www.europesays.com\/fr\/wp-json\/wp\/v2\/users\/2"}],"replies":[{"embeddable":true,"href":"https:\/\/www.europesays.com\/fr\/wp-json\/wp\/v2\/comments?post=644007"}],"version-history":[{"count":0,"href":"https:\/\/www.europesays.com\/fr\/wp-json\/wp\/v2\/posts\/644007\/revisions"}],"wp:featuredmedia":[{"embeddable":true,"href":"https:\/\/www.europesays.com\/fr\/wp-json\/wp\/v2\/media\/2486"}],"wp:attachment":[{"href":"https:\/\/www.europesays.com\/fr\/wp-json\/wp\/v2\/media?parent=644007"}],"wp:term":[{"taxonomy":"category","embeddable":true,"href":"https:\/\/www.europesays.com\/fr\/wp-json\/wp\/v2\/categories?post=644007"},{"taxonomy":"post_tag","embeddable":true,"href":"https:\/\/www.europesays.com\/fr\/wp-json\/wp\/v2\/tags?post=644007"}],"curies":[{"name":"wp","href":"https:\/\/api.w.org\/{rel}","templated":true}]}}