{"id":644008,"date":"2026-01-06T04:33:13","date_gmt":"2026-01-06T04:33:13","guid":{"rendered":"https:\/\/www.europesays.com\/fr\/644008\/"},"modified":"2026-01-06T04:33:13","modified_gmt":"2026-01-06T04:33:13","slug":"le-groenland-prochaine-cible-de-donald-trump","status":"publish","type":"post","link":"https:\/\/www.europesays.com\/fr\/644008\/","title":{"rendered":"le Groenland, prochaine cible de Donald Trump ?"},"content":{"rendered":"<p>      lire plus tard<\/p>\n<p id=\"dialog__title\" class=\"dialog__title\">Pour sauvegarder cet article, connectez-vous ou cr\u00e9ez un compte franceinfo<\/p>\n<p class=\"dialog__description\">Sans paiement. Sans abonnement.<\/p>\n<p>        Fermer la fen\u00eatre d\u2019activation des notifications France Info<\/p>\n<p>      cr\u00e9er votre compte<\/p>\n<p>      se connecter<\/p>\n<p>      :<\/p>\n<p>        Fermer la fen\u00eatre de pr\u00e9sentation<\/p>\n<p>    Publi\u00e9 le 05\/01\/2026 22:24<\/p>\n<p>        Temps de lecture : 2min &#8211; vid\u00e9o : 2min<\/p>\n<p>    <img decoding=\"async\" class=\"francetv-player-wrapper__image\" alt=\"\"  width=\"432\" height=\"243\" src=\"https:\/\/www.europesays.com\/fr\/wp-content\/uploads\/2026\/01\/groenland-695c2bd951af3663321592.jpg\" fetchpriority=\"high\"\/><\/p>\n<p>      2min<\/p>\n<p>\n  Alors que les envies du pr\u00e9sident am\u00e9ricain d&rsquo;annexer le Groenland refont surface, le Premier ministre Jens Frederik Nielsen a r\u00e9clam\u00e9 que les insinuations et autres pressions cessent. Mais Donald Trump ne semble pas pr\u00eat \u00e0 abandonner.\n<\/p>\n<p><strong>Ce texte correspond \u00e0 une partie de la retranscription du reportage ci-dessus. Cliquez sur la vid\u00e9o pour la regarder dans son int\u00e9gralit\u00e9.<\/strong><\/p>\n<p>Des paysages \u00e0 couper le souffle. Sur l&rsquo;\u00eele trois fois plus grande que la France, le Groenland, qui appartient au Danemark depuis 1721, ne compte que 57 000 habitants. Il est recouvert majoritairement de glace. Pourtant, Donald Trump n&rsquo;en d\u00e9mord pas. Il veut le conqu\u00e9rir, et vite. \u00ab\u00a0Nous avons besoin du Groenland du point de vue de la s\u00e9curit\u00e9 nationale. Et le Danemark ne sera pas en mesure de s&rsquo;en occuper, je peux vous le dire. On s&rsquo;occupera du Groenland dans deux mois\u00a0\u00bb, a-t-il d\u00e9clar\u00e9.<\/p>\n<p><a href=\"https:\/\/www.franceinfo.fr\/monde\/groenland\/ca-suffit-maintenant-le-premier-ministre-du-groenland-repond-aux-menaces-repetees-de-donald-trump_7721611.html\" target=\"_self\" rel=\"noopener noreferrer nofollow\" data-tooltip-url=\"https:\/\/www.franceinfo.fr\/monde\/groenland\/ca-suffit-maintenant-le-premier-ministre-du-groenland-repond-aux-menaces-repetees-de-donald-trump_7721611.html\">Une provocation de trop pour Jens Frederik Nielsen<\/a>, Premier ministre du Groenland, qui lui r\u00e9pond sur les r\u00e9seaux sociaux : \u00ab\u00a0\u00c7a suffit maintenant. Plus de pression, plus d&rsquo;insinuations, plus de fantasmes d&rsquo;annexion\u00a0\u00bb. Une fin de non-recevoir partag\u00e9e par la plupart des habitants de Nuuk, la capitale. \u00ab\u00a0C&rsquo;est irrespectueux, surtout que la population a d\u00e9j\u00e0 dit plusieurs fois que nous ne le voulions pas. 99 % des Groenlandais veulent rester dans le royaume danois\u00a0\u00bb, affirme un homme.<\/p>\n<p>Donald Trump justifie ses ambitions par les menaces russes et chinoises dans l&rsquo;oc\u00e9an Arctique, mais les \u00c9tats-Unis disposent d\u00e9j\u00e0 d&rsquo;une base militaire au Groenland et appartiennent, comme le Danemark, \u00e0 l&rsquo;OTAN. Pour nombre d&rsquo;experts, l&rsquo;enjeu est donc ailleurs : celui des terres rares et des m\u00e9taux tr\u00e8s strat\u00e9giques encore peu exploit\u00e9s l\u00e0-bas. \u00ab\u00a0Le gouvernement am\u00e9ricain estime que sur les 50 mat\u00e9riaux les plus critiques pour l&rsquo;\u00e9conomie am\u00e9ricaine, notamment pour l&rsquo;industrie de la tech, de l&rsquo;intelligence artificielle, de l&rsquo;\u00e9nergie ou de la d\u00e9fense, 44 de ces 50 m\u00e9taux les plus critiques seraient pr\u00e9sents en nombre, commercialement exploitables et, \u00e9videmment, particuli\u00e8rement strat\u00e9giques pour l&rsquo;\u00e9conomie am\u00e9ricaine au Groenland\u00a0\u00bb, explique Mikaa Blugeon-Mered, g\u00e9opolitologue sp\u00e9cialiste du Groenland \u00e0 l&rsquo;Universit\u00e9 du Qu\u00e9bec.<\/p>\n<p>Le Groenland et le Royaume du Danemark ont re\u00e7u aujourd&rsquo;hui le soutien officiel de plusieurs \u00c9tats europ\u00e9ens dont la France, qui redit son attachement \u00e0 la souverainet\u00e9 des \u00c9tats.<\/p>\n","protected":false},"excerpt":{"rendered":"lire plus tard Pour sauvegarder cet article, connectez-vous ou cr\u00e9ez un compte franceinfo Sans paiement. Sans abonnement. Fermer&hellip;\n","protected":false},"author":2,"featured_media":644009,"comment_status":"","ping_status":"","sticky":false,"template":"","format":"standard","meta":{"footnotes":""},"categories":[1589],"tags":[11,73,1866,12,1864,1865,1863,308],"class_list":{"0":"post-644008","1":"post","2":"type-post","3":"status-publish","4":"format-standard","5":"has-post-thumbnail","7":"category-etats-unis","8":"tag-actualites","9":"tag-etats-unis","10":"tag-etats-unis-damerique","11":"tag-news","12":"tag-united-states","13":"tag-united-states-of-america","14":"tag-us","15":"tag-usa"},"share_on_mastodon":{"url":"https:\/\/pubeurope.com\/@fr\/115846290065002127","error":""},"_links":{"self":[{"href":"https:\/\/www.europesays.com\/fr\/wp-json\/wp\/v2\/posts\/644008","targetHints":{"allow":["GET"]}}],"collection":[{"href":"https:\/\/www.europesays.com\/fr\/wp-json\/wp\/v2\/posts"}],"about":[{"href":"https:\/\/www.europesays.com\/fr\/wp-json\/wp\/v2\/types\/post"}],"author":[{"embeddable":true,"href":"https:\/\/www.europesays.com\/fr\/wp-json\/wp\/v2\/users\/2"}],"replies":[{"embeddable":true,"href":"https:\/\/www.europesays.com\/fr\/wp-json\/wp\/v2\/comments?post=644008"}],"version-history":[{"count":0,"href":"https:\/\/www.europesays.com\/fr\/wp-json\/wp\/v2\/posts\/644008\/revisions"}],"wp:featuredmedia":[{"embeddable":true,"href":"https:\/\/www.europesays.com\/fr\/wp-json\/wp\/v2\/media\/644009"}],"wp:attachment":[{"href":"https:\/\/www.europesays.com\/fr\/wp-json\/wp\/v2\/media?parent=644008"}],"wp:term":[{"taxonomy":"category","embeddable":true,"href":"https:\/\/www.europesays.com\/fr\/wp-json\/wp\/v2\/categories?post=644008"},{"taxonomy":"post_tag","embeddable":true,"href":"https:\/\/www.europesays.com\/fr\/wp-json\/wp\/v2\/tags?post=644008"}],"curies":[{"name":"wp","href":"https:\/\/api.w.org\/{rel}","templated":true}]}}