{"id":644023,"date":"2026-01-06T04:44:10","date_gmt":"2026-01-06T04:44:10","guid":{"rendered":"https:\/\/www.europesays.com\/fr\/644023\/"},"modified":"2026-01-06T04:44:10","modified_gmt":"2026-01-06T04:44:10","slug":"clermont-annonce-larrivee-du-centre-neo-zelandais-aj-lam-la-saison-prochaine-lequipe","status":"publish","type":"post","link":"https:\/\/www.europesays.com\/fr\/644023\/","title":{"rendered":"Clermont annonce l&#039;arriv\u00e9e du centre n\u00e9o-z\u00e9landais AJ Lam la saison prochaine &#8211; L&#039;\u00c9quipe"},"content":{"rendered":"<ol>\n<li><a href=\"https:\/\/news.google.com\/rss\/articles\/CBMiwwFBVV95cUxNWTdrb0lGUkVsTjgzb0p5TzdxT3I2enliN0xzQmJtazdJTEpTY1J0cXJrUjdMYlp2V21tcS1sUW1tbGp4T3FERk5BeEJfRjFjRU40dWQwX0MxV2pVS19aejJ5d3ZzcWg1SXdnMnJSSWNPa0lsLWlFU0ptbEJoRlE0S2wtSUVFNUpDcUM0dDNJeDhwcktuRE9KMzdfcUYwWGJBcFpBakhTVzEtZGFCaWVZMmVlbGp6OExQdzhQd3NfMEQzY00?oc=5\" target=\"_blank\" rel=\"noopener\">Clermont annonce l&rsquo;arriv\u00e9e du centre n\u00e9o-z\u00e9landais AJ Lam la saison prochaine<\/a>&nbsp;&nbsp;L&rsquo;\u00c9quipe<\/li>\n<li><a href=\"https:\/\/news.google.com\/rss\/articles\/CBMieEFVX3lxTFB1bGF0Rk55Z3NrdnBza0tmUlRudlEyc2dQV2NPT1hUYUt6ZjZNckhZdEhsZWVKSjM1NWdNLTc0TFdHQjI0ZTg3XzlkNmdaZEY3UHdTQXkwTnlQTFViczBwOU9ENFhSMzM4SEU3V29ic0FDUVFHcXlBTQ?oc=5\" target=\"_blank\" rel=\"noopener\">Un autre Lam en France<\/a>&nbsp;&nbsp;Sports.fr<\/li>\n<li><a href=\"https:\/\/news.google.com\/rss\/articles\/CBMi8gFBVV95cUxNd01fMC1Ca1hmemlpWHVFbWktWGN4aEQydXJSTEltb0VHc3E3ak9BMTFGTzdUa3kwNjBkLUFGTzJzenJSUnlzTVRQQll3cGRJUzJkYzRZa1ZNRzVFZi1qa0VNSmQwX0tsM3QwTFZpbE5WcXpJcnZ3X01xMGJibEZGTVZJSkw0bnZmei16ZE44NE5JTDloYW0xZ1N2TjhOdmU3UGZCRjhBQ3BLUVlKSW1jTDJmcE4ybmItVXFZU2lUWVdLVHFCOWE2dXFCOUg1eWY5VDFIaWRCTkZpOHpIUXVucFNZV0FWaTJLbG5TazNOR2ZSZw?oc=5\" target=\"_blank\" rel=\"noopener\">Clermont tient sa premi\u00e8re recrue officielle pour la saison prochaine<\/a>&nbsp;&nbsp;Rugbyrama<\/li>\n<li><a href=\"https:\/\/news.google.com\/rss\/articles\/CBMi2wFBVV95cUxPUVBEUkxNZzF2T2tMQVZoUzRvc2VXRW0teGFfTHFtVjlkTUdzZ2tPREZIZkN2RUQ5RC1oUDRLX2oxNnhuaDhYeUJDYzgtT0NINjFuZzBsRGx2NFROTjBmbGoxeUxrbnRMQVNuSlVYUVZReXdvRDFkRGNpcGtGUFd6SFdKM3BqajIyaUpNMXo1QWZPWDFGeUFjSGFqbzFMamJia21Oa1VUN2Q1RkVVaW10OEJLMzh2dDc1SjRKdVhqNE5xczFUMTVQa1R2N2ZBUDlSSk5tQ2FpcDZpTlU?oc=5\" target=\"_blank\" rel=\"noopener\">Pourquoi l&rsquo;arriv\u00e9e d&rsquo;AJ Lam \u00e0 l&rsquo;ASM Clermont est une bonne nouvelle<\/a>&nbsp;&nbsp;La Montagne<\/li>\n<li><a href=\"https:\/\/news.google.com\/rss\/articles\/CBMipAFBVV95cUxNVFVqNjg5RHRhY3l6V0VxX3pudzRXWlVwQk43VER1RTNBU3RjY0NrTW5Ybjh4MnF4c3pPQ0k4OUZXR0U5U2hkMi1RNS1rdC0waUhPY3dSQTNJVHNNZTVFZVZWMk9Rdnd0Zmk0Q3huZGthRkthZkVBbUJwMkwxdzkwNkRGdmxsYTYzRGtmaWJRX2oxNkZIQ1BIaGxKQmdJLW9PN3VxWQ?oc=5\" target=\"_blank\" rel=\"noopener\">AJ Lam s\u2019engage pour les 3 prochaines saisons<\/a>&nbsp;&nbsp;asm-rugby.com<\/li>\n<\/ol>\n","protected":false},"excerpt":{"rendered":"Clermont annonce l&rsquo;arriv\u00e9e du centre n\u00e9o-z\u00e9landais AJ Lam la saison prochaine&nbsp;&nbsp;L&rsquo;\u00c9quipe Un autre Lam en France&nbsp;&nbsp;Sports.fr Clermont tient&hellip;\n","protected":false},"author":2,"featured_media":644024,"comment_status":"","ping_status":"","sticky":false,"template":"","format":"standard","meta":{"footnotes":""},"categories":[1416],"tags":[1011,27,479,1468,60],"class_list":{"0":"post-644023","1":"post","2":"type-post","3":"status-publish","4":"format-standard","5":"has-post-thumbnail","7":"category-rugby","8":"tag-fr","9":"tag-france","10":"tag-rugby","11":"tag-rugby-football","12":"tag-sports"},"share_on_mastodon":{"url":"https:\/\/pubeurope.com\/@fr\/115846333305906047","error":""},"_links":{"self":[{"href":"https:\/\/www.europesays.com\/fr\/wp-json\/wp\/v2\/posts\/644023","targetHints":{"allow":["GET"]}}],"collection":[{"href":"https:\/\/www.europesays.com\/fr\/wp-json\/wp\/v2\/posts"}],"about":[{"href":"https:\/\/www.europesays.com\/fr\/wp-json\/wp\/v2\/types\/post"}],"author":[{"embeddable":true,"href":"https:\/\/www.europesays.com\/fr\/wp-json\/wp\/v2\/users\/2"}],"replies":[{"embeddable":true,"href":"https:\/\/www.europesays.com\/fr\/wp-json\/wp\/v2\/comments?post=644023"}],"version-history":[{"count":0,"href":"https:\/\/www.europesays.com\/fr\/wp-json\/wp\/v2\/posts\/644023\/revisions"}],"wp:featuredmedia":[{"embeddable":true,"href":"https:\/\/www.europesays.com\/fr\/wp-json\/wp\/v2\/media\/644024"}],"wp:attachment":[{"href":"https:\/\/www.europesays.com\/fr\/wp-json\/wp\/v2\/media?parent=644023"}],"wp:term":[{"taxonomy":"category","embeddable":true,"href":"https:\/\/www.europesays.com\/fr\/wp-json\/wp\/v2\/categories?post=644023"},{"taxonomy":"post_tag","embeddable":true,"href":"https:\/\/www.europesays.com\/fr\/wp-json\/wp\/v2\/tags?post=644023"}],"curies":[{"name":"wp","href":"https:\/\/api.w.org\/{rel}","templated":true}]}}