{"id":644027,"date":"2026-01-06T04:49:15","date_gmt":"2026-01-06T04:49:15","guid":{"rendered":"https:\/\/www.europesays.com\/fr\/644027\/"},"modified":"2026-01-06T04:49:15","modified_gmt":"2026-01-06T04:49:15","slug":"deja-pret-a-laver-laffront-sur-milan-san-remo-tadej-pogacar-apercu-en-pleine-ascension-du-poggio","status":"publish","type":"post","link":"https:\/\/www.europesays.com\/fr\/644027\/","title":{"rendered":"D\u00e9j\u00e0 pr\u00eat \u00e0 laver l&rsquo;affront sur Milan \u2013 San Remo\u00a0: Tadej Pogacar aper\u00e7u en pleine ascension du Poggio"},"content":{"rendered":"<p class=\"ap-StoryElement ap-StoryElement--mb ap-StoryText\">Tadej Pogacar est pr\u00eat \u00e0 prendre sa revanche sur Mathieu van der Poel. Lors de l&rsquo;\u00e9dition 2025, le N\u00e9erlandais \u00e9tait venu \u00e0 bout du Slov\u00e8ne (et de l&rsquo;Italien Filippo Ganna) au terme d&rsquo;un combat de titans. D\u00e9j\u00e0 certain de s&rsquo;aligner sur la prochaine Primavera, les deux ogres du circuit devront \u00e0 nouveau se croiser le fer dans le nord de l&rsquo;Italie.<\/p>\n<p class=\"ap-StoryElement ap-StoryElement--mb ap-StoryText\">Mais le Slov\u00e8ne a faim. Avide de revanche, il a \u00e9t\u00e9 aper\u00e7u ce dimanche dans l&rsquo;ascension du Poggio, l&rsquo;ascension cl\u00e9 de Milan \u2013 San Remo.<\/p>\n","protected":false},"excerpt":{"rendered":"Tadej Pogacar est pr\u00eat \u00e0 prendre sa revanche sur Mathieu van der Poel. Lors de l&rsquo;\u00e9dition 2025, le&hellip;\n","protected":false},"author":2,"featured_media":644028,"comment_status":"","ping_status":"","sticky":false,"template":"","format":"standard","meta":{"footnotes":""},"categories":[1411],"tags":[5682,1154,207,1011,27,1656,60,1138],"class_list":{"0":"post-644027","1":"post","2":"type-post","3":"status-publish","4":"format-standard","5":"has-post-thumbnail","7":"category-cyclisme","8":"tag-classiques-flandriennes","9":"tag-cycling","10":"tag-cyclisme","11":"tag-fr","12":"tag-france","13":"tag-paris-roubaix","14":"tag-sports","15":"tag-tadej-pogacar"},"share_on_mastodon":{"url":"https:\/\/pubeurope.com\/@fr\/115846352945963058","error":""},"_links":{"self":[{"href":"https:\/\/www.europesays.com\/fr\/wp-json\/wp\/v2\/posts\/644027","targetHints":{"allow":["GET"]}}],"collection":[{"href":"https:\/\/www.europesays.com\/fr\/wp-json\/wp\/v2\/posts"}],"about":[{"href":"https:\/\/www.europesays.com\/fr\/wp-json\/wp\/v2\/types\/post"}],"author":[{"embeddable":true,"href":"https:\/\/www.europesays.com\/fr\/wp-json\/wp\/v2\/users\/2"}],"replies":[{"embeddable":true,"href":"https:\/\/www.europesays.com\/fr\/wp-json\/wp\/v2\/comments?post=644027"}],"version-history":[{"count":0,"href":"https:\/\/www.europesays.com\/fr\/wp-json\/wp\/v2\/posts\/644027\/revisions"}],"wp:featuredmedia":[{"embeddable":true,"href":"https:\/\/www.europesays.com\/fr\/wp-json\/wp\/v2\/media\/644028"}],"wp:attachment":[{"href":"https:\/\/www.europesays.com\/fr\/wp-json\/wp\/v2\/media?parent=644027"}],"wp:term":[{"taxonomy":"category","embeddable":true,"href":"https:\/\/www.europesays.com\/fr\/wp-json\/wp\/v2\/categories?post=644027"},{"taxonomy":"post_tag","embeddable":true,"href":"https:\/\/www.europesays.com\/fr\/wp-json\/wp\/v2\/tags?post=644027"}],"curies":[{"name":"wp","href":"https:\/\/api.w.org\/{rel}","templated":true}]}}