{"id":644031,"date":"2026-01-06T04:51:12","date_gmt":"2026-01-06T04:51:12","guid":{"rendered":"https:\/\/www.europesays.com\/fr\/644031\/"},"modified":"2026-01-06T04:51:12","modified_gmt":"2026-01-06T04:51:12","slug":"diana-blois-familles-nombreuses-bientot-grand-mere-pour-la-premiere-fois-sa-fille-anais-est-enceinte-video","status":"publish","type":"post","link":"https:\/\/www.europesays.com\/fr\/644031\/","title":{"rendered":"Diana Blois (Familles nombreuses) bient\u00f4t grand-m\u00e8re pour la premi\u00e8re fois : Sa fille Ana\u00efs est enceinte ! (VIDEO)"},"content":{"rendered":"<p>Ce jeudi 5 janvier, Ana\u00efs Blois, r\u00e9v\u00e9l\u00e9e dans l&rsquo;\u00e9mission Familles nombreuses : la vie en XXL avec ses huit fr\u00e8res et s\u0153urs, a annonc\u00e9 sa grossesse sur les r\u00e9seaux sociaux. Un grand moment d&rsquo;\u00e9motions pour Diana Blois qui, \u00e0 47 ans, va devenir grand-m\u00e8re.<\/p>\n<p>2026 commence toute en douceur du c\u00f4t\u00e9 de Montpellier. Visage bien connu des t\u00e9l\u00e9spectateurs de TF1 depuis ses premiers pas dans Familles nombreuses : la vie en XXL, Diana Blois est toujours fid\u00e8le \u00e0 l&rsquo;\u00e9mission qui a chang\u00e9 son quotidien. Et quand elle n&rsquo;appara\u00eet pas sur le petit \u00e9cran avec son mari, sa belle-fille, ses deux fils, et ses cinq filles enfants, l&rsquo;influenceuse de 47 ans continue de partager des moments de ses journ\u00e9es et soir\u00e9es avec ses 227 000 abonn\u00e9s sur Instagram. Au programme ? \u00ab\u00a0Un peu de fiestas, un peu de <a href=\"https:\/\/www.programme-tv.net\/news\/tele-realite\/379687-on-partage-avec-vous-ce-grand-jour-diana-et-gerome-blois-familles-nombreuses-devoilent-lavancee-de-leurs-travaux\/\" data-api-deeplink=\"teleloisirs:\/\/news\/379687\" target=\"_blank\" rel=\"noopener\">travaux<\/a>, un peu vacances, un peu de <a href=\"https:\/\/www.programme-tv.net\/news\/tele-realite\/377229-diana-blois-familles-nombreuses-degoutee-ce-souci-de-sante-mega-relou-qui-gache-son-voyage-de-reve\/\" data-api-deeplink=\"teleloisirs:\/\/news\/377229\" target=\"_blank\" rel=\"noopener\">voyages<\/a>, beaucoup d\u2019amour\u00a0\u00bb, rel\u00e8ve la quadrag\u00e9naire qui a pass\u00e9 les f\u00eates entour\u00e9e de tous ses enfants, les petits comme <a href=\"https:\/\/www.programme-tv.net\/news\/tv\/292647-exclu-diana-blois-familles-nombreuses-la-vie-en-xxl-donnent-des-nouvelles-danais-clara-et-matheo-ses-trois-grands-enfants-qui-ont-quitte-la-maison\/\" data-api-deeplink=\"teleloisirs:\/\/news\/292647\" target=\"_blank\" rel=\"noopener\">les grands<\/a>. Parmi eux, Ana\u00efs s&rsquo;appr\u00eate \u00e0 franchir un grand cap avec son compagnon de longue date, Hugo.<\/p>\n<p>\u00c0 26 ans, <a href=\"https:\/\/www.programme-tv.net\/news\/tele-realite\/303064-anais-blois-familles-nombreuses-bientot-mariee-a-hugo-les-confidences-de-la-fille-de-diana-blois\/\" data-api-deeplink=\"teleloisirs:\/\/news\/303064\" target=\"_blank\" rel=\"noopener\">Ana\u00efs Blois<\/a> est enceinte de son premier enfant ! La bonne nouvelle a \u00e9t\u00e9 d\u00e9voil\u00e9e ce lundi 5 janvier sur une vid\u00e9o visible sur le compte Instagram de la jeune femme. On la voit marchant main dans la main avec son petit ami le long d&rsquo;une plage. Puis, elle le recouvre d&rsquo;une casquette affichant le mot \u00ab\u00a0Dad\u00a0\u00bb, quand il d\u00e9pose, \u00e0 son tour, une casquette avec le mot \u00ab\u00a0Mom\u00a0\u00bb sur la t\u00eate de la future maman qui finit par d\u00e9voiler son ventre d\u00e9j\u00e0 bien arrondi. \u00ab\u00a0<b>Une nouvelle page s&rsquo;\u00e9crit<\/b>\u00ab\u00a0, \u00e9crit-elle en l\u00e9gende pour annoncer l&rsquo;heureux \u00e9v\u00e9nement qui rend \u00e9videmment fou de joie tout son entourage \u00e0 commencer par sa m\u00e8re. Diana Blois commente : \u00ab\u00a0<b>Je vais \u00eatre mamie moi\u2026 cette ann\u00e9e 2026 va \u00eatre exceptionnelle<\/b>\u00ab\u00a0. De son c\u00f4t\u00e9, <a href=\"https:\/\/www.programme-tv.net\/news\/tele-realite\/379687-on-partage-avec-vous-ce-grand-jour-diana-et-gerome-blois-familles-nombreuses-devoilent-lavancee-de-leurs-travaux\/\" data-api-deeplink=\"teleloisirs:\/\/news\/379687\" target=\"_blank\" rel=\"noopener\">G\u00e9rome<\/a>, surnomm\u00e9 \u00ab\u00a0Daddy flex\u00a0\u00bb sur le r\u00e9seau social, note avec des emojis faisant part de son \u00e9motion : \u00ab\u00a0Papy Flex\u00a0\u00bb. Il faut dire que cette grossesse est la premi\u00e8re pour le couple et pour <a href=\"https:\/\/www.programme-tv.net\/news\/tele-realite\/377198-loin-de-leurs-enfants-gerome-et-diana-blois-familles-nombreuses-devoilent-enfin-leur-destination-mystere\/\" data-api-deeplink=\"teleloisirs:\/\/news\/377198\" target=\"_blank\" rel=\"noopener\">ces jeunes grands-parents<\/a>. Des centaines de personnes ont donc tenu \u00e0 f\u00e9liciter<a href=\"https:\/\/www.programme-tv.net\/news\/tele-realite\/389525-star-academy-2025-anais-la-fille-de-diana-blois-familles-nombreuses-a-t-elle-ete-prise-au-casting-on-a-la-reponse\/\" data-api-deeplink=\"teleloisirs:\/\/news\/389525\" target=\"_blank\" rel=\"noopener\"> la cr\u00e9atrice de contenus qui avait candidat\u00e9 \u00e0 la Star Academy <\/a>et l&rsquo;homme qui partage sa vie.<\/p>\n<p>            Ana\u00efs Blois (Familles nombreuses) enceinte de son premier enfant : La fille de Diana Blois re\u00e7oit le soutien d&rsquo;une autre enfant r\u00e9v\u00e9l\u00e9 dans l&rsquo;\u00e9mission<\/p>\n<p>Certaines personnalit\u00e9s figurant dans le docu-r\u00e9alit\u00e9 phare de TF1 ont envoy\u00e9 un message \u00e0 Ana\u00efs Blois \u00e0 la suite de cette publication comme <a href=\"https:\/\/www.programme-tv.net\/news\/tele-realite\/359870-apres-des-heures-de-souffrance-chloe-gayat-familles-nombreuses-a-accouche-de-son-premier-enfant-photos\/\" data-api-deeplink=\"teleloisirs:\/\/news\/359870\" target=\"_blank\" rel=\"noopener\">Chlo\u00e9 Gayat, elle-m\u00eame devenue maman pour la premi\u00e8re fois il y a un an<\/a>. \u00ab\u00a0Oooh f\u00e9licitations \u00e0 vous ! \ud83d\ude0d le plus gros bonheur de ta vie t\u2019attend, gros bisous\u00a0\u00bb, indique la fille de <a href=\"https:\/\/www.programme-tv.net\/news\/tele-realite\/379303-je-ne-pense-pas-quon-serait-ensemble-soukdavone-et-olivier-gayat-familles-nombreuses-explique-comment-leurs-9-enfants-ont-sauve-leur-couple\/\" data-api-deeplink=\"teleloisirs:\/\/news\/379303\" target=\"_blank\" rel=\"noopener\">Soukdavone et Olivier<\/a>.<\/p>\n<blockquote class=\"instagram-media\" data-instgrm-captioned=\"\" data-instgrm-permalink=\"https:\/\/www.instagram.com\/reel\/DTIy8FtjJX2\/?utm_source=ig_embed&amp;utm_campaign=loading\" data-instgrm-version=\"14\" style=\" background:#FFF; border:0; border-radius:3px; box-shadow:0 0 1px 0 rgba(0,0,0,0.5),0 1px 10px 0 rgba(0,0,0,0.15); margin: 1px; max-width:658px; min-width:326px; padding:0; width:99.375%; width:-webkit-calc(100% - 2px); width:calc(100% - 2px);\"\/>\n<p>        <script async src=\"\/\/www.instagram.com\/embed.js\"><\/script><\/p>\n","protected":false},"excerpt":{"rendered":"Ce jeudi 5 janvier, Ana\u00efs Blois, r\u00e9v\u00e9l\u00e9e dans l&rsquo;\u00e9mission Familles nombreuses : la vie en XXL avec ses&hellip;\n","protected":false},"author":2,"featured_media":644032,"comment_status":"","ping_status":"","sticky":false,"template":"","format":"standard","meta":{"footnotes":""},"categories":[1359],"tags":[244,33612,75053,58,59,33613,4980,1011,27,973,75052,133,1630],"class_list":{"0":"post-644031","1":"post","2":"type-post","3":"status-publish","4":"format-standard","5":"has-post-thumbnail","7":"category-people","8":"tag-commentaire","9":"tag-diana-blois","10":"tag-diana-blois-familles-nombreuses","11":"tag-divertissement","12":"tag-entertainment","13":"tag-famille-blois","14":"tag-familles-nombreuses-la-vie-en-xxl","15":"tag-fr","16":"tag-france","17":"tag-people","18":"tag-u00e7a-commence-aujourdhui","19":"tag-video","20":"tag-zapping"},"share_on_mastodon":{"url":"https:\/\/pubeurope.com\/@fr\/115846360817439946","error":""},"_links":{"self":[{"href":"https:\/\/www.europesays.com\/fr\/wp-json\/wp\/v2\/posts\/644031","targetHints":{"allow":["GET"]}}],"collection":[{"href":"https:\/\/www.europesays.com\/fr\/wp-json\/wp\/v2\/posts"}],"about":[{"href":"https:\/\/www.europesays.com\/fr\/wp-json\/wp\/v2\/types\/post"}],"author":[{"embeddable":true,"href":"https:\/\/www.europesays.com\/fr\/wp-json\/wp\/v2\/users\/2"}],"replies":[{"embeddable":true,"href":"https:\/\/www.europesays.com\/fr\/wp-json\/wp\/v2\/comments?post=644031"}],"version-history":[{"count":0,"href":"https:\/\/www.europesays.com\/fr\/wp-json\/wp\/v2\/posts\/644031\/revisions"}],"wp:featuredmedia":[{"embeddable":true,"href":"https:\/\/www.europesays.com\/fr\/wp-json\/wp\/v2\/media\/644032"}],"wp:attachment":[{"href":"https:\/\/www.europesays.com\/fr\/wp-json\/wp\/v2\/media?parent=644031"}],"wp:term":[{"taxonomy":"category","embeddable":true,"href":"https:\/\/www.europesays.com\/fr\/wp-json\/wp\/v2\/categories?post=644031"},{"taxonomy":"post_tag","embeddable":true,"href":"https:\/\/www.europesays.com\/fr\/wp-json\/wp\/v2\/tags?post=644031"}],"curies":[{"name":"wp","href":"https:\/\/api.w.org\/{rel}","templated":true}]}}