{"id":644033,"date":"2026-01-06T04:52:34","date_gmt":"2026-01-06T04:52:34","guid":{"rendered":"https:\/\/www.europesays.com\/fr\/644033\/"},"modified":"2026-01-06T04:52:34","modified_gmt":"2026-01-06T04:52:34","slug":"cette-couleur-est-devenue-la-plus-detestee-de-lannee-dans-nos-interieurs","status":"publish","type":"post","link":"https:\/\/www.europesays.com\/fr\/644033\/","title":{"rendered":"Cette couleur est devenue la plus d\u00e9test\u00e9e de l&rsquo;ann\u00e9e dans nos int\u00e9rieurs"},"content":{"rendered":"<p>\n                            Pendant pr\u00e8s d&rsquo;une d\u00e9cennie, elle \u00e9tait omnipr\u00e9sente, appr\u00e9ci\u00e9e des promoteurs immobiliers et des jeunes propri\u00e9taires. Aujourd&rsquo;hui plus personne n&rsquo;ose l&rsquo;appliquer chez soi et voici pourquoi.<\/p>\n<p _ngcontent-ng-c1819251146=\"\">Cette couleur s&rsquo;est impos\u00e9e comme une \u00e9vidence au milieu des ann\u00e9es 2010, tant elle tranchait avec les tons jaun\u00e2tres et les boiseries vernies qui avaient marqu\u00e9 les appartements et maisons des g\u00e9n\u00e9rations pr\u00e9c\u00e9dentes. D\u00e9sormais, la tendance s&rsquo;est invers\u00e9e : autrefois gage de modernit\u00e9, elle est celle que tout le monde veut effacer.<\/p>\n<p _ngcontent-ng-c1819251146=\"\">Pour cette g\u00e9n\u00e9ration avide de nouveaut\u00e9, elle avait tout pour plaire\u00a0: sobri\u00e9t\u00e9, chic minimaliste, influence scandinave. Elle incarnait un mode de vie plus urbain, plus \u00e9pur\u00e9, et s&rsquo;accordait parfaitement avec la mode des lofts et des espaces ouverts. En peu de temps, cette couleur s&rsquo;est impos\u00e9e comme un standard\u00a0: aucun risque de se tromper, aucun risque de d\u00e9plaire. Elle \u00e9tait devenue le compromis universel.\u00a0Selon Alice Moszczynski, d\u00e9coratrice d&rsquo;int\u00e9rieur, \u00ab\u00a0sa popularit\u00e9 \u00e9tait en r\u00e9alit\u00e9 une r\u00e9action \u00e0 ce qui l&rsquo;avait pr\u00e9c\u00e9d\u00e9\u00a0: des d\u00e9cennies de jaunes d&rsquo;inspiration toscane et de beiges prononc\u00e9s qui dominaient les maisons des baby-boomers\u00a0\u00bb.<\/p>\n<p _ngcontent-ng-c1819251146=\"\">Mais c&rsquo;est justement cette universalit\u00e9 qui a fini par la rendre insupportable. \u00c0 force de vouloir plaire \u00e0 tout le monde, elle a satur\u00e9 le paysage d\u00e9coratif. Murs, sols, armoires, mobilier\u00a0: les int\u00e9rieurs se sont transform\u00e9s en espaces uniformes et impersonnels. Les envies ont chang\u00e9. Les designers constatent d\u00e9sormais une demande pour des int\u00e9rieurs plus chaleureux, avec des couleurs qui expriment davantage la personnalit\u00e9 de leurs habitants.\u00a0<\/p>\n<p _ngcontent-ng-c1819251146=\"\">La g\u00e9n\u00e9ration Z, notamment, pl\u00e9biscite aujourd&rsquo;hui des teintes plus riches, des verts sauge ou olive, des bruns et des rouges profonds. L&rsquo;id\u00e9e \u00e9tant de jouer avec les nuances, d&rsquo;\u00e9quilibrer les contrastes et de composer des int\u00e9rieurs plus vivants. Bref, en 2025, la teinte qu&rsquo;on ne peut plus voir en peinture n&rsquo;est autre que le gris millennial.<\/p>\n<p><a class=\"fancy\" href=\"https:\/\/img-3.journaldesfemmes.fr\/mRgF8G7j_tILfL115402fUCpXDA=\/1080x\/smart\/8422e23622954c89a5982bc1c9b17f5d\/ccmcms-jdf\/40059424.jpg\" target=\"_blank\" rel=\"noopener\"><img decoding=\"async\" alt=\"\" src=\"https:\/\/www.europesays.com\/fr\/wp-content\/uploads\/2026\/01\/40059424.jpg\"\/><\/a><\/p>\n<p>\u00a9\u00a0Dariusz Jarzabek &#8211; stock.adobe.com<\/p>\n<p _ngcontent-ng-c1819251146=\"\">Des designers comme Megan Pflug recommandent plut\u00f4t des blancs cr\u00e9meux ou des teintes proches du lin. Pour les irr\u00e9ductibles, la solution passe par le compromis\u00a0: le gr\u00e8ge, m\u00e9lange subtil entre gris et beige, permet de garder une base sobre sans retomber dans la froideur excessive.<\/p>\n<p _ngcontent-ng-c1819251146=\"\">D&rsquo;autres conseillent de conserver cette couleur seulement par touches, associ\u00e9e \u00e0 des finitions chaleureuses, du bois, du marbre aux veinures visibles ou des textiles naturels. Mais dans l&rsquo;ensemble, la tendance est claire\u00a0: l&rsquo;engouement massif s&rsquo;est transform\u00e9 en rejet.<\/p>\n","protected":false},"excerpt":{"rendered":"Pendant pr\u00e8s d&rsquo;une d\u00e9cennie, elle \u00e9tait omnipr\u00e9sente, appr\u00e9ci\u00e9e des promoteurs immobiliers et des jeunes propri\u00e9taires. Aujourd&rsquo;hui plus personne&hellip;\n","protected":false},"author":2,"featured_media":644034,"comment_status":"","ping_status":"","sticky":false,"template":"","format":"standard","meta":{"footnotes":""},"categories":[1358],"tags":[1348,1384,1385,75054,51761,1386,58,59,51763,1011,27,51766,51767,51872],"class_list":{"0":"post-644033","1":"post","2":"type-post","3":"status-publish","4":"format-standard","5":"has-post-thumbnail","7":"category-arts-et-design","8":"tag-arts","9":"tag-arts-and-design","10":"tag-arts-et-design","11":"tag-cms-journaldesfemmes-3240950","12":"tag-controller-content","13":"tag-design","14":"tag-divertissement","15":"tag-entertainment","16":"tag-format-papier","17":"tag-fr","18":"tag-france","19":"tag-les-histoires-du-jdf","20":"tag-parallaxeinfeed","21":"tag-styles-et-tendances"},"share_on_mastodon":{"url":"https:\/\/pubeurope.com\/@fr\/115846364746589659","error":""},"_links":{"self":[{"href":"https:\/\/www.europesays.com\/fr\/wp-json\/wp\/v2\/posts\/644033","targetHints":{"allow":["GET"]}}],"collection":[{"href":"https:\/\/www.europesays.com\/fr\/wp-json\/wp\/v2\/posts"}],"about":[{"href":"https:\/\/www.europesays.com\/fr\/wp-json\/wp\/v2\/types\/post"}],"author":[{"embeddable":true,"href":"https:\/\/www.europesays.com\/fr\/wp-json\/wp\/v2\/users\/2"}],"replies":[{"embeddable":true,"href":"https:\/\/www.europesays.com\/fr\/wp-json\/wp\/v2\/comments?post=644033"}],"version-history":[{"count":0,"href":"https:\/\/www.europesays.com\/fr\/wp-json\/wp\/v2\/posts\/644033\/revisions"}],"wp:featuredmedia":[{"embeddable":true,"href":"https:\/\/www.europesays.com\/fr\/wp-json\/wp\/v2\/media\/644034"}],"wp:attachment":[{"href":"https:\/\/www.europesays.com\/fr\/wp-json\/wp\/v2\/media?parent=644033"}],"wp:term":[{"taxonomy":"category","embeddable":true,"href":"https:\/\/www.europesays.com\/fr\/wp-json\/wp\/v2\/categories?post=644033"},{"taxonomy":"post_tag","embeddable":true,"href":"https:\/\/www.europesays.com\/fr\/wp-json\/wp\/v2\/tags?post=644033"}],"curies":[{"name":"wp","href":"https:\/\/api.w.org\/{rel}","templated":true}]}}