{"id":644035,"date":"2026-01-06T04:54:11","date_gmt":"2026-01-06T04:54:11","guid":{"rendered":"https:\/\/www.europesays.com\/fr\/644035\/"},"modified":"2026-01-06T04:54:11","modified_gmt":"2026-01-06T04:54:11","slug":"cyril-hanouna-apporte-son-soutien-a-tiphaine-auziere-et-a-brigitte-macron","status":"publish","type":"post","link":"https:\/\/www.europesays.com\/fr\/644035\/","title":{"rendered":"Cyril Hanouna apporte son soutien \u00e0 Tiphaine Auzi\u00e8re et \u00e0 Brigitte Macron"},"content":{"rendered":"<p>    Cyril Hanouna et Tiphaine Auzi\u00e8re dans \u00abTBT9\u00bb<br \/>\n                Capture \u00e9cran.<\/p>\n<p>\n    Huit personnes ont \u00e9t\u00e9 condamn\u00e9es ce lundi pour avoir cyberharcel\u00e9 la premi\u00e8re dame en ligne. Sa fille est venue commenter la d\u00e9cision de justice ce soir dans \u00abTout beau tout neuf\u00bb.<\/p>\n<p class=\"fig-paragraph\">\u00abEt boom\u00bb a comment\u00e9 sur ses r\u00e9seaux sociaux\u00a0<a href=\"http:\/\/tvmag.lefigaro.fr\/programme-tv\/actu-tele\/l-idylle-entre-cyril-hanouna-et-tiphaine-auziere-un-coup-monte-de-l-animateur-selon-valeurs-actuelles-20250429\" target=\"_blank\" data-fig-type=\"Article\" rel=\"noopener\" data-gtm-custom-categorie=\"navigation\" data-gtm-custom-action=\"crossclick\" data-gtm-custom-label=\"Contextuel\" data-gtm-event=\"customEventSPE\" data-fig-domain=\"TVMAG\">Tiphaine Auzi\u00e8re<\/a>\u00a0quand\u00a0<a href=\"http:\/\/www.lefigaro.fr\/politique\/cyberharcelement-de-brigitte-macron-jusqu-a-six-mois-de-prison-ferme-pour-les-accuses-20260105\" target=\"_blank\" data-fig-type=\"NewsFlash\" rel=\"noopener\" data-gtm-custom-categorie=\"navigation\" data-gtm-custom-action=\"crossclick\" data-gtm-custom-label=\"Contextuel\" data-gtm-event=\"customEventSPE\" data-fig-domain=\"LEFIGARO\">le verdict est tomb\u00e9<\/a>. Les cyberharceleurs de Brigitte Macron, accus\u00e9s d\u2019avoir diffus\u00e9 ou relay\u00e9 des insultes et des rumeurs li\u00e9es \u00e0 son genre et \u00e0 son \u00e9cart d\u2019\u00e2ge avec le pr\u00e9sident, ont \u00e9t\u00e9 condamn\u00e9s ce lundi 5 janvier \u00e0 des peines allant jusqu\u2019\u00e0 6 mois de prison ferme, la plupart \u00e9copant de sursis.<\/p>\n<p class=\"fig-paragraph\">\u00abC\u2019\u00e9tait important de le t\u00e9moigner\u00bb, affirme ce soir la fille de la premi\u00e8re dame sur le plateau de \u00abTout beau tout neuf\u00bb. Face \u00e0\u00a0<a href=\"http:\/\/tvmag.lefigaro.fr\/programme-tv\/actu-tele\/tu-es-un-meneur-d-hommes-cyril-hanouna-en-larmes-face-a-ses-chroniqueurs-pour-la-derniere-de-tbt9-20251219\" target=\"_blank\" data-fig-type=\"Article\" rel=\"noopener\" data-gtm-custom-categorie=\"navigation\" data-gtm-custom-action=\"crossclick\" data-gtm-custom-label=\"Contextuel\" data-gtm-event=\"customEventSPE\" data-fig-domain=\"TVMAG\">Cyril Hanouna<\/a>, elle explique avoir \u00e9t\u00e9 pr\u00e9sente \u00e0 l\u2019audience. Pour soutenir sa m\u00e8re, mais aussi parce qu\u2019il \u00abfallait expliquer l\u2019impact sur sa vie\u00bb.<\/p>\n<p>                                                                <a class=\"fig-a11y-skip\" href=\"#fig-a11y-skip-main-inarticle\" data-module=\"a11y-skip\" data-context=\"was @visible\"><br \/>\n    Passer la publicit\u00e9<br \/>\n<\/a>            <\/p>\n<p class=\"fig-paragraph\">\u00abC\u2019est quelqu\u2019un qui ne se plaint jamais et qui n\u2019en parle jamais. Mais il fallait illustrer le propos au tribunal. Je sais que les proc\u00e8s se m\u00e8nent dans les tribunaux, mais ne se gagnent pas que dans les tribunaux. Donc c\u2019\u00e9tait important aussi de communiquer sur cette d\u00e9cision\u00bb, ajoute-t-elle.<\/p>\n<p class=\"fig-paragraph\">Tiphaine Auzi\u00e8re rappelle que \u00abcela fait 4 ans que la situation dure\u00bb. \u00abLes gens ne mesurent pas ce que c\u2019est. C\u2019est une adaptation dans tous les gestes sociaux. Dans les tenues, dans les postures, parce que vous savez que les photos vont \u00eatre d\u00e9tourn\u00e9es pour \u00eatre interpr\u00e9t\u00e9es\u00bb, t\u00e9moigne-t-elle avant de regretter que Brigitte Macron soit \u00absur le qui-vive en permanence\u00bb.<\/p>\n<blockquote class=\"fig-quote&#10;    \">\n<p class=\"fig-quote__text\">C\u2019est quand m\u00eame dingue pour une journaliste de TF1.<\/p>\n<p>            Cyril Hanouna dans \u00abTBT9\u00bb\n    <\/p><\/blockquote>\n<p class=\"fig-paragraph\">L\u2019animateur du talk-show de W9 lui apporte son soutien en d\u00e9non\u00e7ant l\u2019interview qu\u2019a donn\u00e9e Brigitte Macron la veille pendant le JT de TF1. \u00abLa journaliste Audrey Crespo-Mara, je n\u2019ai rien contre elle, dit \u00e0 votre maman\u00a0: \u201cil y a une rumeur comme quoi vous \u00eates un homme\u201d\u00bb, contextualise-t-il d\u2019abord.<\/p>\n<p class=\"fig-paragraph\">\u00abC\u2019est quand m\u00eame dingue pour une journaliste de TF1\u00bb, rench\u00e9rit le trublion du PAF. \u00abIl y a un moment, ou bien il y a une histoire ubuesque qui tourne ou bien il y a une fake news, mais tu ne dis pas \u201cune rumeur\u201d. Je ne sais pas de quoi elle a eu peur Audrey Crespo-Mara, peut-\u00eatre des personnes sur les r\u00e9seaux qui se seraient mis sur sa t\u00eate, mais c\u2019est pour moi une faute journalistique\u00bb, conclut Cyril Hanouna. L\u2019avocate est sur la m\u00eame longueur d\u2019onde\u00a0: \u00abQuand on est journaliste, il faut appeler un chat, un chat. Ce n\u2019est pas une rumeur, c\u2019est une fake news\u00bb.<\/p>\n","protected":false},"excerpt":{"rendered":"Cyril Hanouna et Tiphaine Auzi\u00e8re dans \u00abTBT9\u00bb Capture \u00e9cran. Huit personnes ont \u00e9t\u00e9 condamn\u00e9es ce lundi pour avoir&hellip;\n","protected":false},"author":2,"featured_media":644036,"comment_status":"","ping_status":"","sticky":false,"template":"","format":"standard","meta":{"footnotes":""},"categories":[1356],"tags":[986,1083,58,59,1011,27,252,33876,1364],"class_list":{"0":"post-644035","1":"post","2":"type-post","3":"status-publish","4":"format-standard","5":"has-post-thumbnail","7":"category-television","8":"tag-brigitte-macron","9":"tag-cyril-hanouna","10":"tag-divertissement","11":"tag-entertainment","12":"tag-fr","13":"tag-france","14":"tag-television","15":"tag-tiphaine-auziere","16":"tag-tv"},"share_on_mastodon":{"url":"https:\/\/pubeurope.com\/@fr\/115846372711276884","error":""},"_links":{"self":[{"href":"https:\/\/www.europesays.com\/fr\/wp-json\/wp\/v2\/posts\/644035","targetHints":{"allow":["GET"]}}],"collection":[{"href":"https:\/\/www.europesays.com\/fr\/wp-json\/wp\/v2\/posts"}],"about":[{"href":"https:\/\/www.europesays.com\/fr\/wp-json\/wp\/v2\/types\/post"}],"author":[{"embeddable":true,"href":"https:\/\/www.europesays.com\/fr\/wp-json\/wp\/v2\/users\/2"}],"replies":[{"embeddable":true,"href":"https:\/\/www.europesays.com\/fr\/wp-json\/wp\/v2\/comments?post=644035"}],"version-history":[{"count":0,"href":"https:\/\/www.europesays.com\/fr\/wp-json\/wp\/v2\/posts\/644035\/revisions"}],"wp:featuredmedia":[{"embeddable":true,"href":"https:\/\/www.europesays.com\/fr\/wp-json\/wp\/v2\/media\/644036"}],"wp:attachment":[{"href":"https:\/\/www.europesays.com\/fr\/wp-json\/wp\/v2\/media?parent=644035"}],"wp:term":[{"taxonomy":"category","embeddable":true,"href":"https:\/\/www.europesays.com\/fr\/wp-json\/wp\/v2\/categories?post=644035"},{"taxonomy":"post_tag","embeddable":true,"href":"https:\/\/www.europesays.com\/fr\/wp-json\/wp\/v2\/tags?post=644035"}],"curies":[{"name":"wp","href":"https:\/\/api.w.org\/{rel}","templated":true}]}}