{"id":644048,"date":"2026-01-06T05:02:15","date_gmt":"2026-01-06T05:02:15","guid":{"rendered":"https:\/\/www.europesays.com\/fr\/644048\/"},"modified":"2026-01-06T05:02:15","modified_gmt":"2026-01-06T05:02:15","slug":"new-york-laboratoire-de-lanti-trumpisme-episode-du-podcast-la-ville-contre-letat","status":"publish","type":"post","link":"https:\/\/www.europesays.com\/fr\/644048\/","title":{"rendered":"New York, laboratoire de l\u2019anti-trumpisme : \u00e9pisode du podcast La ville contre l\u2019Etat"},"content":{"rendered":"<p class=\"PopSlotParagraph qg-tx2 qg-xtra-lh svelte-1r0pyek\">Dans la nuit du 31 d\u00e9cembre au 1er janvier, Zohran Mamdani a pr\u00eat\u00e9 serment, la main pos\u00e9e sur un exemplaire du Coran, dans une station de m\u00e9tro d\u00e9saffect\u00e9e de Manhattan. A 34 ans, le nouveau maire de New York entame la nouvelle ann\u00e9e avec beaucoup d\u2019espoirs sur ses \u00e9paules\u00a0: son \u00e9lection d\u00e9but novembre a fait l\u2019effet d\u2019un s\u00e9isme politique, bien au-del\u00e0 des fronti\u00e8res de la ville. Figure montante de l\u2019aile gauche socialiste du Parti d\u00e9mocrate, port\u00e9 par un \u00e9lectorat jeune et diversifi\u00e9, Zohran Mamdani a remport\u00e9 une victoire que l\u2019establishment d\u00e9mocrate et Donald Trump auraient souhait\u00e9 \u00e9viter. Trump l\u2019avait d\u2019ailleurs menac\u00e9 de suspendre les subventions f\u00e9d\u00e9rales \u00e0 la ville en cas de victoire, avant qu\u2019une rencontre inattendue, le 21 novembre, ne vienne temporairement apaiser les tensions entre les deux hommes.<\/p>\n<p class=\"PopSlotParagraph qg-tx2 qg-xtra-lh svelte-1r0pyek\">Mais cet \u00e9change cordial n\u2019efface ni la profondeur des fractures politiques que r\u00e9v\u00e8le l\u2019\u00e9lection de Zohran Mamdani, ni la violence des attaques, notamment islamophobes, dont il a \u00e9t\u00e9 la cible durant la campagne (y compris au sein de son propre camp). En devenant le premier maire musulman et ouvertement socialiste de New York, Zohran Mamdani pourrait bien faire de la ville un laboratoire du renouveau d\u00e9mocrate, mais aussi l\u2019un des symboles les plus visibles de l\u2019anti-trumpisme contemporain. Dans quelle mesure l\u2019\u00e9lection de Zohran Mamdani annonce-t-elle un nouveau visage de la gauche am\u00e9ricaine, mais aussi des dynamiques urbaines d\u2019opposition \u00e0 Donald Trump\u00a0?<\/p>\n<p class=\"PopSlotParagraph qg-tx2 qg-xtra-lh svelte-1r0pyek\">Julie Gacon s&rsquo;entretient avec Charlotte Recoquillon et Nadia Marzouki.<\/p>\n<p> Focus\u00a0: Wall Street, arbitre discret du pouvoir<\/p>\n<p class=\"PopSlotParagraph qg-tx2 qg-xtra-lh svelte-1r0pyek\">Avec Hugo Fraslin,\u00a0professeur d\u2019histoire en classe pr\u00e9paratoire et membre du CENA (Centre d\u2019Etudes Nord-Am\u00e9ricaines) \u00e0 l\u2019EHESS, en pr\u00e9paration d\u2019une th\u00e8se intitul\u00e9e \u201cLehman Brothers et les mondes financiers new-yorkais. Une histoire sociale des \u00e9lites bancaires (1918-2008)\u201d<\/p>\n<p class=\"PopSlotParagraph qg-tx2 qg-xtra-lh svelte-1r0pyek\">Wall Street n\u2019a jamais \u00e9t\u00e9 un bloc politique homog\u00e8ne\u00a0: tant\u00f4t proche des d\u00e9mocrates centristes, tant\u00f4t favorable aux r\u00e9publicains, la finance new-yorkaise s\u2019accommode g\u00e9n\u00e9ralement des deux partis d\u00e8s lors que ses int\u00e9r\u00eats fondamentaux sont pr\u00e9serv\u00e9s. Mais l\u2019\u00e9lection municipale de 2025 marque une rupture nette\u00a0: face \u00e0 Zohran Mamdani, figure du socialisme d\u00e9mocrate et partisan d\u2019une taxation accrue du capital, Wall Street se montre pour une fois unanime. Aucun grand financier ne le soutient\u00a0; certains PDG, comme Bill Ackman (Pershing Square) ou Dan Loeb (Third Point) ont m\u00eame activement financ\u00e9 la campagne de ses adversaires. Comment Wall Street, bulle du pouvoir financier en plein coeur de New York, se positionne-t-elle face au jeu politique am\u00e9ricain\u00a0?<\/p>\n<p> Pour aller plus loinR\u00e9f\u00e9rences sonores<\/p>\n<ul>\n<li>Discours de victoire de Zohran Mamdani fra\u00eechement \u00e9lu maire de New York &#8211;\u00a0<a href=\"https:\/\/www.youtube.com\/watch?v=5cG4WD8uEwE\" target=\"_blank\" rel=\"noopener noreferrer\" class=\"\" data-testid=\"link\">Zohran Mamdani for NYC<\/a>, 07\/11\/2025<\/li>\n<li>Donald Trump r\u00e9agit \u00e0 l\u2019\u00e9lection de Zohran Mamdani au poste de maire de New York en le d\u00e9signant comme \u201ccommuniste\u201d &#8211;\u00a0<a href=\"https:\/\/www.youtube.com\/watch?v=LFjTLVbPs6U\" target=\"_blank\" rel=\"noopener noreferrer\" class=\"\" data-testid=\"link\">Sky News Australia<\/a>, 05\/11\/2025<\/li>\n<li>Keanu Arel&rsquo;s Josiah, militant pour le Sunrise Movement New York City, se r\u00e9jouit de la victoire de Zohran Mamdani &#8211;\u00a0<a href=\"https:\/\/www.youtube.com\/watch?v=tEwjT_7mMC8\" target=\"_blank\" rel=\"noopener noreferrer\" class=\"\" data-testid=\"link\">Democracy Now\u00a0!<\/a>, 05\/11\/2025<\/li>\n<li>Zohran Mamdani pr\u00eate serment &#8211;\u00a0<a href=\"https:\/\/www.youtube.com\/watch?v=c_85tD4_n3Q\" target=\"_blank\" rel=\"noopener noreferrer\" class=\"\" data-testid=\"link\">France 24<\/a>, 01\/01\/2026<\/li>\n<li>Extrait de la conf\u00e9rence de presse donn\u00e9e \u00e0 l\u2019issue de la rencontre Trump-Mamdani dans le bureau ovale &#8211;\u00a0<a href=\"https:\/\/www.youtube.com\/watch?v=iZ4bTbnQ_TU\" target=\"_blank\" rel=\"noopener noreferrer\" class=\"\" data-testid=\"link\">Fox News<\/a>, 21\/11\/2025<\/li>\n<li>Interview de Bill Ackman, CEO de Pershing Square qui a d\u00e9pens\u00e9 plus d\u2019un million de dollars pour financer la campagne de l\u2019adversaire de Mamdani, s&rsquo;exprime \u00e0 propos du danger du socialisme &#8211;\u00a0<a href=\"https:\/\/www.youtube.com\/watch?v=J3RyLsVteIo\" target=\"_blank\" rel=\"noopener noreferrer\" class=\"\" data-testid=\"link\">Fox News Business<\/a>, 19\/11\/2025<\/li>\n<\/ul>\n<p>R\u00e9f\u00e9rence musicale<\/p>\n","protected":false},"excerpt":{"rendered":"Dans la nuit du 31 d\u00e9cembre au 1er janvier, Zohran Mamdani a pr\u00eat\u00e9 serment, la main pos\u00e9e sur&hellip;\n","protected":false},"author":2,"featured_media":644049,"comment_status":"","ping_status":"","sticky":false,"template":"","format":"standard","meta":{"footnotes":""},"categories":[5],"tags":[11,1011,27,14,12,28],"class_list":{"0":"post-644048","1":"post","2":"type-post","3":"status-publish","4":"format-standard","5":"has-post-thumbnail","7":"category-international","8":"tag-actualites","9":"tag-fr","10":"tag-france","11":"tag-international","12":"tag-news","13":"tag-world"},"share_on_mastodon":{"url":"https:\/\/pubeurope.com\/@fr\/115846404106755764","error":""},"_links":{"self":[{"href":"https:\/\/www.europesays.com\/fr\/wp-json\/wp\/v2\/posts\/644048","targetHints":{"allow":["GET"]}}],"collection":[{"href":"https:\/\/www.europesays.com\/fr\/wp-json\/wp\/v2\/posts"}],"about":[{"href":"https:\/\/www.europesays.com\/fr\/wp-json\/wp\/v2\/types\/post"}],"author":[{"embeddable":true,"href":"https:\/\/www.europesays.com\/fr\/wp-json\/wp\/v2\/users\/2"}],"replies":[{"embeddable":true,"href":"https:\/\/www.europesays.com\/fr\/wp-json\/wp\/v2\/comments?post=644048"}],"version-history":[{"count":0,"href":"https:\/\/www.europesays.com\/fr\/wp-json\/wp\/v2\/posts\/644048\/revisions"}],"wp:featuredmedia":[{"embeddable":true,"href":"https:\/\/www.europesays.com\/fr\/wp-json\/wp\/v2\/media\/644049"}],"wp:attachment":[{"href":"https:\/\/www.europesays.com\/fr\/wp-json\/wp\/v2\/media?parent=644048"}],"wp:term":[{"taxonomy":"category","embeddable":true,"href":"https:\/\/www.europesays.com\/fr\/wp-json\/wp\/v2\/categories?post=644048"},{"taxonomy":"post_tag","embeddable":true,"href":"https:\/\/www.europesays.com\/fr\/wp-json\/wp\/v2\/tags?post=644048"}],"curies":[{"name":"wp","href":"https:\/\/api.w.org\/{rel}","templated":true}]}}