{"id":644054,"date":"2026-01-06T05:05:09","date_gmt":"2026-01-06T05:05:09","guid":{"rendered":"https:\/\/www.europesays.com\/fr\/644054\/"},"modified":"2026-01-06T05:05:09","modified_gmt":"2026-01-06T05:05:09","slug":"loire-johan-farjot-ce-stephanois-musicien-haute-couture-qui-rassemble-tous-les-publics","status":"publish","type":"post","link":"https:\/\/www.europesays.com\/fr\/644054\/","title":{"rendered":"Loire. Johan Farjot, ce St\u00e9phanois musicien haute couture qui rassemble tous les publics"},"content":{"rendered":"<p class=\"insetTitle\">Son riche programme st\u00e9phanois<\/p>\n<p>\u25b6 \u2002 Mardi 27\u00a0janvier<\/p>\n<p>De 14 \u00e0 15 heures\u00a0: intervention \u00e0 Saint-Paul (Johan Farjot et Karine Deshayes).<\/p>\n<p>De 15\u00a0h\u00a030 \u00e0 18 heures\u00a0: masterclass au Conservatoire Massenet.<\/p>\n<p>\u00c0 19\u00a0h\u00a030\u00a0: cin\u00e9-concert de Johan Farjot ( L\u2019Homme \u00e0 la cam\u00e9ra , 1929 de Dziga Vertov, \u00e0 la cin\u00e9math\u00e8que).<\/p>\n<p>\u25b6 \u2002 Mercredi 28\u00a0janvier<\/p>\n<p>De 15 \u00e0 18 heures\u00a0: masterclass de Johan Farjot et Arnaud Thorette au Conservatoire Massenet.<\/p>\n<p>\u00c0 18\u00a0h\u00a030\u00a0: Jam Schifrin avec le Big Band du Conservatoire Massenet, \u00e0 la cin\u00e9math\u00e8que.<\/p>\n<p>\u00c0 19 heures\u00a0: piano et improvisation, filmographie Lalo Schifrin, un \u00e9pisode de Mission Impossible, \u00e0 la cin\u00e9math\u00e8que.<\/p>\n<p>\u25b6 \u2002 Jeudi 29\u00a0janvier<\/p>\n<p>\u00c0 20 heures\u00a0:  Schubert, m\u00e9lodies oubli\u00e9es , Johan Farjot, Arnaud Thorette, Karine Deshayes, au th\u00e9\u00e2tre Copeau.<\/p>\n<p>\u25b6 \u2002 Vendredi 30\u00a0janvier<\/p>\n<p>\u00c0 14\u00a0h\u00a030\u00a0: cin\u00e9-concert de Johan Farjot et Rapha\u00ebl Imbert, hommage \u00e0 Duke Ellington, \u00e0 la cin\u00e9math\u00e8que.<\/p>\n<p>\u00c0 20\u00a0h\u00a030\u00a0:  Take the A Train, Tribute to Duke Ellington , Johan Farjot, Fanny Bouteiller, Rapha\u00ebl Imbert, au Solar.<\/p>\n","protected":false},"excerpt":{"rendered":"Son riche programme st\u00e9phanois \u25b6 \u2002 Mardi 27\u00a0janvier De 14 \u00e0 15 heures\u00a0: intervention \u00e0 Saint-Paul (Johan Farjot&hellip;\n","protected":false},"author":2,"featured_media":644055,"comment_status":"","ping_status":"","sticky":false,"template":"","format":"standard","meta":{"footnotes":""},"categories":[9653],"tags":[1111,11,2430,1687,7539,1777,674,1011,27,873,12,25,4001,7538],"class_list":{"0":"post-644054","1":"post","2":"type-post","3":"status-publish","4":"format-standard","5":"has-post-thumbnail","7":"category-saint-etienne","8":"tag-actu","9":"tag-actualites","10":"tag-auvergne-rhone-alpes","11":"tag-culture-loisirs","12":"tag-edition-loire-sud","13":"tag-eu","14":"tag-europe","15":"tag-fr","16":"tag-france","17":"tag-musique","18":"tag-news","19":"tag-republique-francaise","20":"tag-saint-etienne","21":"tag-saint-etienne-ville"},"share_on_mastodon":{"url":"https:\/\/pubeurope.com\/@fr\/115846415863637831","error":""},"_links":{"self":[{"href":"https:\/\/www.europesays.com\/fr\/wp-json\/wp\/v2\/posts\/644054","targetHints":{"allow":["GET"]}}],"collection":[{"href":"https:\/\/www.europesays.com\/fr\/wp-json\/wp\/v2\/posts"}],"about":[{"href":"https:\/\/www.europesays.com\/fr\/wp-json\/wp\/v2\/types\/post"}],"author":[{"embeddable":true,"href":"https:\/\/www.europesays.com\/fr\/wp-json\/wp\/v2\/users\/2"}],"replies":[{"embeddable":true,"href":"https:\/\/www.europesays.com\/fr\/wp-json\/wp\/v2\/comments?post=644054"}],"version-history":[{"count":0,"href":"https:\/\/www.europesays.com\/fr\/wp-json\/wp\/v2\/posts\/644054\/revisions"}],"wp:featuredmedia":[{"embeddable":true,"href":"https:\/\/www.europesays.com\/fr\/wp-json\/wp\/v2\/media\/644055"}],"wp:attachment":[{"href":"https:\/\/www.europesays.com\/fr\/wp-json\/wp\/v2\/media?parent=644054"}],"wp:term":[{"taxonomy":"category","embeddable":true,"href":"https:\/\/www.europesays.com\/fr\/wp-json\/wp\/v2\/categories?post=644054"},{"taxonomy":"post_tag","embeddable":true,"href":"https:\/\/www.europesays.com\/fr\/wp-json\/wp\/v2\/tags?post=644054"}],"curies":[{"name":"wp","href":"https:\/\/api.w.org\/{rel}","templated":true}]}}