{"id":644056,"date":"2026-01-06T05:06:15","date_gmt":"2026-01-06T05:06:15","guid":{"rendered":"https:\/\/www.europesays.com\/fr\/644056\/"},"modified":"2026-01-06T05:06:15","modified_gmt":"2026-01-06T05:06:15","slug":"apres-un-differend-au-sujet-de-son-chien-il-exhibe-une-arme","status":"publish","type":"post","link":"https:\/\/www.europesays.com\/fr\/644056\/","title":{"rendered":"apr\u00e8s un diff\u00e9rend au sujet de son chien, il exhibe une arme"},"content":{"rendered":"\n<p>C&rsquo;est ce qu&rsquo;on appelle mal terminer l&rsquo;ann\u00e9e. Lundi 29 d\u00e9cembre dernier, alors qu&rsquo;il se prom\u00e8ne \u00e0 C\u00f4te Chaude en plein apr\u00e8s-midi, un policier en civil aper\u00e7oit un homme exhibant une arme depuis sa fen\u00eatre. Il compose le 17 et ses coll\u00e8gues de la section d&rsquo;intervention arrivent sur place dans la foul\u00e9e.<\/p>\n<p>Le suspect, un homme de 40 ans connu des services, est interpell\u00e9. Il explique qu&rsquo;il a sorti cette arme apr\u00e8s un diff\u00e9rend avec un autre individu, \u00e2g\u00e9 de 27 ans, au sujet de son chien. Lors des perquisitions, un fusil \u00e0 plomb et un pistolet \u00e0 billes sont d\u00e9couverts.<\/p>\n<p>Jug\u00e9 en comparution imm\u00e9diate le soir de la Saint-Sylvestre, le quadrag\u00e9naire a \u00e9cop\u00e9 de 9 mois de prison avec sursis pour violence avec arme.<\/p>\n","protected":false},"excerpt":{"rendered":"C&rsquo;est ce qu&rsquo;on appelle mal terminer l&rsquo;ann\u00e9e. Lundi 29 d\u00e9cembre dernier, alors qu&rsquo;il se prom\u00e8ne \u00e0 C\u00f4te Chaude&hellip;\n","protected":false},"author":2,"featured_media":607447,"comment_status":"","ping_status":"","sticky":false,"template":"","format":"standard","meta":{"footnotes":""},"categories":[9653],"tags":[1111,11,6376,2430,75055,1777,674,1011,27,9342,12,1072,806,25,4001,6252],"class_list":{"0":"post-644056","1":"post","2":"type-post","3":"status-publish","4":"format-standard","5":"has-post-thumbnail","7":"category-saint-etienne","8":"tag-actu","9":"tag-actualites","10":"tag-armes","11":"tag-auvergne-rhone-alpes","12":"tag-cote_chaude","13":"tag-eu","14":"tag-europe","15":"tag-fr","16":"tag-france","17":"tag-juge","18":"tag-news","19":"tag-police","20":"tag-prison","21":"tag-republique-francaise","22":"tag-saint-etienne","23":"tag-sursis"},"share_on_mastodon":{"url":"https:\/\/pubeurope.com\/@fr\/115846419728674773","error":""},"_links":{"self":[{"href":"https:\/\/www.europesays.com\/fr\/wp-json\/wp\/v2\/posts\/644056","targetHints":{"allow":["GET"]}}],"collection":[{"href":"https:\/\/www.europesays.com\/fr\/wp-json\/wp\/v2\/posts"}],"about":[{"href":"https:\/\/www.europesays.com\/fr\/wp-json\/wp\/v2\/types\/post"}],"author":[{"embeddable":true,"href":"https:\/\/www.europesays.com\/fr\/wp-json\/wp\/v2\/users\/2"}],"replies":[{"embeddable":true,"href":"https:\/\/www.europesays.com\/fr\/wp-json\/wp\/v2\/comments?post=644056"}],"version-history":[{"count":0,"href":"https:\/\/www.europesays.com\/fr\/wp-json\/wp\/v2\/posts\/644056\/revisions"}],"wp:featuredmedia":[{"embeddable":true,"href":"https:\/\/www.europesays.com\/fr\/wp-json\/wp\/v2\/media\/607447"}],"wp:attachment":[{"href":"https:\/\/www.europesays.com\/fr\/wp-json\/wp\/v2\/media?parent=644056"}],"wp:term":[{"taxonomy":"category","embeddable":true,"href":"https:\/\/www.europesays.com\/fr\/wp-json\/wp\/v2\/categories?post=644056"},{"taxonomy":"post_tag","embeddable":true,"href":"https:\/\/www.europesays.com\/fr\/wp-json\/wp\/v2\/tags?post=644056"}],"curies":[{"name":"wp","href":"https:\/\/api.w.org\/{rel}","templated":true}]}}