{"id":644059,"date":"2026-01-06T05:09:12","date_gmt":"2026-01-06T05:09:12","guid":{"rendered":"https:\/\/www.europesays.com\/fr\/644059\/"},"modified":"2026-01-06T05:09:12","modified_gmt":"2026-01-06T05:09:12","slug":"toulon-camille-et-simon-fetent-leur-divorce","status":"publish","type":"post","link":"https:\/\/www.europesays.com\/fr\/644059\/","title":{"rendered":"Toulon : Camille et Simon f\u00eatent leur divorce"},"content":{"rendered":"<p>        <a href=\"https:\/\/www.europesays.com\/fr\/wp-content\/uploads\/2026\/01\/60.jpg\" data-caption=\"\"><img loading=\"lazy\" decoding=\"async\" width=\"357\" height=\"500\" class=\"entry-thumb td-modal-image\" src=\"https:\/\/www.europesays.com\/fr\/wp-content\/uploads\/2026\/01\/60.jpg\"   alt=\"\" title=\"60\"\/><\/a><\/p>\n<p>\ud83d\udc94 Camille et Simon divorcent\u2026 et ils veulent que \u00e7a se sache !<br \/>Pas de larmes, pas de drame : ils c\u00e9l\u00e8brent leur s\u00e9paration comme un vrai mariage.<br \/>Traiteur, orchestre, drag\u00e9es, confettis\u2026 tout y est, sauf l\u2019amour !<br \/>Au milieu de cette f\u00eate explosive, famille et amis assistent au feu d\u2019artifice conjugal :<br \/>chamailleries, v\u00e9rit\u00e9s qui claquent et humour qui pique.<br \/>Sur sc\u00e8ne, le duo irr\u00e9sistible Alain Chapuis (l\u2019inoubliable tavernier dans Kaamelott) et Marie Blanche transforment le divorce en une com\u00e9die f\u00e9roce et jubilatoire.<br \/>Un spectacle d\u00e9capant sur la fin de l\u2019amour\u2026 et le d\u00e9but des hostilit\u00e9s !<\/p>\n<p>Auteur(s) : Jacques DECOMBE, Alain CHAPUIS<br \/>Artiste(s) : Alain CHAPUIS, Marie BLANCHE<\/p>\n<p><strong>vendredi 16 janvier 2026<\/strong> \u00e0 20 h 30<br \/>tarif : 20.00 \u20ac<br \/>Caf\u00e9 Th\u00e9\u00e2tre de la Porte d\u2019Italie<br \/>Place Armand Vall\u00e9e<\/p>\n<p><a href=\"https:\/\/www.restosducoeur.org\/associations-departementales\/les-restos-du-coeur-du-var\/\" target=\"_blank\" rel=\"noopener\"><img decoding=\"async\" style=\"height:70px;width:140px\" src=\"https:\/\/www.europesays.com\/fr\/wp-content\/uploads\/2025\/04\/restos-du-coeur.jpg\"\/><\/a>        <\/p>\n","protected":false},"excerpt":{"rendered":"\ud83d\udc94 Camille et Simon divorcent\u2026 et ils veulent que \u00e7a se sache !Pas de larmes, pas de drame&hellip;\n","protected":false},"author":2,"featured_media":644060,"comment_status":"","ping_status":"","sticky":false,"template":"","format":"standard","meta":{"footnotes":""},"categories":[9619],"tags":[1111,11,1777,674,1011,27,12,882,25,2310],"class_list":{"0":"post-644059","1":"post","2":"type-post","3":"status-publish","4":"format-standard","5":"has-post-thumbnail","7":"category-toulon","8":"tag-actu","9":"tag-actualites","10":"tag-eu","11":"tag-europe","12":"tag-fr","13":"tag-france","14":"tag-news","15":"tag-provence-alpes-cote-dazur","16":"tag-republique-francaise","17":"tag-toulon"},"share_on_mastodon":{"url":"https:\/\/pubeurope.com\/@fr\/115846431689100446","error":""},"_links":{"self":[{"href":"https:\/\/www.europesays.com\/fr\/wp-json\/wp\/v2\/posts\/644059","targetHints":{"allow":["GET"]}}],"collection":[{"href":"https:\/\/www.europesays.com\/fr\/wp-json\/wp\/v2\/posts"}],"about":[{"href":"https:\/\/www.europesays.com\/fr\/wp-json\/wp\/v2\/types\/post"}],"author":[{"embeddable":true,"href":"https:\/\/www.europesays.com\/fr\/wp-json\/wp\/v2\/users\/2"}],"replies":[{"embeddable":true,"href":"https:\/\/www.europesays.com\/fr\/wp-json\/wp\/v2\/comments?post=644059"}],"version-history":[{"count":0,"href":"https:\/\/www.europesays.com\/fr\/wp-json\/wp\/v2\/posts\/644059\/revisions"}],"wp:featuredmedia":[{"embeddable":true,"href":"https:\/\/www.europesays.com\/fr\/wp-json\/wp\/v2\/media\/644060"}],"wp:attachment":[{"href":"https:\/\/www.europesays.com\/fr\/wp-json\/wp\/v2\/media?parent=644059"}],"wp:term":[{"taxonomy":"category","embeddable":true,"href":"https:\/\/www.europesays.com\/fr\/wp-json\/wp\/v2\/categories?post=644059"},{"taxonomy":"post_tag","embeddable":true,"href":"https:\/\/www.europesays.com\/fr\/wp-json\/wp\/v2\/tags?post=644059"}],"curies":[{"name":"wp","href":"https:\/\/api.w.org\/{rel}","templated":true}]}}