{"id":644061,"date":"2026-01-06T05:10:11","date_gmt":"2026-01-06T05:10:11","guid":{"rendered":"https:\/\/www.europesays.com\/fr\/644061\/"},"modified":"2026-01-06T05:10:11","modified_gmt":"2026-01-06T05:10:11","slug":"dans-le-dur-le-munster-va-vouloir-stopper-lhemorragie-contre-toulon-a-mayol","status":"publish","type":"post","link":"https:\/\/www.europesays.com\/fr\/644061\/","title":{"rendered":"Dans le dur, le Munster va vouloir stopper l\u2019h\u00e9morragie contre Toulon, \u00e0 Mayol"},"content":{"rendered":"<p data-start=\"0\" data-end=\"297\">Rien n\u2019est encore fig\u00e9 dans la <strong data-start=\"31\" data-end=\"42\">poule 2<\/strong> de la Champions Cup.<\/p>\n<p data-start=\"0\" data-end=\"297\">L\u2019affiche de ce dimanche \u00e0 Mayol entre le Rugby Club Toulonnais et le Munster s\u2019annonce d\u00e9j\u00e0 d\u00e9cisive.<\/p>\n<p data-start=\"0\" data-end=\"297\">\u00c0 14 heures, <strong data-start=\"117\" data-end=\"158\">RC Toulon<\/strong> re\u00e7oit le <strong data-start=\"169\" data-end=\"210\">Munster Rugby<\/strong> dans un groupe extr\u00eamement serr\u00e9, o\u00f9 chaque \u00e9quipe a d\u00e9j\u00e0 connu au moins une victoire.<\/p>\n<p data-start=\"299\" data-end=\"591\">Dans ce contexte d\u2019\u00e9quilibre total, le moindre faux pas peut peser lourd.<\/p>\n<p data-start=\"299\" data-end=\"591\">Toulon, solide \u00e0 domicile, sait qu\u2019un succ\u00e8s sur la rade lui permettrait de prendre une option importante avant la suite de la comp\u00e9tition. En face, les Irlandais d\u00e9barquent avec l\u2019envie claire de stopper l\u2019h\u00e9morragie.<\/p>\n<p data-start=\"593\" data-end=\"970\" data-is-last-node=\"\" data-is-only-node=\"\">Battus \u00e0 deux reprises sur leurs derni\u00e8res sorties, dont une lourde d\u00e9faite ce week-end contre l\u2019Ulster (28-3), les partenaires de <strong data-start=\"724\" data-end=\"765\">Jack Crowley<\/strong> arrivent sous pression.<\/p>\n<p data-start=\"593\" data-end=\"970\" data-is-last-node=\"\" data-is-only-node=\"\">\u00c0 Mayol, dans une atmosph\u00e8re toujours particuli\u00e8re, le Munster cherchera avant tout une r\u00e9action collective pour rester pleinement en course dans une poule plus ouverte que jamais.<\/p>\n<p data-start=\"593\" data-end=\"970\" data-is-last-node=\"\" data-is-only-node=\"\"><strong>Voici les derniers r\u00e9sultats du Munster :\u00a0<\/strong><\/p>\n<p data-start=\"593\" data-end=\"970\" data-is-last-node=\"\" data-is-only-node=\"\"><strong>Le 29\/11\/25 :<\/strong><br \/>Munster 21 \u2013 27 Stormers<\/p>\n<p data-start=\"593\" data-end=\"970\" data-is-last-node=\"\" data-is-only-node=\"\"><strong>Le 6\/12\/25 :\u00a0<\/strong><br \/>Bath 40 \u2013 14 Munster<\/p>\n<p data-start=\"593\" data-end=\"970\" data-is-last-node=\"\" data-is-only-node=\"\"><strong>Le 13\/12\/25 :<\/strong><br \/>Munster 31 \u2013 3 Gloucester<\/p>\n<p data-start=\"593\" data-end=\"970\" data-is-last-node=\"\" data-is-only-node=\"\"><strong>Le 20\/12\/25 :\u00a0<\/strong><br \/>Ospreys 10 \u2013 26 Munster<\/p>\n<p data-start=\"593\" data-end=\"970\" data-is-last-node=\"\" data-is-only-node=\"\"><strong>Le 27\/12\/25 :\u00a0<\/strong><br \/>Munster 8 \u2013 13 Leinster<\/p>\n<p data-start=\"593\" data-end=\"970\" data-is-last-node=\"\" data-is-only-node=\"\"><strong>Le 02\/01\/26 :\u00a0<\/strong><br \/>Ulster 28 \u2013 3 Munster<\/p>\n","protected":false},"excerpt":{"rendered":"Rien n\u2019est encore fig\u00e9 dans la poule 2 de la Champions Cup. L\u2019affiche de ce dimanche \u00e0 Mayol&hellip;\n","protected":false},"author":2,"featured_media":644062,"comment_status":"","ping_status":"","sticky":false,"template":"","format":"standard","meta":{"footnotes":""},"categories":[9619],"tags":[1111,11,1777,674,1011,27,12,882,25,2310],"class_list":{"0":"post-644061","1":"post","2":"type-post","3":"status-publish","4":"format-standard","5":"has-post-thumbnail","7":"category-toulon","8":"tag-actu","9":"tag-actualites","10":"tag-eu","11":"tag-europe","12":"tag-fr","13":"tag-france","14":"tag-news","15":"tag-provence-alpes-cote-dazur","16":"tag-republique-francaise","17":"tag-toulon"},"share_on_mastodon":{"url":"https:\/\/pubeurope.com\/@fr\/115846435528225258","error":""},"_links":{"self":[{"href":"https:\/\/www.europesays.com\/fr\/wp-json\/wp\/v2\/posts\/644061","targetHints":{"allow":["GET"]}}],"collection":[{"href":"https:\/\/www.europesays.com\/fr\/wp-json\/wp\/v2\/posts"}],"about":[{"href":"https:\/\/www.europesays.com\/fr\/wp-json\/wp\/v2\/types\/post"}],"author":[{"embeddable":true,"href":"https:\/\/www.europesays.com\/fr\/wp-json\/wp\/v2\/users\/2"}],"replies":[{"embeddable":true,"href":"https:\/\/www.europesays.com\/fr\/wp-json\/wp\/v2\/comments?post=644061"}],"version-history":[{"count":0,"href":"https:\/\/www.europesays.com\/fr\/wp-json\/wp\/v2\/posts\/644061\/revisions"}],"wp:featuredmedia":[{"embeddable":true,"href":"https:\/\/www.europesays.com\/fr\/wp-json\/wp\/v2\/media\/644062"}],"wp:attachment":[{"href":"https:\/\/www.europesays.com\/fr\/wp-json\/wp\/v2\/media?parent=644061"}],"wp:term":[{"taxonomy":"category","embeddable":true,"href":"https:\/\/www.europesays.com\/fr\/wp-json\/wp\/v2\/categories?post=644061"},{"taxonomy":"post_tag","embeddable":true,"href":"https:\/\/www.europesays.com\/fr\/wp-json\/wp\/v2\/tags?post=644061"}],"curies":[{"name":"wp","href":"https:\/\/api.w.org\/{rel}","templated":true}]}}