{"id":644084,"date":"2026-01-06T05:30:29","date_gmt":"2026-01-06T05:30:29","guid":{"rendered":"https:\/\/www.europesays.com\/fr\/644084\/"},"modified":"2026-01-06T05:30:29","modified_gmt":"2026-01-06T05:30:29","slug":"un-retrait-de-points-pour-le-losc-a-cause-de-chants-homophobes-france-j17-lille-rennes-0-2","status":"publish","type":"post","link":"https:\/\/www.europesays.com\/fr\/644084\/","title":{"rendered":"Un retrait de points pour le LOSC \u00e0 cause de chants homophobes ? &#8211; France &#8211; J17 &#8211; Lille-Rennes (0-2)"},"content":{"rendered":"<p>On red\u00e9marre vachement bien 2026.<\/p>\n<p>Samedi, <a target=\"_blank\" href=\"https:\/\/www.sofoot.com\/articles\/lille-rennes-les-mauvaises-resolutions-du-losc-dolivier-letang-et-bruno-genesio\" rel=\"noopener\">lors du match de Ligue 1 entre Lille et Rennes<\/a><strong>,<\/strong> <strong>une partie des supporters de l\u2019\u00e9quipe locale a entonn\u00e9 des chants homophobes<\/strong>. \u00c0 la suite de ces faits, Julien Pontes, porte-parole du collectif Rouge direct, engag\u00e9 dans la lutte contre l\u2019homophobie dans le football, <a target=\"_blank\" href=\"https:\/\/www.facebook.com\/RFfrancebleunord\/videos\/julien-pontes-porte-parole-du-collectif-rouge-direct-sur-ici-nord\/1250130710551385\/\" rel=\"noopener\">est intervenu sur la radio Ici Nord<\/a> afin d\u2019exiger une r\u00e9action claire de la Ligue de football professionnel : \u00ab\u00a0La LFP doit sortir du d\u00e9ni.\u00a0\u00bb<\/p>\n<p><strong>Selon lui et son association, la FFF a montr\u00e9 qu\u2019il \u00e9tait possible de faire mieux<\/strong> : \u00ab\u00a0Le laxisme de la LFP et du club lillois n\u2019est plus tenable \u00e0 l\u2019heure o\u00f9 la FFF enclenche une vraie dynamique de lutte contre l\u2019homophobie dans le cadre de la Coupe de France.\u00a0\u00bb<\/p>\n<p>Ce n\u2019est pas la premi\u00e8re fois que le collectif d\u00e9nonce des d\u00e9rapages homophobes de supporters lillois. Il n\u2019est donc pas surprenant que Rouge direct mette en cause aussi bien le club que la Ligue : \u00ab\u00a0Le LOSC doit exprimer sa condamnation ferme pour des faits manifestes d\u2019homophobie.\u00a0\u00bb Afin que cela se produise, les activistes proposent \u00e0 la Ligue une \u00ab\u00a0d\u00e9duction ferme de points [\u2026] comme pour les faits de racisme\u00a0\u00bb.<\/p>\n<p>La FFF en exemple positif \u2013 quelle dr\u00f4le d\u2019\u00e9poque\u2026<\/p>\n<p>\t\t\t\t\t\t\t\t\t\t<a class=\"lien-connexe\" href=\"https:\/\/www.sofoot.com\/breves\/coleres-de-letang-et-genesio-chants-homophobes-le-conseil-national-de-lethique-se-saisit-du-cas-du-losc\" target=\"_blank\" rel=\"noopener\">Le conseil national de l\u2019\u00e9thique se saisit du cas du LOSC<\/a>\t\t\t\t\t<\/p>\n","protected":false},"excerpt":{"rendered":"On red\u00e9marre vachement bien 2026. Samedi, lors du match de Ligue 1 entre Lille et Rennes, une partie&hellip;\n","protected":false},"author":2,"featured_media":644085,"comment_status":"","ping_status":"","sticky":false,"template":"","format":"standard","meta":{"footnotes":""},"categories":[2815],"tags":[1111,47,11,61,69,65,64,1777,674,63,1011,27,811,68,66,1307,12,62,70,25,67],"class_list":{"0":"post-644084","1":"post","2":"type-post","3":"status-publish","4":"format-standard","5":"has-post-thumbnail","7":"category-lille","8":"tag-actu","9":"tag-actualite","10":"tag-actualites","11":"tag-actus-football","12":"tag-bundesliga","13":"tag-championnats-europeens","14":"tag-equipe-de-france","15":"tag-eu","16":"tag-europe","17":"tag-football","18":"tag-fr","19":"tag-france","20":"tag-hauts-de-france","21":"tag-ligua","22":"tag-ligue-1","23":"tag-lille","24":"tag-news","25":"tag-news-foot","26":"tag-premier-league","27":"tag-republique-francaise","28":"tag-serie-a"},"share_on_mastodon":{"url":"https:\/\/pubeurope.com\/@fr\/115846514193503682","error":""},"_links":{"self":[{"href":"https:\/\/www.europesays.com\/fr\/wp-json\/wp\/v2\/posts\/644084","targetHints":{"allow":["GET"]}}],"collection":[{"href":"https:\/\/www.europesays.com\/fr\/wp-json\/wp\/v2\/posts"}],"about":[{"href":"https:\/\/www.europesays.com\/fr\/wp-json\/wp\/v2\/types\/post"}],"author":[{"embeddable":true,"href":"https:\/\/www.europesays.com\/fr\/wp-json\/wp\/v2\/users\/2"}],"replies":[{"embeddable":true,"href":"https:\/\/www.europesays.com\/fr\/wp-json\/wp\/v2\/comments?post=644084"}],"version-history":[{"count":0,"href":"https:\/\/www.europesays.com\/fr\/wp-json\/wp\/v2\/posts\/644084\/revisions"}],"wp:featuredmedia":[{"embeddable":true,"href":"https:\/\/www.europesays.com\/fr\/wp-json\/wp\/v2\/media\/644085"}],"wp:attachment":[{"href":"https:\/\/www.europesays.com\/fr\/wp-json\/wp\/v2\/media?parent=644084"}],"wp:term":[{"taxonomy":"category","embeddable":true,"href":"https:\/\/www.europesays.com\/fr\/wp-json\/wp\/v2\/categories?post=644084"},{"taxonomy":"post_tag","embeddable":true,"href":"https:\/\/www.europesays.com\/fr\/wp-json\/wp\/v2\/tags?post=644084"}],"curies":[{"name":"wp","href":"https:\/\/api.w.org\/{rel}","templated":true}]}}