{"id":644093,"date":"2026-01-06T05:36:24","date_gmt":"2026-01-06T05:36:24","guid":{"rendered":"https:\/\/www.europesays.com\/fr\/644093\/"},"modified":"2026-01-06T05:36:24","modified_gmt":"2026-01-06T05:36:24","slug":"circulation-interdite-des-camions-sur-louest-et-lile-de-france-etendue-en-charente-maritime","status":"publish","type":"post","link":"https:\/\/www.europesays.com\/fr\/644093\/","title":{"rendered":"circulation interdite des camions sur l&rsquo;ouest et l&rsquo;Ile-de-France \u00e9tendue en Charente-Maritime"},"content":{"rendered":"<p>                    Par<br \/>\n        <strong><br \/>\n            <a href=\"https:\/\/actu.fr\/auteur\/carine-robinault\" title=\"Consulter tous les articles de Carine Robinault\" target=\"_blank\" rel=\"noopener\">Carine Robinault<\/a><br \/>\n                    <\/strong><\/p>\n<p>        Publi\u00e9 le<\/p>\n<p>            5 janv. 2026 \u00e0 20h52        <\/p>\n<p>[MISE A JOUR LE 05\/01\/2026 \u00e0 20h50] Les camions de plus de 7,5 T avaient d\u00e9j\u00e0 l\u2019interdiction de circuler sur les routes et autoroutes de l\u2019Ouest depuis 16h, ceux de plus de 3,5 T en Ile-de-France. En ce d\u00e9but de soir\u00e9e du lundi 5 janvier 2026, Vinci autoroutes annonce que les restrictions s\u2019\u00e9tenderont, d\u00e8s 22 heures, au d\u00e9partement de la Charente-Maritime : la circulation sur l\u2019autoroute A10 sera interdite aux poids-lourds, dans les deux sens de circulation, entre les \u00e9changeurs de Poitiers-Sud et de St Andr\u00e9 de Cubzac et une d\u00e9viation sera mise en place par la RN10.<\/p>\n<p class=\" wall-content\">Aujourd\u2019hui, lundi 5 janvier 2026, et demain, mardi 6 janvier 2026, <a href=\"https:\/\/actu.fr\/meteo\/neige-meteo-france-declenche-la-vigilance-orange-dans-sept-departements-pour-lundi-les-previsions_63648673.html\" target=\"_blank\" rel=\"noopener\">26 d\u00e9partements<\/a> sont plac\u00e9s en vigilance orange <a href=\"https:\/\/actu.fr\/tag\/neige\" target=\"_blank\" rel=\"noopener\">neige<\/a> et verglas par <a href=\"https:\/\/actu.fr\/tag\/meteo-france\" target=\"_blank\" rel=\"noopener\">M\u00e9t\u00e9o France<\/a>. Sur ces 26 d\u00e9partements, 11 sont desservis par le r\u00e9seau Vinci autoroutes qui restreint donc la circulation des poids-lourds dans certains secteurs : la Mayenne, la Sarthe, l\u2019Orne, l\u2019Eure-et-Loir, les Yvelines, l\u2019Essonne, les Hauts-de-Seine, Maine-et-Loire, Loire-Atlantique, les Deux-S\u00e8vres et la Charente-Maritime.<\/p>\n<p class=\" wall-content\">Les autorit\u00e9s pr\u00e9fectorales ont pris des mesures de restriction de circulation pour les poids-lourds de plus de 7,5 tonnes sur les axes suivants, g\u00e9r\u00e9s par Vinci autoroutes : <b>A10, A11, A81, A28, A83, A85 et A87<\/b>.\u00a0<\/p>\n<p>Conditions de circulation : pas de camions de plus de 7,5 T sur les routes et autoroutes et pas plus de 3,5 T en Ile de France<\/p>\n<ul class=\" wall-content\">\n<li data-end=\"761\"><b data-end=\"576\">Un arr\u00eat\u00e9 zonal d\u00e9clare l\u2019interdiction de circulation des poids-lourds de plus de 7,5 tonnes (PTAC)<\/b> sur les routes et autoroutes des d\u00e9partements de l\u2019ouest. Les d\u00e9partements concern\u00e9s desservis par le r\u00e9seau VINCI Autoroutes sont les suivants, avec les axes autoroutiers associ\u00e9s :<\/li>\n<\/ul>\n<p class=\" wall-content\">\u2013 Depuis 13h00 : l\u2019Eure-et-Loir, la Mayenne, l\u2019Orne et la Sarthe (A11-A10-A81-A28)<\/p>\n<p data-end=\"909\" class=\" wall-content\">\u2013 Depuis 16h00 : Loire-Atlantique (A11-A85-A87-A83)<\/p>\n<p>Vid\u00e9os : en ce moment sur Actu<\/p>\n<p data-end=\"980\" class=\" wall-content\">\u2013 Depuis 18h : le Maine-et-Loire et la Vend\u00e9e et les Deux-S\u00e8vres (A11-A85-A87-A83)\u00a0<\/p>\n<p>    <a href=\"https:\/\/www.facebook.com\/plugins\/video.php?height=476&amp;href=https%3A%2F%2Fwww.facebook.com%2Freel%2F2365397997256146%2F&amp;show_text=true&amp;width=350&amp;t=0\" title=\"Ouvrie le lien\" target=\"_blank\" rel=\"noopener\">Cliquez ici pour visualiser le contenu<\/a><\/p>\n<p>Votre r\u00e9gion, votre actu !<\/p>\n<p>Recevez chaque jour les infos qui comptent pour vous.<\/p>\n<p>\t<a href=\"https:\/\/actu.fr\/newsletter\" class=\"ac-btn ac-btn--corner ac-btn--medium ac-btn--blue800\" target=\"_blank\" rel=\"noopener\">S&rsquo;incrire<\/a><\/p>\n<ul class=\" wall-content\">\n<li data-end=\"1277\"><b data-end=\"1087\">Un arr\u00eat\u00e9 zonal d\u00e9clare l\u2019interdiction de circulation des poids-lourds de plus de 3,5 tonnes (PTAC)<\/b> sur les routes et autoroutes des d\u00e9partements d\u2019\u00cele-de-France. Les d\u00e9partements concern\u00e9s desservis par le r\u00e9seau VINCI Autoroutes sont les suivants, avec les axes autoroutiers associ\u00e9s : depuis 14h, l\u2019Essonne, les Yvelines et les Hauts-de-Seine (A11-A10-Duplex A86)<\/li>\n<\/ul>\n<ul class=\" wall-content\">\n<li data-end=\"1493\">En \u00cele-de-France, la vitesse est limit\u00e9e \u00e0 80 km\/h pour tous les v\u00e9hicules sur l\u2019ensemble des routes nationales et autoroutes.<\/li>\n<\/ul>\n<p class=\" wall-content\">Des zones de stationnement obligatoire pour les poids lourds sont activ\u00e9es par les autorit\u00e9s en plusieurs points du r\u00e9seau notamment sur l\u2019A11, \u00e0 hauteur de <a href=\"https:\/\/actu.fr\/pays-de-la-loire\/la-ferte-bernard_72132\" target=\"_blank\" rel=\"noopener\">La Fert\u00e9-Bernard<\/a>, en Sarthe, ou encore sur l\u2019A10 au niveau de la barri\u00e8re de p\u00e9age de <a href=\"https:\/\/actu.fr\/ile-de-france\/saint-arnoult-en-yvelines_78537\" target=\"_blank\" rel=\"noopener\">Saint-Arnoult-en-Yvelines.<\/a><\/p>\n<p data-end=\"1747\" class=\" wall-content\">Par ailleurs, <b>d\u2019autres mesures de restriction de circulation<\/b> des poids-lourds pourraient \u00eatre prises par les autorit\u00e9s. VINCI Autoroutes recommande de bien s\u2019informer avant tout d\u00e9placement sur ces secteurs, notamment les professionnels des transports.<\/p>\n<p>Mobilisation des \u00e9quipes de Vinci autoroutes<\/p>\n<p data-end=\"5751\" class=\" wall-content\">Par ailleurs, Vinci autoroutes fait savoir que depuis ce lundi matin, ses \u00e9quipes sont mobilis\u00e9es face aux intemp\u00e9ries, les conditions de circulation \u00e9tant d\u00e9licates dans diff\u00e9rents secteurs. Des engins de d\u00e9neigement y sont en action et \u00ab\u00a0il est rappel\u00e9 aux conducteurs de<b data-end=\"3713\"> ne pas les d\u00e9passer <\/b>et de respecter les distances de s\u00e9curit\u00e9\u00a0\u00bb, fait savoir Vinci autoroutes dans un communiqu\u00e9 de presse. Lorsqu\u2019ils sont en action, les engins de salage ou d\u00e9neigement allument leur gyrophare bleu.<\/p>\n<p>    <a href=\"https:\/\/www.facebook.com\/plugins\/post.php?href=https%3A%2F%2Fwww.facebook.com%2FPrefecturedelaSarthe%2Fposts%2Fpfbid02J58wDhu5nqyC5kYJnPZYP4JS2196rhQZ9FdoBkvT6innDVQKzBYa26MXr8XdnbuDl&amp;show_text=true&amp;width=350\" title=\"Ouvrie le lien\" target=\"_blank\" rel=\"noopener\">Cliquez ici pour visualiser le contenu<\/a><\/p>\n<p data-end=\"5751\" class=\" wall-content\">Les d\u00e9passer constitue une infraction au Code de la route, comme le souligne l\u2019article R414-17. \u00ab\u00a0Le d\u00e9passement des engins de service hivernal en action sur la chauss\u00e9e est interdit \u00e0 tout v\u00e9hicule. Le fait de contrevenir au pr\u00e9sent article est puni de l\u2019amende pr\u00e9vue pour les contraventions de la quatri\u00e8me classe. Toute personne coupable de cette infraction encourt \u00e9galement la peine compl\u00e9mentaire de suspension, pour une dur\u00e9e de trois ans au plus\u00a0\u00bb, citent les \u00e9quipes de Vinci<\/p>\n<blockquote class=\"ac-article-quote wall-content\">\n<p>Le dispositif de viabilit\u00e9 hivernale ne peut \u00eatre pleinement efficace que si les conducteurs de v\u00e9hicules l\u00e9gers comme de poids lourds prennent conscience des sp\u00e9cificit\u00e9s de la conduite en hiver et adoptent quatre principes fondamentaux dans leur comportement au volant : l\u2019anticipation, un \u00e9quipement adapt\u00e9 du v\u00e9hicule, la prudence et le respect du Code de la route.<\/p>\n<p>Vinci autoroutes<\/p><\/blockquote>\n<p>Conseils de conduite lors de ch\u00fbtes de neige, ou de verglas<\/p>\n<p class=\" wall-content\">Enfin, Vinci rappelle des r\u00e8gles de conduite simples \u00e0 appliquer dans ces cas de circulation difficile :<\/p>\n<ol class=\" wall-content\">\n<li data-end=\"533\"><b data-end=\"247\">Bien pr\u00e9parer son d\u00e9placement<\/b>, en se renseignant sur les conditions de circulation et en \u00e9quipant son v\u00e9hicule : utilisation de pneus hiver, pr\u00e9sence \u00e0 bord de tous les \u00e9quipements utiles en cas de difficult\u00e9s (couverture chaude, nourriture et eau en quantit\u00e9 suffisante, etc.), et ce, m\u00eame pour de courts trajets ;<\/li>\n<li data-end=\"668\"><b data-end=\"570\">Adapter sa conduite \u00e0 la m\u00e9t\u00e9o<\/b> : respect des distances de s\u00e9curit\u00e9, anticipation des freinages, mod\u00e9ration de la vitesse, etc. ;<\/li>\n<li data-end=\"805\"><b data-end=\"720\">Respecter les consignes de s\u00e9curit\u00e9 diffus\u00e9es<\/b> : circuler par exemple sur une seule voie si la situation m\u00e9t\u00e9orologique se d\u00e9grade.<\/li>\n<\/ol>\n<p class=\" wall-content\">Personnalisez votre actualit\u00e9 en ajoutant vos villes et m\u00e9dias en favori avec <a href=\"https:\/\/moncompte.actu.fr\" title=\"D\u00e9couvez Mon Actu\" rel=\"nofollow noopener\" data-trk=\"{&quot;cta&quot;:{&quot;action&quot;:&quot;https:\\\/\\\/moncompte.actu.fr&quot;,&quot;category&quot;:&quot;mon compte&quot;,&quot;from&quot;:&quot;article footer&quot;,&quot;name&quot;:&quot;Mon actu&quot;,&quot;type&quot;:&quot;cta&quot;}}\" target=\"_blank\">Mon Actu<\/a>.<\/p>\n","protected":false},"excerpt":{"rendered":"Par Carine Robinault Publi\u00e9 le 5 janv. 2026 \u00e0 20h52 [MISE A JOUR LE 05\/01\/2026 \u00e0 20h50] Les&hellip;\n","protected":false},"author":2,"featured_media":644094,"comment_status":"","ping_status":"","sticky":false,"template":"","format":"standard","meta":{"footnotes":""},"categories":[1592],"tags":[1111,11,4012,9611,1777,674,1011,27,662,2357,12,626,25,104],"class_list":{"0":"post-644093","1":"post","2":"type-post","3":"status-publish","4":"format-standard","5":"has-post-thumbnail","7":"category-ile-de-france","8":"tag-actu","9":"tag-actualites","10":"tag-autoroute-11-a11","11":"tag-autoroute-28-a28","12":"tag-eu","13":"tag-europe","14":"tag-fr","15":"tag-france","16":"tag-ile-de-france","17":"tag-meteo-france","18":"tag-news","19":"tag-paris","20":"tag-republique-francaise","21":"tag-societe"},"share_on_mastodon":{"url":"https:\/\/pubeurope.com\/@fr\/115846537771977692","error":""},"_links":{"self":[{"href":"https:\/\/www.europesays.com\/fr\/wp-json\/wp\/v2\/posts\/644093","targetHints":{"allow":["GET"]}}],"collection":[{"href":"https:\/\/www.europesays.com\/fr\/wp-json\/wp\/v2\/posts"}],"about":[{"href":"https:\/\/www.europesays.com\/fr\/wp-json\/wp\/v2\/types\/post"}],"author":[{"embeddable":true,"href":"https:\/\/www.europesays.com\/fr\/wp-json\/wp\/v2\/users\/2"}],"replies":[{"embeddable":true,"href":"https:\/\/www.europesays.com\/fr\/wp-json\/wp\/v2\/comments?post=644093"}],"version-history":[{"count":0,"href":"https:\/\/www.europesays.com\/fr\/wp-json\/wp\/v2\/posts\/644093\/revisions"}],"wp:featuredmedia":[{"embeddable":true,"href":"https:\/\/www.europesays.com\/fr\/wp-json\/wp\/v2\/media\/644094"}],"wp:attachment":[{"href":"https:\/\/www.europesays.com\/fr\/wp-json\/wp\/v2\/media?parent=644093"}],"wp:term":[{"taxonomy":"category","embeddable":true,"href":"https:\/\/www.europesays.com\/fr\/wp-json\/wp\/v2\/categories?post=644093"},{"taxonomy":"post_tag","embeddable":true,"href":"https:\/\/www.europesays.com\/fr\/wp-json\/wp\/v2\/tags?post=644093"}],"curies":[{"name":"wp","href":"https:\/\/api.w.org\/{rel}","templated":true}]}}