{"id":644095,"date":"2026-01-06T05:37:12","date_gmt":"2026-01-06T05:37:12","guid":{"rendered":"https:\/\/www.europesays.com\/fr\/644095\/"},"modified":"2026-01-06T05:37:12","modified_gmt":"2026-01-06T05:37:12","slug":"en-direct-guerre-en-ukraine-nouvelle-reunion-de-la-coalition-des-volontaires-a-paris-aujourdhui","status":"publish","type":"post","link":"https:\/\/www.europesays.com\/fr\/644095\/","title":{"rendered":"EN DIRECT &#8211; Guerre en Ukraine : nouvelle r\u00e9union de la coalition des volontaires \u00e0 Paris aujourd&rsquo;hui"},"content":{"rendered":"<ul class=\"jsx-862013697 ArticleChapo__List\">\n<li class=\"jsx-862013697 ArticleChapo__List_Item flex\">Emmanuel Macron accueille \u00e0 Paris une nouvelle r\u00e9union de la coalition des volontaires, les alli\u00e9s de l&rsquo;Ukraine ce mardi en pr\u00e9sence du pr\u00e9sident ukrainien Volodymyr Zelensky.<\/li>\n<li class=\"jsx-862013697 ArticleChapo__List_Item flex\">Trente-cinq pays seront repr\u00e9sent\u00e9s.<\/li>\n<li class=\"jsx-862013697 ArticleChapo__List_Item flex\">Suivez les derni\u00e8res informations.<\/li>\n<\/ul>\n<p data-module=\"article-paragraph\" class=\"jsx-157965717 Paragraph\">Le sommet de la <a href=\"https:\/\/www.tf1info.fr\/international\/guerre-ukraine-russie-pourquoi-la-coalition-des-volontaires-se-reunit-a-paris-mardi-6-janvier-2026-2416791.html\" target=\"_blank\" rel=\"noopener\">\u00ab\u00a0coalition des volontaires\u00a0\u00bb<\/a> pr\u00e9vu mardi \u00e0 Paris r\u00e9unira 35 pays et vise \u00e0 afficher la \u00ab\u00a0convergence\u00a0\u00bb entre Washington, les Europ\u00e9ens et Kiev sur \u00ab\u00a0les modalit\u00e9s op\u00e9rationnelles\u00a0\u00bb des garanties de s\u00e9curit\u00e9 pour l&rsquo;Ukraine, a annonc\u00e9 lundi l&rsquo;Elys\u00e9e.<\/p>\n<p data-module=\"article-paragraph\" class=\"jsx-157965717 Paragraph Paragraph__End\">Vingt-sept chefs d&rsquo;Etat ou de gouvernement, essentiellement europ\u00e9ens, sont attendus dans la capitale fran\u00e7aise pour cette nouvelle r\u00e9union \u00e0 laquelle participeront en tout 35 pays. Les \u00e9missaires am\u00e9ricains Steve Witkoff et Jared Kushner seront pr\u00e9sents, pour la premi\u00e8re participation am\u00e9ricaine \u00e0 un sommet en pr\u00e9sentiel de cette coalition lanc\u00e9e au printemps par la France et le Royaume-Uni.<\/p>\n<p>Minute par minuteCOALITION DES VOLONTAIRES06:34<\/p>\n<p>Les pays europ\u00e9ens alli\u00e9s de l&rsquo;Ukraine et des \u00e9missaires am\u00e9ricains se retrouvent aujourd&rsquo;hui \u00e0 Paris pour un sommet visant \u00e0 afficher leur \u00ab\u00a0convergence\u00a0\u00bb sur les garanties de s\u00e9curit\u00e9 \u00e0 fournir \u00e0 Kiev et pr\u00e9ciser les contours d&rsquo;une \u00ab\u00a0force multinationale\u00a0\u00bb en cas d&rsquo;accord de cessez-le-feu avec Moscou.<\/p>\n<p>L&rsquo;entourage d&rsquo;Emmanuel Macron pr\u00e9sente cette nouvelle r\u00e9union de la \u00a0Coalition des volontaires comme l&rsquo;aboutissement des efforts qu&rsquo;il a commenc\u00e9 \u00e0 d\u00e9ployer il y a environ un an, apr\u00e8s l&rsquo;arriv\u00e9e de Donald Trump \u00e0 la Maison Blanche, pour \u00e9viter que les Etats-Unis ne \u00ab\u00a0l\u00e2chent l&rsquo;Ukraine\u00a0\u00bb.<\/p>\n<p>BONJOUR06:33<\/p>\n<p>Bienvenue dans ce direct consacr\u00e9 \u00e0 la guerre en Ukraine. Retrouvez ici les derni\u00e8res informations et les images fortes li\u00e9es \u00e0 ce conflit et \u00e0 ses cons\u00e9quences.<\/p>\n<p data-module=\"article-paragraph\" class=\"jsx-157965717 Paragraph Paragraph__End\">Selon des sources diplomatiques, le pr\u00e9sident ukrainien Volodymyr Zelensky est aussi attendu, ainsi que le Premier ministre britannique Keir Starmer, le chancelier allemand Friedrich Merz, l&rsquo;Italienne Giorgia Meloni et le Canadien Mark Carney.<\/p>\n<p><a href=\"https:\/\/www.tf1info.fr\/international\/direct-guerre-ukraine-russie-le-kremlin-dit-avoir-abattu-plus-de-25-drones-ukrainiens-se-dirigeant-vers-moscou-les-dernieres-informations-lundi-5-janvier-2026-2416621.html\" rel=\"noopener\" class=\"jsx-3308031228 Link flex\" target=\"_blank\"><img decoding=\"async\" src=\"https:\/\/www.europesays.com\/fr\/wp-content\/uploads\/2026\/01\/jared-kushner-steve-witkoff-d74533-1@1x.jpeg\" alt=\"Le gendre de Donald Trump, Jared Kushner, et son \u00e9missaire Steve Witkoff dans le New Jersey le 13 juillet 2025.\" loading=\"lazy\" importance=\"low\" fetchpriority=\"low\" class=\"\" aria-hidden=\"true\"\/><\/p>\n<p class=\"jsx-3657663356 ReadMoreArticle__Title\">Lire aussi<\/p>\n<p class=\"jsx-3657663356\">Ukraine : Washington envoie l&rsquo;\u00e9missaire Steve Witkoff \u00e0 Paris pour les discussions sur le plan de paix<\/p>\n<p><\/a><\/p>\n<p data-module=\"article-paragraph\" class=\"jsx-157965717 Paragraph Paragraph__End\">Les dirigeants doivent s&rsquo;engager notamment sur leur vision commune des \u00ab\u00a0modalit\u00e9s d&rsquo;un cessez-le-feu\u00a0\u00bb futur entre l&rsquo;Ukraine et la Russie, et sur leur riposte en cas de violation, ainsi que sur le principe du \u00ab\u00a0d\u00e9ploiement d&rsquo;une force multinationale\u00a0\u00bb pour \u00ab\u00a0r\u00e9assurer l&rsquo;Ukraine\u00a0\u00bb dans le cadre d&rsquo;un \u00e9ventuel accord politique, a pr\u00e9cis\u00e9 la pr\u00e9sidence fran\u00e7aise. Ces d\u00e9cisions \u00e9taient encore en cours de \u00ab\u00a0finalisation\u00a0\u00bb lundi.<\/p>\n<p>La r\u00e9daction de TF1info<\/p>\n","protected":false},"excerpt":{"rendered":"Emmanuel Macron accueille \u00e0 Paris une nouvelle r\u00e9union de la coalition des volontaires, les alli\u00e9s de l&rsquo;Ukraine ce&hellip;\n","protected":false},"author":2,"featured_media":644096,"comment_status":"","ping_status":"","sticky":false,"template":"","format":"standard","meta":{"footnotes":""},"categories":[1888],"tags":[1111,1928,11,1927,1921,1073,1777,674,1011,27,4710,3044,1922,2581,15904,12,1926,626,1925,25,132,220,1917,133,1920,134],"class_list":{"0":"post-644095","1":"post","2":"type-post","3":"status-publish","4":"format-standard","5":"has-post-thumbnail","7":"category-paris","8":"tag-actu","9":"tag-actu-paris","10":"tag-actualites","11":"tag-actualites-paris","12":"tag-article-video","13":"tag-emmanuel-macron","14":"tag-eu","15":"tag-europe","16":"tag-fr","17":"tag-france","18":"tag-friedrich-merz","19":"tag-giorgia-meloni","20":"tag-info","21":"tag-keir-starmer","22":"tag-mark-carney","23":"tag-news","24":"tag-news-paris","25":"tag-paris","26":"tag-paris-news","27":"tag-republique-francaise","28":"tag-russie","29":"tag-ukraine","30":"tag-ukraine-4-annee-de-guerre","31":"tag-video","32":"tag-video-international","33":"tag-volodymyr-zelensky"},"share_on_mastodon":{"url":"https:\/\/pubeurope.com\/@fr\/115846541756337606","error":""},"_links":{"self":[{"href":"https:\/\/www.europesays.com\/fr\/wp-json\/wp\/v2\/posts\/644095","targetHints":{"allow":["GET"]}}],"collection":[{"href":"https:\/\/www.europesays.com\/fr\/wp-json\/wp\/v2\/posts"}],"about":[{"href":"https:\/\/www.europesays.com\/fr\/wp-json\/wp\/v2\/types\/post"}],"author":[{"embeddable":true,"href":"https:\/\/www.europesays.com\/fr\/wp-json\/wp\/v2\/users\/2"}],"replies":[{"embeddable":true,"href":"https:\/\/www.europesays.com\/fr\/wp-json\/wp\/v2\/comments?post=644095"}],"version-history":[{"count":0,"href":"https:\/\/www.europesays.com\/fr\/wp-json\/wp\/v2\/posts\/644095\/revisions"}],"wp:featuredmedia":[{"embeddable":true,"href":"https:\/\/www.europesays.com\/fr\/wp-json\/wp\/v2\/media\/644096"}],"wp:attachment":[{"href":"https:\/\/www.europesays.com\/fr\/wp-json\/wp\/v2\/media?parent=644095"}],"wp:term":[{"taxonomy":"category","embeddable":true,"href":"https:\/\/www.europesays.com\/fr\/wp-json\/wp\/v2\/categories?post=644095"},{"taxonomy":"post_tag","embeddable":true,"href":"https:\/\/www.europesays.com\/fr\/wp-json\/wp\/v2\/tags?post=644095"}],"curies":[{"name":"wp","href":"https:\/\/api.w.org\/{rel}","templated":true}]}}