{"id":644097,"date":"2026-01-06T05:38:15","date_gmt":"2026-01-06T05:38:15","guid":{"rendered":"https:\/\/www.europesays.com\/fr\/644097\/"},"modified":"2026-01-06T05:38:15","modified_gmt":"2026-01-06T05:38:15","slug":"je-viens-dacheter-mon-7e-theatre-parisien","status":"publish","type":"post","link":"https:\/\/www.europesays.com\/fr\/644097\/","title":{"rendered":"\u00ab\u00a0Je viens d\u2019acheter mon 7e th\u00e9\u00e2tre parisien\u00a0!\u00a0\u00bb"},"content":{"rendered":"<p>\n    <strong>INFO LE FIGARO &#8211;<\/strong> D\u00e9j\u00e0 propri\u00e9taire \u00e0 Paris de la salle Gaveau, du Point Virgule, du Grand Point Virgule, de Bobino, du Th\u00e9\u00e2tre Libre et du Th\u00e9\u00e2tre Antoine, l\u2019homme d\u2019affaires vient d\u2019acqu\u00e9rir le Th\u00e9\u00e2tre du Gymnase sur les Grands boulevards.<\/p>\n<p class=\"fig-paragraph\">Et de sept\u00a0! Apr\u00e8s le Point Virgule, le Grand Point Virgule, le Th\u00e9\u00e2tre Libre, le Th\u00e9\u00e2tre Antoine, Bobino et la\u00a0<a href=\"http:\/\/www.lefigaro.fr\/culture\/la-salle-gaveau-retrouve-un-restaurant-dans-ses-murs-20241208\" data-fig-type=\"Article\" data-gtm-custom-categorie=\"navigation\" data-gtm-custom-action=\"crossclick\" data-gtm-custom-label=\"Contextuel\" data-gtm-event=\"customEventSPE\" data-fig-domain=\"LEFIGARO\" target=\"_blank\" rel=\"noopener\">salle Gaveau<\/a>, \u00ab\u00a0je viens d\u2019acheter mon septi\u00e8me th\u00e9\u00e2tre parisien\u00a0: le th\u00e9\u00e2tre du Gymnase sur les Grands Boulevards\u00a0\u00bb, r\u00e9v\u00e8le au Figaro le producteur\u00a0<a href=\"https:\/\/www.lefigaro.fr\/tag\/jean-marc-dumontet\" target=\"_blank\" rel=\"sponsored noopener\" data-gtm-custom-categorie=\"navigation\" data-gtm-custom-action=\"crossclick\" data-gtm-custom-label=\"Contextuel\" data-gtm-event=\"customEventSPE\">Jean-Marc Dumontet<\/a>. \u00c0 59\u00a0ans, il devient ainsi le troisi\u00e8me propri\u00e9taire de th\u00e9\u00e2tres \u00e0 Paris aux c\u00f4t\u00e9s de Marc Ladreit de Lacharri\u00e8re (Marigny, Michodi\u00e8re, Th\u00e9\u00e2tre de Paris, Bouffes Parisiens, Porte-Saint-Martin) et de Pascal Legros, (Les Nouveaut\u00e9s, le Fontaine et \u00c9douard\u00a0VII).<\/p>\n<p class=\"fig-paragraph\">Tr\u00e8s bien situ\u00e9 sur les Grands Boulevards, c\u00e9l\u00e8bre pour les shows autrefois de\u00a0<a href=\"http:\/\/tvmag.lefigaro.fr\/programme-tv\/actu-tele\/thierry-le-luron-itineraire-d-un-pionnier-de-l-humour-20251226\" data-fig-type=\"Article\" data-gtm-custom-categorie=\"navigation\" data-gtm-custom-action=\"crossclick\" data-gtm-custom-label=\"Contextuel\" data-gtm-event=\"customEventSPE\" data-fig-domain=\"TVMAG\" target=\"_blank\" rel=\"noopener\">Thierry Le Luron<\/a>\u00a0et de Coluche, le Th\u00e9\u00e2tre du Gymnase est une marque forte qui appartenait depuis quatre d\u00e9cennies \u00e0 l\u2019avocat d\u2019affaires Jacques Bertin. D\u00e9c\u00e9d\u00e9 en juillet dernier \u00e0 90\u00a0ans, ce passionn\u00e9 a laiss\u00e9 une seule h\u00e9riti\u00e8re\u00a0: sa petite-fille Daphn\u00e9 Topal-Bertin. \u00c2g\u00e9e de 32\u00a0ans, celle-ci a pr\u00e9f\u00e9r\u00e9 vendre le fonds de commerce. Selon nos informations, le prix\u2026<\/p>\n<p class=\"fig-premium-paywall__infos\">\n        Cet article est r\u00e9serv\u00e9 aux abonn\u00e9s.        Il vous reste 85% \u00e0 d\u00e9couvrir.\n    <\/p>\n<p>                <img  data- alt=\"Le Figaro\" class=\"fig-img--complete fig-img\"\/><\/p>\n<p class=\"fig-premium-paywall__title\">Vous avez envie de lire la suite ?<\/p>\n<p class=\"fig-premium-paywall__subtitle\">D\u00e9bloquez tous les articles imm\u00e9diatement.<\/p>\n<p class=\"fig-premium-paywall__connect\">\n                D\u00e9j\u00e0 abonn\u00e9\u00a0?                <a class=\"fig-premium-paywall__connect-link\" href=\"https:\/\/connect.lefigaro.fr\/login?client=horizon_web&amp;type=main&amp;redirect_uri=https%3A%2F%2Fwww.lefigaro.fr%2Fflash-actu%2Fjean-marc-dumontet-je-viens-d-acheter-mon-7e-theatre-parisien-20260105\" data-js-gtm=\"{&quot;customCategorie&quot;: &quot;conversion&quot;, &quot;customAction&quot;: &quot;before_Landing_Connexion_paywall_auto&quot;, &quot;customLabel&quot;: &quot;bGVmaWdhcm8uZnJfXzFmMGVhNDMyLTBmZjUtNmY0Mi04YzAzLTVkMmViMzgwZTkzY19fTmV3c0ZsYXNo_Jean-Marc Dumontet\u00a0: \u00ab\u00a0Je viens d\u2019acheter mon 7&lt;sup&gt;e&lt;\/sup&gt; th\u00e9\u00e2tre parisien\u00a0!\u00a0\u00bb_445&quot;, &quot;customIDSPE&quot;: &quot;bGVmaWdhcm8uZnJfXzFmMGVhNDMyLTBmZjUtNmY0Mi04YzAzLTVkMmViMzgwZTkzY19fTmV3c0ZsYXNo&quot;, &quot;event&quot;: &quot;customEventSPE&quot;}\" target=\"_blank\" rel=\"noopener\"><br \/>\n                    Connectez-vous<br \/>\n                <\/a>\n            <\/p>\n","protected":false},"excerpt":{"rendered":"INFO LE FIGARO &#8211; D\u00e9j\u00e0 propri\u00e9taire \u00e0 Paris de la salle Gaveau, du Point Virgule, du Grand Point&hellip;\n","protected":false},"author":2,"featured_media":644098,"comment_status":"","ping_status":"","sticky":false,"template":"","format":"standard","meta":{"footnotes":""},"categories":[1888],"tags":[1111,1928,11,1927,56235,1777,674,1011,27,75057,1629,41709,12,1926,626,1925,25,1347],"class_list":{"0":"post-644097","1":"post","2":"type-post","3":"status-publish","4":"format-standard","5":"has-post-thumbnail","7":"category-paris","8":"tag-actu","9":"tag-actu-paris","10":"tag-actualites","11":"tag-actualites-paris","12":"tag-clementine-celarie","13":"tag-eu","14":"tag-europe","15":"tag-fr","16":"tag-france","17":"tag-jean-marc-dumontet","18":"tag-jean-paul-rouve","19":"tag-josephine-baker","20":"tag-news","21":"tag-news-paris","22":"tag-paris","23":"tag-paris-news","24":"tag-republique-francaise","25":"tag-theatre"},"share_on_mastodon":{"url":"https:\/\/pubeurope.com\/@fr\/115846545835814728","error":""},"_links":{"self":[{"href":"https:\/\/www.europesays.com\/fr\/wp-json\/wp\/v2\/posts\/644097","targetHints":{"allow":["GET"]}}],"collection":[{"href":"https:\/\/www.europesays.com\/fr\/wp-json\/wp\/v2\/posts"}],"about":[{"href":"https:\/\/www.europesays.com\/fr\/wp-json\/wp\/v2\/types\/post"}],"author":[{"embeddable":true,"href":"https:\/\/www.europesays.com\/fr\/wp-json\/wp\/v2\/users\/2"}],"replies":[{"embeddable":true,"href":"https:\/\/www.europesays.com\/fr\/wp-json\/wp\/v2\/comments?post=644097"}],"version-history":[{"count":0,"href":"https:\/\/www.europesays.com\/fr\/wp-json\/wp\/v2\/posts\/644097\/revisions"}],"wp:featuredmedia":[{"embeddable":true,"href":"https:\/\/www.europesays.com\/fr\/wp-json\/wp\/v2\/media\/644098"}],"wp:attachment":[{"href":"https:\/\/www.europesays.com\/fr\/wp-json\/wp\/v2\/media?parent=644097"}],"wp:term":[{"taxonomy":"category","embeddable":true,"href":"https:\/\/www.europesays.com\/fr\/wp-json\/wp\/v2\/categories?post=644097"},{"taxonomy":"post_tag","embeddable":true,"href":"https:\/\/www.europesays.com\/fr\/wp-json\/wp\/v2\/tags?post=644097"}],"curies":[{"name":"wp","href":"https:\/\/api.w.org\/{rel}","templated":true}]}}