{"id":644099,"date":"2026-01-06T05:39:18","date_gmt":"2026-01-06T05:39:18","guid":{"rendered":"https:\/\/www.europesays.com\/fr\/644099\/"},"modified":"2026-01-06T05:39:18","modified_gmt":"2026-01-06T05:39:18","slug":"plan-grand-froid-plus-de-1-000-personnes-mises-a-labri-a-paris-300-places-ouvertes-au-carreau-du-temple","status":"publish","type":"post","link":"https:\/\/www.europesays.com\/fr\/644099\/","title":{"rendered":"Plan grand froid\u00a0: plus de 1\u00a0000 personnes mises \u00e0 l\u2019abri \u00e0 Paris, 300 places ouvertes au Carreau du Temple"},"content":{"rendered":"<p class=\"paragraph text_align_left lp-f-body-02\">C\u2019est \u00ab un effort de solidarit\u00e9 in\u00e9dit \u00bb men\u00e9 par les services de l\u2019\u00c9tat en lien avec les associations, a assur\u00e9 ce lundi matin Marc Guillaume, pr\u00e9fet d\u2019\u00cele-de-France. Huit jours apr\u00e8s <a href=\"https:\/\/www.leparisien.fr\/paris-75\/reclame-par-la-ville-de-paris-et-les-associations-le-plan-grand-froid-active-en-ile-de-france-28-12-2025-UTNRYSTKTFAPLD22UTGONCZ4FU.php\" target=\"_self\" rel=\"noopener\">le d\u00e9clenchement du plan grand froid<\/a> \u00e0 <a href=\"https:\/\/www.leparisien.fr\/paris-75\/\" target=\"_self\" rel=\"noopener\">Paris<\/a> par la pr\u00e9fecture de r\u00e9gion, face aux temp\u00e9ratures glaciales qui touchent la capitale, plus de 1 000 personnes ont pu \u00eatre mises \u00e0 l\u2019abri ces derniers jours, sur les 1 200 places d\u2019h\u00e9bergement d\u2019urgence ouvertes depuis le 28 d\u00e9cembre.<\/p>\n<p class=\"\">\u00ab C\u2019est trois fois plus de places que lors de l\u2019activation du pr\u00e9c\u00e9dent plan grand froid \u00bb, <a href=\"https:\/\/www.leparisien.fr\/societe\/sans-abri-le-plan-grand-froid-lance-a-paris-des-batiments-requisitionnes-en-region-12-12-2022-A2P67LHK4BCBJNFVHYTTAVZNQM.php\" target=\"_self\" rel=\"noopener\">en 2022<\/a>, a notamment soulign\u00e9 Marc Guillaume lors d\u2019un point presse organis\u00e9 ce lundi en pr\u00e9sence des responsables de plusieurs associations d\u2019aide aux sans-abri, en charge de l\u2019accueil des personnes en situation de pr\u00e9carit\u00e9 dans les diff\u00e9rentes structures.<\/p>\n<p class=\"\">\u00ab \u00c0 date, une solution peut \u00eatre propos\u00e9e \u00e0 toute personne appelant le 115 \u00bb, promettent les services de l\u2019\u00c9tat. Malgr\u00e9 un nombre d\u2019appels important, les d\u00e9lais d\u2019attente permettent d\u2019obtenir une proposition d\u2019h\u00e9bergement dans la journ\u00e9e.<\/p>\n<p>300 places d\u2019h\u00e9bergement cr\u00e9\u00e9es au Carreau du Temple<\/p>\n<p class=\"\">Au vu des <a href=\"https:\/\/www.leparisien.fr\/meteo\/neige-en-ile-de-france-plus-de-800-km-de-bouchons-sur-les-routes-le-precedent-record-largement-battu-05-01-2026-4ZSFHGQTL5GJNFOM7KICQVG254.php\" target=\"_self\" rel=\"noopener\">temp\u00e9ratures glaciales qui doivent persister dans la capitale<\/a> et sa r\u00e9gion, la pr\u00e9fecture d\u2019\u00cele-de-France pr\u00e9cise que le plan grand froid restera en vigueur au moins jusqu\u2019en milieu de semaine, en fonction de l\u2019\u00e9volution des conditions m\u00e9t\u00e9o. Les maraudes ont elles aussi \u00e9t\u00e9 renforc\u00e9es afin d\u2019aller directement au contact des personnes vuln\u00e9rables n\u2019ayant pas encore demand\u00e9 un h\u00e9bergement.<\/p>\n<p class=\"\">Au total, 17 lieux ont \u00e9t\u00e9 mis \u00e0 disposition des personnes vuln\u00e9rables depuis le 28 d\u00e9cembre. Une partie des 1 200 places ouvertes concernent des nuits \u00e0 l\u2019h\u00f4tel, tandis que plusieurs b\u00e2timents publics ont \u00e9t\u00e9 ouverts \u00e0 des associations. C\u2019est notamment le cas de la mairie du Ve arrondissement, qui a r\u00e9cemment d\u00e9bloqu\u00e9 50 places dans ses murs, mais aussi du Carreau du Temple (IIIe), mis \u00e0 disposition du <a href=\"https:\/\/www.leparisien.fr\/paris-75\/du-jamais-vu-a-paris-un-nombre-record-denfants-a-la-rue-recenses-lors-de-la-nuit-de-la-solidarite-09-02-2023-QVF7LUHCIFAIRHY4ZLIVWGKBME.php\" target=\"_self\" rel=\"noopener\">Centre d\u2019action social protestant (Casp)<\/a> par la Ville de Paris depuis le 3 janvier.<\/p>\n<p class=\"\">300 places y ont notamment \u00e9t\u00e9 ouvertes, et l\u2019accueil y est possible 24 heures sur 24. \u00ab Nous accueillons actuellement un peu moins de 180 personnes sur place, 120 places sont encore disponibles \u00bb, d\u00e9taille Aur\u00e9lie-El Hassak-Marzorati, directrice g\u00e9n\u00e9rale du Casp. En plus des lits de camp et des couvertures fournis aux demandeurs, trois repas par jour sont \u00e9galement propos\u00e9s aux personnes h\u00e9berg\u00e9es au Carreau du Temple.<\/p>\n<p>\u00ab Des profils tr\u00e8s divers \u00bb parmi les personnes mises \u00e0 l\u2019abri<\/p>\n<p class=\"\">La semaine derni\u00e8re, d\u00e9non\u00e7ant le manque de places propos\u00e9es aux familles \u00e0 la rue par les services de l\u2019\u00c9tat, <a href=\"https:\/\/www.leparisien.fr\/paris-75\/nous-craignons-le-pire-pres-de-200-sans-abri-dorment-devant-la-mairie-du-xxe-arrondissement-15-11-2025-EIHRQR7PZ5AADFW3VAN65NSSWQ.php\" target=\"_self\" rel=\"noopener\">l\u2019association Utopia 56<\/a> organisait une op\u00e9ration symbolique devant un centre d\u2019h\u00e9bergement d\u2019urgence du XIXe arrondissement. Ce lundi, les services de la pr\u00e9fecture d\u2019\u00cele-de-France assurent que toutes les familles en situation de vuln\u00e9rabilit\u00e9, dont certaines dormaient encore devant l\u2019H\u00f4tel de Ville ces derniers jours, ont pu \u00eatre accueillies au sein du Carreau du Temple.<\/p>\n<p class=\"\">\u00ab Nous accueillons trois types de public diff\u00e9rents : des familles, soit environ 110 personnes, mais aussi 37 femmes isol\u00e9es ainsi que 27 jeunes en situation de recours aupr\u00e8s de l\u2019Aide sociale \u00e0 l\u2019enfance (ASE) \u00bb, d\u00e9taille Aur\u00e9lie-El Hassak-Marzorati. Parmi les familles prises en charge, la directrice g\u00e9n\u00e9rale du Casp \u00e9voque l\u00e0 aussi des profils tr\u00e8s divers.<\/p>\n<p class=\"\">\u00ab Je pense notamment \u00e0 une m\u00e8re de trois enfants qui travaille \u00e0 l\u2019a\u00e9roport de Roissy et est en attente d\u2019un CDI, et s\u2019est retrouv\u00e9e en situation de rue, mais aussi des enfants r\u00e9fugi\u00e9s arriv\u00e9s r\u00e9cemment en France avec leurs parents \u00bb, d\u00e9taille la responsable associative.<\/p>\n<p class=\"\">Pour les structures d\u2019accompagnement, l\u2019enjeu est d\u00e9sormais d\u2019\u00e9valuer au cas par cas les situations des personnes prises en charge, afin de les orienter vers un parcours d\u2019h\u00e9bergement adapt\u00e9 \u00e0 l\u2019issue de cette p\u00e9riode de grand froid.<\/p>\n","protected":false},"excerpt":{"rendered":"C\u2019est \u00ab un effort de solidarit\u00e9 in\u00e9dit \u00bb men\u00e9 par les services de l\u2019\u00c9tat en lien avec les&hellip;\n","protected":false},"author":2,"featured_media":629284,"comment_status":"","ping_status":"","sticky":false,"template":"","format":"standard","meta":{"footnotes":""},"categories":[1888],"tags":[11,1777,674,1011,27,1944,12,626,25],"class_list":{"0":"post-644099","1":"post","2":"type-post","3":"status-publish","4":"format-standard","5":"has-post-thumbnail","7":"category-paris","8":"tag-actualites","9":"tag-eu","10":"tag-europe","11":"tag-fr","12":"tag-france","13":"tag-ma-ville","14":"tag-news","15":"tag-paris","16":"tag-republique-francaise"},"share_on_mastodon":{"url":"https:\/\/pubeurope.com\/@fr\/115846549615914312","error":""},"_links":{"self":[{"href":"https:\/\/www.europesays.com\/fr\/wp-json\/wp\/v2\/posts\/644099","targetHints":{"allow":["GET"]}}],"collection":[{"href":"https:\/\/www.europesays.com\/fr\/wp-json\/wp\/v2\/posts"}],"about":[{"href":"https:\/\/www.europesays.com\/fr\/wp-json\/wp\/v2\/types\/post"}],"author":[{"embeddable":true,"href":"https:\/\/www.europesays.com\/fr\/wp-json\/wp\/v2\/users\/2"}],"replies":[{"embeddable":true,"href":"https:\/\/www.europesays.com\/fr\/wp-json\/wp\/v2\/comments?post=644099"}],"version-history":[{"count":0,"href":"https:\/\/www.europesays.com\/fr\/wp-json\/wp\/v2\/posts\/644099\/revisions"}],"wp:featuredmedia":[{"embeddable":true,"href":"https:\/\/www.europesays.com\/fr\/wp-json\/wp\/v2\/media\/629284"}],"wp:attachment":[{"href":"https:\/\/www.europesays.com\/fr\/wp-json\/wp\/v2\/media?parent=644099"}],"wp:term":[{"taxonomy":"category","embeddable":true,"href":"https:\/\/www.europesays.com\/fr\/wp-json\/wp\/v2\/categories?post=644099"},{"taxonomy":"post_tag","embeddable":true,"href":"https:\/\/www.europesays.com\/fr\/wp-json\/wp\/v2\/tags?post=644099"}],"curies":[{"name":"wp","href":"https:\/\/api.w.org\/{rel}","templated":true}]}}