{"id":644104,"date":"2026-01-06T05:42:11","date_gmt":"2026-01-06T05:42:11","guid":{"rendered":"https:\/\/www.europesays.com\/fr\/644104\/"},"modified":"2026-01-06T05:42:11","modified_gmt":"2026-01-06T05:42:11","slug":"guerre-en-ukraine-un-des-systemes-les-plus-avances-quest-ce-que-le-missile-nord-coreen-bulsae-4-utilise-par-les-russes","status":"publish","type":"post","link":"https:\/\/www.europesays.com\/fr\/644104\/","title":{"rendered":"Guerre en Ukraine\u00a0: \u00ab\u00a0un des syst\u00e8mes les plus avanc\u00e9s\u00a0\u00bb, qu\u2019est-ce que le missile nord-cor\u00e9en Bulsae-4 utilis\u00e9 par les Russes\u00a0?"},"content":{"rendered":"<p class=\"paragraph text_align_left lp-f-body-02\">C\u2019est un grand pas pour la Cor\u00e9e du Nord\u2026 et un petit aussi, par ricochet, pour la Russie. Le dirigeant nord-cor\u00e9en <a href=\"https:\/\/www.leparisien.fr\/international\/kim-jong-un\/\" target=\"_self\" rel=\"noopener\">Kim Jong-un<\/a> a annonc\u00e9 son projet d\u2019am\u00e9lioration et de <a href=\"https:\/\/www.leparisien.fr\/international\/coree-du-nord-en-2026-kim-jong-un-veut-plus-de-missiles-pour-renforcer-la-dissuasion-militaire-26-12-2025-EJ5KZCYFKRD2BPIQE7WXZ3PRUQ.php\" target=\"_self\" rel=\"noopener\">modernisation des capacit\u00e9s arm\u00e9es<\/a> de son pays pour 2026. Et c\u2019est bien Moscou, qui se fait <a href=\"https:\/\/www.leparisien.fr\/international\/ukraine\/partager-le-sang-la-vie-et-la-mort-dans-la-meme-tranchee-kim-jong-un-loue-lengagement-de-ses-soldats-aux-cotes-de-la-russie-en-ukraine-27-12-2025-L7QOW3EOJFCIDMKIF3MER3B4GQ.php\" target=\"_self\" rel=\"noopener\">livrer plusieurs \u00e9quipements par le r\u00e9gime d\u2019Asie de l\u2019Est,<\/a> qui devrait en profiter.<\/p>\n<p class=\"\">En visite dans une importante usine de munitions, Kim Jong-un a notamment expliqu\u00e9 que la capacit\u00e9 de production actuelle des <a href=\"https:\/\/www.leparisien.fr\/international\/guerre-en-ukraine-missiles-antichars-et-canons-macron-detaille-les-armes-que-la-france-livre-a-kiev-22-04-2022-JJ3QBYUOARGIRB53FDXQZ35XMI.php\" target=\"_self\" rel=\"noopener\">missiles antichars guid\u00e9s<\/a> Bulsae-4 allait \u00eatre multipli\u00e9 par 2,5 cette ann\u00e9e, dans des propos rapport\u00e9s par l\u2019agence de presse KCNA.<\/p>\n<p>Un syst\u00e8me encore myst\u00e9rieux<\/p>\n<p class=\"\">Or, l\u2019arm\u00e9e russe est le principal client de ce syst\u00e8me \u00e0 longue port\u00e9e, d\u00e9j\u00e0 aper\u00e7u \u00e0 plusieurs reprises sur le front en <a href=\"https:\/\/www.leparisien.fr\/international\/ukraine\/\" target=\"_self\" rel=\"noopener\">Ukraine<\/a>. Si l\u2019objectif annonc\u00e9 de Pyongyang est d\u2019\u00e9quiper massivement les forces terrestres nord-cor\u00e9ennes de syst\u00e8mes Bulsae-4 au cours du premier semestre de cette ann\u00e9e conform\u00e9ment aux <a href=\"https:\/\/www.leparisien.fr\/international\/le-caractere-voyou-des-etats-unis-la-coree-du-nord-teste-ses-missiles-en-raison-de-la-crise-geopolitique-05-01-2026-TSQ56MR5IVFFJEFH2ZBGMMS77U.php\" target=\"_self\" rel=\"noopener\">exigences fix\u00e9es par le minist\u00e8re de la D\u00e9fense nationale<\/a> et l\u2019\u00e9tat-major g\u00e9n\u00e9ral de la RPDC, les livraisons \u00e0 Moscou devraient in\u00e9vitablement augmenter dans le m\u00eame temps.<\/p>\n<p class=\"\">Le Bulsae-4 est consid\u00e9r\u00e9 comme l\u2019un \u00ab des syst\u00e8mes d\u2019armes antichars les plus avanc\u00e9s au monde \u00bb selon l\u2019agence de presse nord-cor\u00e9enne. Il est cens\u00e9 \u00eatre l\u2019\u00e9quivalent du <a href=\"https:\/\/www.leparisien.fr\/international\/israel\/iron-beam-israel-se-dote-dune-arme-laser-inedite-contre-les-missiles-28-12-2025-MW6QVP6XT5BE3KM26ZUVZCQFLA.php\" target=\"_self\" rel=\"noopener\">missile isra\u00e9lien Spike-NLOS<\/a>, avec une port\u00e9e moindre, autour de 15 km maximum. Compte tenu du myst\u00e8re entourant l\u2019armement du r\u00e9gime nord-cor\u00e9en, les sp\u00e9cifications techniques pr\u00e9cises du Bulsae-4 restent confidentielles.<\/p>\n<p class=\"title-embed-dailymotion lp-color-text lp-f-subtitle-04\">Vid\u00e9oKim Jong-un accueille les troupes nord-cor\u00e9ennes de retour de Russie<\/p>\n<p class=\"\">On sait simplement que les missiles antichars peuvent \u00eatre install\u00e9s sur des v\u00e9hicules blind\u00e9s M-2010 \u00e0 configuration de roues 6\u00d76, observ\u00e9s en juillet 2024, sur le front ukrainien, ou encore sur une plate-forme bas\u00e9e sur un SUV. En plus du Bulsae-4, les unit\u00e9s nord-cor\u00e9ennes ont d\u00e9j\u00e0 op\u00e9r\u00e9 dans la r\u00e9gion russe de Koursk avec une version plus ancienne du syst\u00e8me, le Bulsae-2.<\/p>\n","protected":false},"excerpt":{"rendered":"C\u2019est un grand pas pour la Cor\u00e9e du Nord\u2026 et un petit aussi, par ricochet, pour la Russie.&hellip;\n","protected":false},"author":2,"featured_media":644105,"comment_status":"","ping_status":"","sticky":false,"template":"","format":"standard","meta":{"footnotes":""},"categories":[1590],"tags":[11,1777,674,14,12,220],"class_list":{"0":"post-644104","1":"post","2":"type-post","3":"status-publish","4":"format-standard","5":"has-post-thumbnail","7":"category-ukraine","8":"tag-actualites","9":"tag-eu","10":"tag-europe","11":"tag-international","12":"tag-news","13":"tag-ukraine"},"share_on_mastodon":{"url":"https:\/\/pubeurope.com\/@fr\/115846561331466599","error":""},"_links":{"self":[{"href":"https:\/\/www.europesays.com\/fr\/wp-json\/wp\/v2\/posts\/644104","targetHints":{"allow":["GET"]}}],"collection":[{"href":"https:\/\/www.europesays.com\/fr\/wp-json\/wp\/v2\/posts"}],"about":[{"href":"https:\/\/www.europesays.com\/fr\/wp-json\/wp\/v2\/types\/post"}],"author":[{"embeddable":true,"href":"https:\/\/www.europesays.com\/fr\/wp-json\/wp\/v2\/users\/2"}],"replies":[{"embeddable":true,"href":"https:\/\/www.europesays.com\/fr\/wp-json\/wp\/v2\/comments?post=644104"}],"version-history":[{"count":0,"href":"https:\/\/www.europesays.com\/fr\/wp-json\/wp\/v2\/posts\/644104\/revisions"}],"wp:featuredmedia":[{"embeddable":true,"href":"https:\/\/www.europesays.com\/fr\/wp-json\/wp\/v2\/media\/644105"}],"wp:attachment":[{"href":"https:\/\/www.europesays.com\/fr\/wp-json\/wp\/v2\/media?parent=644104"}],"wp:term":[{"taxonomy":"category","embeddable":true,"href":"https:\/\/www.europesays.com\/fr\/wp-json\/wp\/v2\/categories?post=644104"},{"taxonomy":"post_tag","embeddable":true,"href":"https:\/\/www.europesays.com\/fr\/wp-json\/wp\/v2\/tags?post=644104"}],"curies":[{"name":"wp","href":"https:\/\/api.w.org\/{rel}","templated":true}]}}