{"id":644106,"date":"2026-01-06T05:43:12","date_gmt":"2026-01-06T05:43:12","guid":{"rendered":"https:\/\/www.europesays.com\/fr\/644106\/"},"modified":"2026-01-06T05:43:12","modified_gmt":"2026-01-06T05:43:12","slug":"la-taxe-mondiale-de-15-ne-sappliquera-pas-aux-multinationales-americaines","status":"publish","type":"post","link":"https:\/\/www.europesays.com\/fr\/644106\/","title":{"rendered":"la taxe mondiale de 15% ne s&rsquo;appliquera pas aux multinationales am\u00e9ricaines"},"content":{"rendered":"<p>Washington a obtenu une exon\u00e9ration de l&rsquo;imp\u00f4t minimum mondial de 15% pour les multinationales am\u00e9ricaines. Les \u00c9tats-Unis mena\u00e7aient de surtaxer les entreprises \u00e9trang\u00e8res s&rsquo;ils n&rsquo;obtenaient pas gain de cause.<\/p>\n<p>Washington s&rsquo;est f\u00e9licit\u00e9 lundi 5 janvier d&rsquo;avoir obtenu que les multinationales am\u00e9ricaines soient <a href=\"https:\/\/www.bfmtv.com\/economie\/international\/washington-assure-que-les-entreprises-americaines-vont-bientot-echapper-a-la-taxation-minimale-des-multinationales_AD-202506270133.html\" title=\"Trump la d\u00e9teste: la taxe mondiale de 15% sur les multinationales qui font de l\u2019optimisation ne devrait bient\u00f4t plus s\u2019appliquer aux entreprises am\u00e9ricaines\" class=\"internal_link\" target=\"_blank\" rel=\"noopener\">\u00ab\u00a0exempt\u00e9es\u00a0\u00bb du taux minimal de taxation de 15%<\/a> pr\u00e9vu par un accord international.<\/p>\n<p>Fin 2021, pr\u00e8s de 140 Etats s&rsquo;\u00e9taient engag\u00e9s \u00e0 davantage taxer les multinationales via un accord cadre conclu sous l&rsquo;\u00e9gide de l&rsquo;Organisation pour la coop\u00e9ration et le d\u00e9veloppement \u00e9conomique (OCDE). Le \u00ab\u00a0Pilier 2\u00a0\u00bb de cet accord pr\u00e9voit l&rsquo;instauration d&rsquo;un taux d&rsquo;imp\u00f4t effectif minimum d&rsquo;au moins 15% sur les b\u00e9n\u00e9fices de ces grandes entreprises.<\/p>\n<p>D\u00e8s son retour au pouvoir, Donald Trump a retir\u00e9 les Etats-Unis de l&rsquo;accord et son gouvernement a n\u00e9goci\u00e9 pour que les multinationales am\u00e9ricaines soient dispens\u00e9es d&rsquo;une telle taxation. Pour forcer la main des autres pays, les parlementaires r\u00e9publicains ont introduit en 2025 la menace d&rsquo;une surtaxation des entreprises \u00e9trang\u00e8res aux Etats-Unis.<\/p>\n<p>Une \u00ab\u00a0victoire historique\u00a0\u00bb<\/p>\n<p>Dans un communiqu\u00e9 lundi, le minist\u00e8re am\u00e9ricain des Finances explique avoir obtenu \u00ab\u00a0que les entreprises ayant leur si\u00e8ge social aux Etats-Unis soient soumises uniquement aux imp\u00f4ts minimaux am\u00e9ricains et exempt\u00e9es du Pilier 2\u00a0\u00bb.<\/p>\n<blockquote class=\"embed embed_quote\"><p>Le minist\u00e8re estime que cette issue constitue une \u00ab\u00a0victoire historique\u00a0\u00bb qui \u00ab\u00a0pr\u00e9serve la souverainet\u00e9 am\u00e9ricaine\u00a0\u00bb et \u00ab\u00a0prot\u00e8ge les entreprises et travailleurs am\u00e9ricains contre les d\u00e9rives extraterritoriales.\u00a0\u00bb<\/p><\/blockquote>\n<p>Le principe de cette exemption avait \u00e9t\u00e9 act\u00e9 par les pays membres du G7 fin juin. Dans un communiqu\u00e9 s\u00e9par\u00e9, \u00e9galement publi\u00e9 lundi, l&rsquo;OCDE \u00e9voque \u00ab\u00a0plusieurs mois d&rsquo;intenses n\u00e9gociations\u00a0\u00bb pour aboutir \u00e0 \u00ab\u00a0un compromis politique et technique majeur qui posera les fondations de la stabilit\u00e9 et de la s\u00e9curit\u00e9 juridique du syst\u00e8me fiscal international\u00a0\u00bb.<\/p>\n","protected":false},"excerpt":{"rendered":"Washington a obtenu une exon\u00e9ration de l&rsquo;imp\u00f4t minimum mondial de 15% pour les multinationales am\u00e9ricaines. Les \u00c9tats-Unis mena\u00e7aient&hellip;\n","protected":false},"author":2,"featured_media":252649,"comment_status":"","ping_status":"","sticky":false,"template":"","format":"standard","meta":{"footnotes":""},"categories":[1589],"tags":[11,73,1866,12,1864,1865,1863,308],"class_list":{"0":"post-644106","1":"post","2":"type-post","3":"status-publish","4":"format-standard","5":"has-post-thumbnail","7":"category-etats-unis","8":"tag-actualites","9":"tag-etats-unis","10":"tag-etats-unis-damerique","11":"tag-news","12":"tag-united-states","13":"tag-united-states-of-america","14":"tag-us","15":"tag-usa"},"share_on_mastodon":{"url":"https:\/\/pubeurope.com\/@fr\/115846565270900882","error":""},"_links":{"self":[{"href":"https:\/\/www.europesays.com\/fr\/wp-json\/wp\/v2\/posts\/644106","targetHints":{"allow":["GET"]}}],"collection":[{"href":"https:\/\/www.europesays.com\/fr\/wp-json\/wp\/v2\/posts"}],"about":[{"href":"https:\/\/www.europesays.com\/fr\/wp-json\/wp\/v2\/types\/post"}],"author":[{"embeddable":true,"href":"https:\/\/www.europesays.com\/fr\/wp-json\/wp\/v2\/users\/2"}],"replies":[{"embeddable":true,"href":"https:\/\/www.europesays.com\/fr\/wp-json\/wp\/v2\/comments?post=644106"}],"version-history":[{"count":0,"href":"https:\/\/www.europesays.com\/fr\/wp-json\/wp\/v2\/posts\/644106\/revisions"}],"wp:featuredmedia":[{"embeddable":true,"href":"https:\/\/www.europesays.com\/fr\/wp-json\/wp\/v2\/media\/252649"}],"wp:attachment":[{"href":"https:\/\/www.europesays.com\/fr\/wp-json\/wp\/v2\/media?parent=644106"}],"wp:term":[{"taxonomy":"category","embeddable":true,"href":"https:\/\/www.europesays.com\/fr\/wp-json\/wp\/v2\/categories?post=644106"},{"taxonomy":"post_tag","embeddable":true,"href":"https:\/\/www.europesays.com\/fr\/wp-json\/wp\/v2\/tags?post=644106"}],"curies":[{"name":"wp","href":"https:\/\/api.w.org\/{rel}","templated":true}]}}