{"id":644109,"date":"2026-01-06T05:45:19","date_gmt":"2026-01-06T05:45:19","guid":{"rendered":"https:\/\/www.europesays.com\/fr\/644109\/"},"modified":"2026-01-06T05:45:19","modified_gmt":"2026-01-06T05:45:19","slug":"allemagne-andreas-buttner-charge-de-la-lutte-contre-lantisemitisme-cible-par-une-nouvelle-attaque","status":"publish","type":"post","link":"https:\/\/www.europesays.com\/fr\/644109\/","title":{"rendered":"Allemagne : Andreas B\u00fcttner, Charg\u00e9 De La Lutte Contre L&rsquo;antis\u00e9mitisme, Cibl\u00e9 Par Une Nouvelle Attaque"},"content":{"rendered":"<p class=\"\" data-is=\"component-paragraph\">Un hangar situ\u00e9 sur la propri\u00e9t\u00e9 d\u2019Andreas B\u00fcttner, commissaire du Brandebourg charg\u00e9 de<a data-is=\"component-link\" href=\"https:\/\/www.i24news.tv\/fr\/actu\/international\/europe\/artc-allemagne-un-depute-poursuivi-pour-salut-nazi-au-parlement\" title=\"https:\/\/www.i24news.tv\/fr\/actu\/international\/europe\/artc-allemagne-un-depute-poursuivi-pour-salut-nazi-au-parlement\" target=\"\" class=\"link\" rel=\"noopener\"> la lutte contre l\u2019antis\u00e9mitisme<\/a>, a \u00e9t\u00e9 incendi\u00e9 t\u00f4t le matin du 4 janvier 2026, dans ce qui semble \u00eatre un acte criminel, ont indiqu\u00e9 l\u2019homme politique et la police locale. La famille B\u00fcttner se trouvait \u00e0 la maison au moment de l\u2019incident, mais aucun bless\u00e9 n\u2019est \u00e0 d\u00e9plorer.<\/p>\n<p class=\"\" data-is=\"component-paragraph\">La police a pr\u00e9cis\u00e9 qu\u2019un \u00ab symbole anticonstitutionnel \u00bb avait \u00e9t\u00e9 peint \u00e0 proximit\u00e9 du hangar. L\u2019ambassadeur d\u2019Isra\u00ebl en Allemagne, Ron Prosor, a identifi\u00e9 ce symbole sur X comme \u00e9tant le triangle rouge invers\u00e9, utilis\u00e9 par la propagande du Hamas pour d\u00e9signer une cible ennemie. L\u2019affaire est actuellement trait\u00e9e comme un incendie criminel pr\u00e9sum\u00e9.<\/p>\n<p class=\"\" data-is=\"component-paragraph\">Dans un message publi\u00e9 sur X, Andreas B\u00fcttner a d\u00e9nonc\u00e9 une \u00ab escalade massive \u00bb contre lui et sa famille, tout en affirmant qu\u2019il ne se laisserait pas intimider. \u00ab Quiconque croit pouvoir obtenir quelque chose par la violence, les incendies criminels ou les menaces se trompe \u00bb, a-t-il \u00e9crit.<\/p>\n<p><img alt=\"Video poster\" class=\"video-poster\" data-is=\"lazy-image\" data-observed-item-id=\"https:\/\/api.i24news.tv\/fr\/brightcove\/6385211904112\/poster\"\/>Objets nazis : une vente aux ench\u00e8res annul\u00e9e en Allemagne<\/p>\n<p class=\"\" data-is=\"component-paragraph\">L\u2019incident a \u00e9t\u00e9 condamn\u00e9 par le ministre-pr\u00e9sident du Brandebourg, Dietmar Woidke, et le ministre de l\u2019Int\u00e9rieur Ren\u00e9 Wilke, qui ont assur\u00e9 que l\u2019extr\u00e9misme n\u2019avait pas sa place dans l\u2019\u00c9tat. \u00ab La violence contre les personnes ou les biens est et restera absolument inacceptable \u00bb, ont-ils d\u00e9clar\u00e9.<\/p>\n<p class=\"\" data-is=\"component-paragraph\">Pour sa part, Ron Prosor a exprim\u00e9 son soutien \u00e0 Andreas B\u00fcttner et \u00e0 sa famille, soulignant que l\u2019attaque illustrait \u00ab la violence des \u00e9l\u00e9ments radicaux du mouvement pro-palestinien \u00bb. Selon l\u2019ambassadeur, \u00ab la frange radicale du mouvement de solidarit\u00e9 avec la Palestine est non seulement antis\u00e9mite, mais aussi terroriste \u00bb, et il a appel\u00e9 l\u2019\u00c9tat de droit \u00e0 agir avant qu\u2019une nouvelle attaque ne se produise.<\/p>\n<p class=\"\" data-is=\"component-paragraph\">L&rsquo;organisation Combat Antisemitism rappelle que c&rsquo;est la seconde agression contre Andreas B\u00fcttner en quelques mois et assure le commissaire de son soutien : \u00ab\u00a0Il s\u2019agit de la deuxi\u00e8me attaque visant Andreas B\u00fcttner au cours des 16 derniers mois. Son v\u00e9hicule avait d\u00e9j\u00e0 \u00e9t\u00e9 vandalis\u00e9 avec des croix gamm\u00e9es. Cette fois, les auteurs ont utilis\u00e9 le triangle rouge invers\u00e9 du Hamas, symbole du terrorisme.\u00a0Nous exprimons tout notre soutien \u00e0 la famille B\u00fcttner.\u00a0\u00bb<\/p>\n","protected":false},"excerpt":{"rendered":"Un hangar situ\u00e9 sur la propri\u00e9t\u00e9 d\u2019Andreas B\u00fcttner, commissaire du Brandebourg charg\u00e9 de la lutte contre l\u2019antis\u00e9mitisme, a&hellip;\n","protected":false},"author":2,"featured_media":644110,"comment_status":"","ping_status":"","sticky":false,"template":"","format":"standard","meta":{"footnotes":""},"categories":[1587],"tags":[11,672,1804,1805,1803,1777,674,1801,12,1802],"class_list":{"0":"post-644109","1":"post","2":"type-post","3":"status-publish","4":"format-standard","5":"has-post-thumbnail","7":"category-allemagne","8":"tag-actualites","9":"tag-allemagne","10":"tag-bundesrepublik-deutschland","11":"tag-de","12":"tag-deutschland","13":"tag-eu","14":"tag-europe","15":"tag-germany","16":"tag-news","17":"tag-republique-federale-dallemagne"},"share_on_mastodon":{"url":"https:\/\/pubeurope.com\/@fr\/115846573111245018","error":""},"_links":{"self":[{"href":"https:\/\/www.europesays.com\/fr\/wp-json\/wp\/v2\/posts\/644109","targetHints":{"allow":["GET"]}}],"collection":[{"href":"https:\/\/www.europesays.com\/fr\/wp-json\/wp\/v2\/posts"}],"about":[{"href":"https:\/\/www.europesays.com\/fr\/wp-json\/wp\/v2\/types\/post"}],"author":[{"embeddable":true,"href":"https:\/\/www.europesays.com\/fr\/wp-json\/wp\/v2\/users\/2"}],"replies":[{"embeddable":true,"href":"https:\/\/www.europesays.com\/fr\/wp-json\/wp\/v2\/comments?post=644109"}],"version-history":[{"count":0,"href":"https:\/\/www.europesays.com\/fr\/wp-json\/wp\/v2\/posts\/644109\/revisions"}],"wp:featuredmedia":[{"embeddable":true,"href":"https:\/\/www.europesays.com\/fr\/wp-json\/wp\/v2\/media\/644110"}],"wp:attachment":[{"href":"https:\/\/www.europesays.com\/fr\/wp-json\/wp\/v2\/media?parent=644109"}],"wp:term":[{"taxonomy":"category","embeddable":true,"href":"https:\/\/www.europesays.com\/fr\/wp-json\/wp\/v2\/categories?post=644109"},{"taxonomy":"post_tag","embeddable":true,"href":"https:\/\/www.europesays.com\/fr\/wp-json\/wp\/v2\/tags?post=644109"}],"curies":[{"name":"wp","href":"https:\/\/api.w.org\/{rel}","templated":true}]}}