{"id":64412,"date":"2025-04-30T12:54:21","date_gmt":"2025-04-30T12:54:21","guid":{"rendered":"https:\/\/www.europesays.com\/fr\/64412\/"},"modified":"2025-04-30T12:54:21","modified_gmt":"2025-04-30T12:54:21","slug":"pres-de-lyon-un-homme-arme-tente-dentrer-dans-une-synagogue","status":"publish","type":"post","link":"https:\/\/www.europesays.com\/fr\/64412\/","title":{"rendered":"Pr\u00e8s de Lyon : un homme arm\u00e9 tente d&rsquo;entrer dans une synagogue"},"content":{"rendered":"<p>Dans la nuit de mardi \u00e0 mercredi, un homme a forc\u00e9 la porte de la synagogue de Caluire-et-Cuire, pr\u00e8s de Lyon, arm\u00e9 d&rsquo;un cutter. Ma\u00eetris\u00e9 par des b\u00e9n\u00e9voles, il a ensuite \u00e9t\u00e9 interpell\u00e9.<\/p>\n<p>L&rsquo;enqu\u00eate devra d\u00e9terminer si le suspect voulait commettre un cambriolage dans un but antis\u00e9mite. Mercredi 30 avril, vers 2h du matin, un homme a tent\u00e9 de p\u00e9n\u00e9trer dans <b>la synagogue de Caluire-et-Cuire<\/b>, pr\u00e8s de Lyon.<\/p>\n<p>L&rsquo;homme \u00e9tait arm\u00e9 d&rsquo;un cutter<\/p>\n<p>Apr\u00e8s avoir escalad\u00e9 le mur d&rsquo;enceinte du lieu de culte, cet homme a ensuite forc\u00e9 la porte d&rsquo;entr\u00e9e. <b>Arm\u00e9 d&rsquo;un cutter<\/b>, il a d\u00e9clench\u00e9 les alarmes de s\u00e9curit\u00e9, ce qui a alert\u00e9 les b\u00e9n\u00e9voles.<\/p>\n<p>Une fois sur place, ces derniers ont r\u00e9ussi \u00e0 ma\u00eetriser l&rsquo;individu qui tentait de prendre la fuite. La police a pris le relais et plac\u00e9 le suspect en garde \u00e0 vue.<\/p>\n<p>Selon <a class=\"url\" href=\"https:\/\/www.bfmtv.com\/lyon\/info-bfm-lyon-caluire-et-cuire-un-homme-interpelle-apres-une-tentative-d-intrusion-dans-la-synagogue_AN-202504300431.html\" target=\"_blank\" rel=\"noopener\">BFM Lyon<\/a>, l&rsquo;homme est sans domicile fixe et sous OQTF (Obligation de quitter le territoire fran\u00e7ais).<\/p>\n<p><img loading=\"lazy\" decoding=\"async\" src=\"https:\/\/www.europesays.com\/fr\/wp-content\/uploads\/2025\/04\/1746017661_113_img\" width=\"350\" height=\"200\" border=\"0\" title=\"La gendarmerie\"\/><\/p>\n<p>\u25baFaits divers<\/p>\n<p style=\"font-size: 22px;\"><b>En tongs au volant, un jeune de 15 ans \u00e0 l&rsquo;origine de deux accidents pr\u00e8s de Lyon<\/b><\/p>\n<p>Un adolescent de 15 ans a percut\u00e9, en voiture,&#8230;<\/p>\n<p><\/p>\n","protected":false},"excerpt":{"rendered":"Dans la nuit de mardi \u00e0 mercredi, un homme a forc\u00e9 la porte de la synagogue de Caluire-et-Cuire,&hellip;\n","protected":false},"author":2,"featured_media":64413,"comment_status":"","ping_status":"","sticky":false,"template":"","format":"standard","meta":{"footnotes":""},"categories":[1889],"tags":[1111,11,16337,2430,15843,15842,16336,1777,674,6017,1011,27,5005,2428,12,1072,16338,25,15934],"class_list":{"0":"post-64412","1":"post","2":"type-post","3":"status-publish","4":"format-standard","5":"has-post-thumbnail","7":"category-lyon","8":"tag-actu","9":"tag-actualites","10":"tag-antismite","11":"tag-auvergne-rhone-alpes","12":"tag-caluire","13":"tag-caluire-et-cuire","14":"tag-cutter","15":"tag-eu","16":"tag-europe","17":"tag-fait-divers","18":"tag-fr","19":"tag-france","20":"tag-juif","21":"tag-lyon","22":"tag-news","23":"tag-police","24":"tag-radio-scoop","25":"tag-republique-francaise","26":"tag-synagogue"},"share_on_mastodon":{"url":"https:\/\/pubeurope.com\/@fr\/114427020628717646","error":""},"_links":{"self":[{"href":"https:\/\/www.europesays.com\/fr\/wp-json\/wp\/v2\/posts\/64412","targetHints":{"allow":["GET"]}}],"collection":[{"href":"https:\/\/www.europesays.com\/fr\/wp-json\/wp\/v2\/posts"}],"about":[{"href":"https:\/\/www.europesays.com\/fr\/wp-json\/wp\/v2\/types\/post"}],"author":[{"embeddable":true,"href":"https:\/\/www.europesays.com\/fr\/wp-json\/wp\/v2\/users\/2"}],"replies":[{"embeddable":true,"href":"https:\/\/www.europesays.com\/fr\/wp-json\/wp\/v2\/comments?post=64412"}],"version-history":[{"count":0,"href":"https:\/\/www.europesays.com\/fr\/wp-json\/wp\/v2\/posts\/64412\/revisions"}],"wp:featuredmedia":[{"embeddable":true,"href":"https:\/\/www.europesays.com\/fr\/wp-json\/wp\/v2\/media\/64413"}],"wp:attachment":[{"href":"https:\/\/www.europesays.com\/fr\/wp-json\/wp\/v2\/media?parent=64412"}],"wp:term":[{"taxonomy":"category","embeddable":true,"href":"https:\/\/www.europesays.com\/fr\/wp-json\/wp\/v2\/categories?post=64412"},{"taxonomy":"post_tag","embeddable":true,"href":"https:\/\/www.europesays.com\/fr\/wp-json\/wp\/v2\/tags?post=64412"}],"curies":[{"name":"wp","href":"https:\/\/api.w.org\/{rel}","templated":true}]}}