{"id":644123,"date":"2026-01-06T05:54:12","date_gmt":"2026-01-06T05:54:12","guid":{"rendered":"https:\/\/www.europesays.com\/fr\/644123\/"},"modified":"2026-01-06T05:54:12","modified_gmt":"2026-01-06T05:54:12","slug":"je-ne-suis-pas-encore-pret-physiquement-affirme-djokovic-forfait-au-tournoi-dadelaide","status":"publish","type":"post","link":"https:\/\/www.europesays.com\/fr\/644123\/","title":{"rendered":"\u00abJe ne suis pas encore pr\u00eat physiquement \u00bb, affirme Djokovic, forfait au tournoi d\u2019Ad\u00e9la\u00efde"},"content":{"rendered":"<p>\n    Le d\u00e9cuple laur\u00e9at \u00e0 Melbourne ne disputera pas de tournois de pr\u00e9paration avant l\u2019Open d\u2019Australie.<\/p>\n<p class=\"fig-paragraph\"><a href=\"http:\/\/www.lefigaro.fr\/sports\/tennis\/tennis-apres-mure-reflexion-djokovic-decide-de-se-retirer-du-syndicat-des-joueurs-qu-il-a-cofonde-20260104\" data-fig-type=\"NewsFlash\" data-gtm-custom-categorie=\"navigation\" data-gtm-custom-action=\"crossclick\" data-gtm-custom-label=\"Contextuel\" data-gtm-event=\"customEventSPE\" data-fig-domain=\"LEFIGARO\" target=\"_blank\" rel=\"noopener\">Le champion de 38 ans<\/a>\u00a0ne remportera pas une troisi\u00e8me fois ce tournoi apr\u00e8s 2007 et 2023. Le Serbe a ainsi annonc\u00e9 sur ses r\u00e9seaux sociaux qu\u2019il renon\u00e7ait finalement \u00e0 l\u2019\u2019ATP 250 d\u2019Ad\u00e9la\u00efde (12 \u2013 17 janvier).\u00a0\u00ab Malheureusement, je ne suis pas encore tout \u00e0 fait pr\u00eat physiquement pour disputer l\u2019Adela\u00efde International la semaine prochaine\u00a0\u00bb, a-t-il \u00e9crit. Il y a quelques semaines, le Serbe avait d\u00e9clar\u00e9 qu\u2019il \u00abessayait de reconstruire son corps pendant l\u2019intersaison afin de rivaliser avec les meilleurs\u00bb. \u00c0 savoir les deux meilleurs joueurs du monde Carlos Alcaraz et Jannik Sinner qui lui barrent d\u00e9sormais syst\u00e9matiquement la route dans les tournois du Grand Chelem.<\/p>\n<p class=\"fig-paragraph\">L\u2019homme aux 24 Majeurs tient toutefois \u00e0 rassurer ses fans. Il sera bien pr\u00e9sent \u00e0 Melbourne pour tenter d\u2019\u00e9crire encore l\u2019histoire de son sport\u00a0: \u00abJe me concentre d\u00e9sormais pleinement sur ma pr\u00e9paration pour l\u2019Open d\u2019Australie (18 janvier &#8211; 1er f\u00e9vrier) et j\u2019ai h\u00e2te d\u2019arriver bient\u00f4t \u00e0 Melbourne et de retrouver tous les fans de tennis en Australie\u00bb. En 2025, l\u2019ancien num\u00e9ro un mondial s\u2019est inclin\u00e9 en demi-finale (abandon contre Zverev \u00e0 la fin du premier set).<\/p>\n","protected":false},"excerpt":{"rendered":"Le d\u00e9cuple laur\u00e9at \u00e0 Melbourne ne disputera pas de tournois de pr\u00e9paration avant l\u2019Open d\u2019Australie. Le champion de&hellip;\n","protected":false},"author":2,"featured_media":644124,"comment_status":"","ping_status":"","sticky":false,"template":"","format":"standard","meta":{"footnotes":""},"categories":[1415],"tags":[5827,1011,27,6433,4175,60,1467],"class_list":{"0":"post-644123","1":"post","2":"type-post","3":"status-publish","4":"format-standard","5":"has-post-thumbnail","7":"category-tennis","8":"tag-alexander-zverev","9":"tag-fr","10":"tag-france","11":"tag-novak-djokovic","12":"tag-open-daustralie","13":"tag-sports","14":"tag-tennis"},"share_on_mastodon":{"url":"https:\/\/pubeurope.com\/@fr\/115846608482558091","error":""},"_links":{"self":[{"href":"https:\/\/www.europesays.com\/fr\/wp-json\/wp\/v2\/posts\/644123","targetHints":{"allow":["GET"]}}],"collection":[{"href":"https:\/\/www.europesays.com\/fr\/wp-json\/wp\/v2\/posts"}],"about":[{"href":"https:\/\/www.europesays.com\/fr\/wp-json\/wp\/v2\/types\/post"}],"author":[{"embeddable":true,"href":"https:\/\/www.europesays.com\/fr\/wp-json\/wp\/v2\/users\/2"}],"replies":[{"embeddable":true,"href":"https:\/\/www.europesays.com\/fr\/wp-json\/wp\/v2\/comments?post=644123"}],"version-history":[{"count":0,"href":"https:\/\/www.europesays.com\/fr\/wp-json\/wp\/v2\/posts\/644123\/revisions"}],"wp:featuredmedia":[{"embeddable":true,"href":"https:\/\/www.europesays.com\/fr\/wp-json\/wp\/v2\/media\/644124"}],"wp:attachment":[{"href":"https:\/\/www.europesays.com\/fr\/wp-json\/wp\/v2\/media?parent=644123"}],"wp:term":[{"taxonomy":"category","embeddable":true,"href":"https:\/\/www.europesays.com\/fr\/wp-json\/wp\/v2\/categories?post=644123"},{"taxonomy":"post_tag","embeddable":true,"href":"https:\/\/www.europesays.com\/fr\/wp-json\/wp\/v2\/tags?post=644123"}],"curies":[{"name":"wp","href":"https:\/\/api.w.org\/{rel}","templated":true}]}}