{"id":644131,"date":"2026-01-06T06:03:21","date_gmt":"2026-01-06T06:03:21","guid":{"rendered":"https:\/\/www.europesays.com\/fr\/644131\/"},"modified":"2026-01-06T06:03:21","modified_gmt":"2026-01-06T06:03:21","slug":"emission-du-lundi-5-janvier-2026-en-replay-c-a-vous-la-suite-france-tv","status":"publish","type":"post","link":"https:\/\/www.europesays.com\/fr\/644131\/","title":{"rendered":"\u00c9mission du lundi 5 janvier 2026 en replay &#8211; C \u00e0 vous la suite &#8211; France TV"},"content":{"rendered":"<ol>\n<li><a href=\"https:\/\/news.google.com\/rss\/articles\/CBMipwFBVV95cUxQTFlEc3dTVXg0c2VxTnpyU0ZpZXlWWGJhUXFhV0NnY3d0Z3RxdlNobWo1MXZYcXk4Mk5GTm5sYUpBcmdoNnkzcGtZM011YngtQnh6RHlYeUhwSkJmMk9ZSVVabV85RVVTMFV0RFQ4Z294b2ZnXzBvTm9aTHNOVkVwckxfeEpKMnZyMVFxSE1mTHpubFhrNk1YdHdfX196bHhtaVhwZjFGSQ?oc=5\" target=\"_blank\" rel=\"noopener\">\u00c9mission du lundi 5 janvier 2026 en replay &#8211; C \u00e0 vous la suite<\/a>&nbsp;&nbsp;France TV<\/li>\n<li><a href=\"https:\/\/news.google.com\/rss\/articles\/CBMimwFBVV95cUxQNTdBdUtvYW9XekFqa0Rkc3h1aHNJR3VXTGZxUGhPSmpJb0p4VDRnZnQwWmJwVWNqNENBVHM5Sm5wdWUtQ2wwM29XcU84Tl9XYlYwN2NJNnhzMV9vNEYxRGl2ZzhQM2RTMzRHT3oxbjEzVDdGaXU3VEZIY0YyS1A4czJKVElaNTJ2YTdvc1VscmE0SVIyQXFZLUNmRQ?oc=5\" target=\"_blank\" rel=\"noopener\">\u00c9mission du lundi 5 janvier 2026 en replay &#8211; C \u00e0 vous<\/a>&nbsp;&nbsp;France TV<\/li>\n<li><a href=\"https:\/\/news.google.com\/rss\/articles\/CBMikAFBVV95cUxNNU1YRXhSdU1oNmdBaXBxRVBzQjVlYllNZzFfOVprOFkzTkVReWtuOGFBVGVUSUppR1BoalRpdDJLck44ZUo3R1lscjhjdUtlWXZhY3k3SEdVQXhDUm9BemdWd2VIdk9WUkZ0U0otZmZTTmFyVE5ZRjVwNlg1ZklBNGhwR1lPX3lfVU5HVGVWaVQ?oc=5\" target=\"_blank\" rel=\"noopener\">France 5 HD &#8211; C \u00e0 vous, la suite &#8211; Best of<\/a>&nbsp;&nbsp;Pickx.be<\/li>\n<li><a href=\"https:\/\/news.google.com\/rss\/articles\/CBMiqAFBVV95cUxQQ2xMZXl6QXdVTFVybW1PT1dwenVuSER0UE9OUEJ5ekFsYnFlZUNJdU9rRGQ4aXVXTlV2MnNDNklPZ2N2c29obEhVSnd6SWFYWGVxOU1qSWJYdl9NWUVPbXBvLWMyRlBNdlY1Tm81enM5X2JtNnVyTUlrWmlyOG9aX2VkdW5FSDg3UUwxUjVfbXE0TnRnY0xNb19KdTNnZnI3bDJJbmttVkbSAa4BQVVfeXFMTmc2cGhvSzIyUXNLN25mNlB0RXF1NEhfdnI3ZDlMNkZPdG1XYTRPV0g0SE1Oek9UY01EWTRmN3hFZU00OVgwZWNsT2lOTF9ZQ1E3dV85djJzcG5ITWRLX1F6SWtBTVo3ZHJhRGFSSlB1U1BwOTJzNVMtblVmVEhpRm51S3dQSGQ0YWZzdzJQNksySS04akNVR1RSeHU0eHpMd1RKNVp0ZlFoNzhncHdn?oc=5\" target=\"_blank\" rel=\"noopener\">C \u00e0 vous du 5 janvier 2026 : quels invit\u00e9s ce soir sur France 5 ? (sommaire)<\/a>&nbsp;&nbsp;Stars Actu<\/li>\n<li><a href=\"https:\/\/news.google.com\/rss\/articles\/CBMiekFVX3lxTFBvWi1EdnFQU1RYNzB4eVNETkdRRlBEZEZ0MWpndDdSbWtNMDcxYktKVW1rN2JuUW8zT1E4RUdwSXFUWGxtV05wU2s2bTQ5M3VGRzF3X1cwblM3Wmlvb3dVNm9zX2w0dlptck96c191XzdscWNRRHE1M0hR?oc=5\" target=\"_blank\" rel=\"noopener\">Best of en replay &#8211; C \u00e0 vous<\/a>&nbsp;&nbsp;France TV<\/li>\n<\/ol>\n","protected":false},"excerpt":{"rendered":"\u00c9mission du lundi 5 janvier 2026 en replay &#8211; C \u00e0 vous la suite&nbsp;&nbsp;France TV \u00c9mission du lundi&hellip;\n","protected":false},"author":2,"featured_media":561138,"comment_status":"","ping_status":"","sticky":false,"template":"","format":"standard","meta":{"footnotes":""},"categories":[1356],"tags":[58,59,1011,27,252,1364],"class_list":{"0":"post-644131","1":"post","2":"type-post","3":"status-publish","4":"format-standard","5":"has-post-thumbnail","7":"category-television","8":"tag-divertissement","9":"tag-entertainment","10":"tag-fr","11":"tag-france","12":"tag-television","13":"tag-tv"},"share_on_mastodon":{"url":"https:\/\/pubeurope.com\/@fr\/115846643978694194","error":""},"_links":{"self":[{"href":"https:\/\/www.europesays.com\/fr\/wp-json\/wp\/v2\/posts\/644131","targetHints":{"allow":["GET"]}}],"collection":[{"href":"https:\/\/www.europesays.com\/fr\/wp-json\/wp\/v2\/posts"}],"about":[{"href":"https:\/\/www.europesays.com\/fr\/wp-json\/wp\/v2\/types\/post"}],"author":[{"embeddable":true,"href":"https:\/\/www.europesays.com\/fr\/wp-json\/wp\/v2\/users\/2"}],"replies":[{"embeddable":true,"href":"https:\/\/www.europesays.com\/fr\/wp-json\/wp\/v2\/comments?post=644131"}],"version-history":[{"count":0,"href":"https:\/\/www.europesays.com\/fr\/wp-json\/wp\/v2\/posts\/644131\/revisions"}],"wp:featuredmedia":[{"embeddable":true,"href":"https:\/\/www.europesays.com\/fr\/wp-json\/wp\/v2\/media\/561138"}],"wp:attachment":[{"href":"https:\/\/www.europesays.com\/fr\/wp-json\/wp\/v2\/media?parent=644131"}],"wp:term":[{"taxonomy":"category","embeddable":true,"href":"https:\/\/www.europesays.com\/fr\/wp-json\/wp\/v2\/categories?post=644131"},{"taxonomy":"post_tag","embeddable":true,"href":"https:\/\/www.europesays.com\/fr\/wp-json\/wp\/v2\/tags?post=644131"}],"curies":[{"name":"wp","href":"https:\/\/api.w.org\/{rel}","templated":true}]}}