{"id":644132,"date":"2026-01-06T06:04:14","date_gmt":"2026-01-06T06:04:14","guid":{"rendered":"https:\/\/www.europesays.com\/fr\/644132\/"},"modified":"2026-01-06T06:04:14","modified_gmt":"2026-01-06T06:04:14","slug":"mort-de-calbo-du-duo-arsenik-chef-de-file-du-premier-age-dor-du-rap-francais","status":"publish","type":"post","link":"https:\/\/www.europesays.com\/fr\/644132\/","title":{"rendered":"Mort de Calbo, du duo \u00c4rsenik, chef de file du premier \u00e2ge d\u2019or du rap fran\u00e7ais"},"content":{"rendered":"\n<p class=\"article__chapeau\">Calboni M\u2019Bani, alias Calbo, formait avec son fr\u00e8re Lino l\u2019un des duos majeurs du rap fran\u00e7ais de la fin des ann\u00e9es 1990, au sein du collectif valdoisien Secteur \u00c4. Le rappeur franco-congolais est mort ce dimanche 4\u00a0janvier, \u00e0 l\u2019\u00e2ge de 52\u00a0ans.<\/p>\n<p>              <a href=\"https:\/\/www.europesays.com\/fr\/wp-content\/uploads\/2026\/01\/11ea107_upload-1-thkiqiuyzhl1-opaleplus-mulvi230207f-02.jpg\" data-pswp-width=\"\" data-pswp-height=\"\" class=\"media__hd\" target=\"_blank\">      <img decoding=\"async\" fetchpriority=\"high\" src=\"https:\/\/www.europesays.com\/fr\/wp-content\/uploads\/2026\/01\/11ea107_upload-1-thkiqiuyzhl1-opaleplus-mulvi230207f-02.jpg\" class=\"media__picture js-media-zoom-main \" alt=\"\u00ab\u00a0Calbo est, et restera, avec nous\u00a0\u00bb, a r\u00e9agit le rappeur Stomy Bugsy, \u00e0 la suite du d\u00e9c\u00e8s de Calbo (photo). \" title=\"Photo Vincent Muller\/opale.photo\"\/>      <\/p>\n<p class=\"media__legend\"> \u00ab\u00a0Calbo est, et restera, avec nous\u00a0\u00bb, a r\u00e9agit le rappeur Stomy Bugsy, \u00e0 la suite du d\u00e9c\u00e8s de Calbo (photo).   Photo Vincent Muller\/opale.photo  <\/p>\n<p>     <\/a>                    <\/p>\n<p class=\"author author--simple\">Par  <a class=\"author author--link\" href=\"https:\/\/www.telerama.fr\/recherche\/articles?q=Rachel+Rousseau\" target=\"_blank\" rel=\"noopener\"> Rachel Rousseau <\/a>    <\/p>\n<p class=\"publication__date\">Publi\u00e9 le 05 janvier 2026 \u00e0 16h13<\/p>\n<p>   Partager   <\/p>\n<ul class=\"sharing-popin--results\">\n<li class=\"sharing-popin--item sharing-popin--item-container\"> Partage  <\/li>\n<li data-share=\"linkedin\" class=\"sharing-popin--item\">  LinkedIn <\/li>\n<li data-share=\"facebook\" class=\"sharing-popin--item\">  Facebook <\/li>\n<li data-share=\"mail\" data-social=\"mail\" class=\"sharing-popin--item\">  Envoyer par email <\/li>\n<li data-share=\"copy\" class=\"sharing-popin--item\">  Copier le lien <\/li>\n<\/ul>\n<p>        Favoris       <\/p>\n<p>                <a class=\"openapp__link\" data-event=\"click-open-app\" data-deep-link=\"tlrm:\/\/element?id=\/musique\/mort-de-calbo-du-duo-arsenik-chef-de-file-du-premier-age-d-or-du-rap-francais-7029058.php&amp;source=deeplink_site\">  Lire dans l&rsquo;application<br \/>\n  <\/a>                               <\/p>\n<p class=\"paragraph\">Les paroles s\u2019envolent, mais les \u00e9crits restent. Calboni M\u2019Bani, alias Calbo, cofondateur du mythique duo \u00c4rsenik, form\u00e9 avec son fr\u00e8re cadet Lino au d\u00e9but des ann\u00e9es 90, en laisse toute une flop\u00e9e derri\u00e8re lui. Dimanche 4\u00a0janvier, sa famille annon\u00e7ait la disparition de ce pilier du rap fran\u00e7ais \u00e0 l\u2019\u00e2ge de 52\u00a0ans, dans un communiqu\u00e9 diffus\u00e9 sur Instagram. \u00ab\u00a0En ces moments particuli\u00e8rement douloureux, la famille appelle \u00e0 la bienveillance, au respect et \u00e0 la retenue. Au-del\u00e0 de la figure publique, Calbo \u00e9tait avant tout un proche, un parent, un \u00eatre cher.\u00a0\u00bb<\/p>\n<p class=\"paragraph\">Originaire du Congo, il grandit dans le quartier de la Cerisaie, \u00e0 Villiers-le-Bel (Val-d\u2019Oise). Avec J\u00e9r\u00f4me Ebella, alias Kenzy, manager du groupe Minist\u00e8re A.M.E.R et fondateur du collectif Secteur \u00c4, qui rep\u00e8re les deux fr\u00e8res, \u00c4rsenik contribue \u00e0 sortir le rap de la banlieue francilienne pour atteindre les sc\u00e8nes de la capitale, s\u2019imposant comme un embl\u00e8me de ce premier \u00e2ge d\u2019or du rap en France. Connus pour leurs plumes, ils posent, avec d\u2019autres artistes hip-hop de l\u2019\u00e9poque, les premi\u00e8res bases du genre. Ces partisans d\u2019un rap militant narrent la vie des banlieues en tant que jeunes descendants de parents africains.<\/p>\n<p>                \u201cDeux albums qui ont marqu\u00e9 leur \u00e9poque\u201d                       <\/p>\n<p class=\"paragraph\">\u00ab\u00a0Qui peut pr\u00e9tendre faire du rap sans prendre position\u00a0\u00bb, \u00e9crivait Arsen\u00efk en\u00a01998 sur Boxe avec les mots. Avec ce titre, ils signent l\u2019un des morceaux les plus percutants de Quelques gouttes suffisent, album devenu classique dans le rap fran\u00e7ais autant lyriquement que visuellement. \u00ab\u00a0Un grand choc, d\u2019apr\u00e8s le journaliste, sp\u00e9cialiste du rap, Olivier Cachin aupr\u00e8s de l\u2019AFP, parce qu\u2019on d\u00e9couvre la confirmation du talent incroyable de Lino et de Calbo pour l\u2019\u00e9criture.\u00a0\u00bb Assis c\u00f4te \u00e0 c\u00f4te en surv\u00eatements Lacoste sur la pochette l\u00e9gendaire du disque, ils contribuent m\u00eame \u00e0 populariser la marque chez les jeunes de banlieue, alors que le luxe ne voulait pas encore \u00eatre associ\u00e9 aux milieux<strong> <\/strong>populaires.<\/p>\n<p class=\"paragraph\">Tr\u00e8s vite certifi\u00e9s double disque d\u2019or pour ce projet, les deux fr\u00e8res encha\u00eenent les tourn\u00e9es et les projets r\u00e9alis\u00e9s au sein d\u2019autres collectifs. D\u2019abord avec le Secteur \u00c4, o\u00f9 se retrouvent de nombreux artistes embl\u00e9matiques comme Stomy Bugsy et Passi, membres du Minist\u00e8re A.M.E.R, Doc Gyn\u00e9co ou N\u00e8g\u2019Marrons. En mai\u00a01998, ce collectif marquait les esprits, lors de deux soir\u00e9es \u00e0 l\u2019Olympia pour le 150\u1d49 anniversaire de l\u2019abolition de l\u2019esclavage. Le duo rejoint aussi le groupe franco-congolais Bisso Na Bisso, fond\u00e9 par Passi.<strong> <\/strong>En\u00a02002, les fr\u00e8res sortaient leur deuxi\u00e8me et ultime disque, Quelque chose a surv\u00e9cu. \u00ab\u00a0Il n\u2019y a eu que deux albums d\u2019\u00c4rsenik mais ce sont deux albums qui ont vraiment marqu\u00e9 leur \u00e9poque\u00a0\u00bb, r\u00e9sume Olivier Cachin.<\/p>\n<p class=\"edito__prefixe\">   \u00c0 lire aussi :   <\/p>\n<p class=\"edito__text-container\">     <a alt=\"Lire aussi\" href=\"https:\/\/www.telerama.fr\/musique\/lana-del-rey-doechii-gorillaz-sebastien-tellier-les-trente-albums-les-plus-attendus-de-2026-7029024.php\" class=\"article__title--edito\" target=\"_blank\" rel=\"noopener\">Les trente albums les plus attendus de\u00a02026<\/a>  <\/p>\n<p class=\"paragraph\">Depuis, le rappeur avait collabor\u00e9 avec d\u2019autres artistes, avant de revenir, en\u00a02021, avec une autobiographie, suivie de l\u2019album solo du m\u00eame nom, Quelques gouttes de plus, en\u00a02022. Les causes de sa mort n\u2019ont pas \u00e9t\u00e9 \u00e9voqu\u00e9es par la famille, mais cette disparition a bouscul\u00e9 le monde du rap, de Rohff \u00e0 Kery James, qui s\u2019est \u00e9mu \u00e0 travers de multiples hommages sur les r\u00e9seaux sociaux. \u00ab\u00a0Calbo est, et restera, avec nous\u00a0\u00bb, \u00e9crivait sur Instagram le rappeur Stomy Bugsy.<\/p>\n","protected":false},"excerpt":{"rendered":"Calboni M\u2019Bani, alias Calbo, formait avec son fr\u00e8re Lino l\u2019un des duos majeurs du rap fran\u00e7ais de la&hellip;\n","protected":false},"author":2,"featured_media":644133,"comment_status":"","ping_status":"","sticky":false,"template":"","format":"standard","meta":{"footnotes":""},"categories":[1355],"tags":[58,59,1011,27,1361,873],"class_list":{"0":"post-644132","1":"post","2":"type-post","3":"status-publish","4":"format-standard","5":"has-post-thumbnail","7":"category-musique","8":"tag-divertissement","9":"tag-entertainment","10":"tag-fr","11":"tag-france","12":"tag-music","13":"tag-musique"},"share_on_mastodon":{"url":"https:\/\/pubeurope.com\/@fr\/115846648061353567","error":""},"_links":{"self":[{"href":"https:\/\/www.europesays.com\/fr\/wp-json\/wp\/v2\/posts\/644132","targetHints":{"allow":["GET"]}}],"collection":[{"href":"https:\/\/www.europesays.com\/fr\/wp-json\/wp\/v2\/posts"}],"about":[{"href":"https:\/\/www.europesays.com\/fr\/wp-json\/wp\/v2\/types\/post"}],"author":[{"embeddable":true,"href":"https:\/\/www.europesays.com\/fr\/wp-json\/wp\/v2\/users\/2"}],"replies":[{"embeddable":true,"href":"https:\/\/www.europesays.com\/fr\/wp-json\/wp\/v2\/comments?post=644132"}],"version-history":[{"count":0,"href":"https:\/\/www.europesays.com\/fr\/wp-json\/wp\/v2\/posts\/644132\/revisions"}],"wp:featuredmedia":[{"embeddable":true,"href":"https:\/\/www.europesays.com\/fr\/wp-json\/wp\/v2\/media\/644133"}],"wp:attachment":[{"href":"https:\/\/www.europesays.com\/fr\/wp-json\/wp\/v2\/media?parent=644132"}],"wp:term":[{"taxonomy":"category","embeddable":true,"href":"https:\/\/www.europesays.com\/fr\/wp-json\/wp\/v2\/categories?post=644132"},{"taxonomy":"post_tag","embeddable":true,"href":"https:\/\/www.europesays.com\/fr\/wp-json\/wp\/v2\/tags?post=644132"}],"curies":[{"name":"wp","href":"https:\/\/api.w.org\/{rel}","templated":true}]}}