{"id":644144,"date":"2026-01-06T06:11:19","date_gmt":"2026-01-06T06:11:19","guid":{"rendered":"https:\/\/www.europesays.com\/fr\/644144\/"},"modified":"2026-01-06T06:11:19","modified_gmt":"2026-01-06T06:11:19","slug":"le-venezuela-est-egalement-la-plus-importante-crise-des-refugies-au-monde-le-grand-continent","status":"publish","type":"post","link":"https:\/\/www.europesays.com\/fr\/644144\/","title":{"rendered":"Le Venezuela est \u00e9galement la plus importante crise des r\u00e9fugi\u00e9s au monde &#8211; Le Grand Continent"},"content":{"rendered":"<ol>\n<li><a href=\"https:\/\/news.google.com\/rss\/articles\/CBMitwFBVV95cUxPZmFQSXhaZmo3c0ZuZ2VwU1c3c1hhTEhTdEpBalJJbTJHY0REclFjQzFUMWp6Q2oySkJqWkZuWkFpWEI1RWtiTGFEdndtU3ROenZfYWptQUR1NnEwZmhOakZvQkZjeWlUU1NyMXI2R3lSS3dJUFRxZVhiNkltaXlHYUNxZTg0c0RUSHJnaHEwbl9INmRnaG12clFwaE14dlZaa0Q5UWxoZV9uZWZxa0xPTWFXanRzalk?oc=5\" target=\"_blank\" rel=\"noopener\">Le Venezuela est \u00e9galement la plus importante crise des r\u00e9fugi\u00e9s au monde<\/a>&nbsp;&nbsp;Le Grand Continent<\/li>\n<li><a href=\"https:\/\/news.google.com\/rss\/articles\/CBMi9gFBVV95cUxNNVN4TWNWVktVTDRnUUhIdE1YVmlydWQySGNXR2N3MW5LU3RoRDRfZmpkVVZ0eU9XVVEyVWZzRE96TldrRjlSQVJvaWw3aWotSFVILTVBWWNvRnhNWV8zQ1dOVmVMZzFLbXRCNS1kV01yVWt5OXVhdkNIdVJmTUpmbHJSb1NhZFBqOHM1cnVtcWhveGNLMFdkbElXR1hiYUxteVpNOWMtUFJrekx2ZUktQjY0MUNlSlZZX05VS2xKcGsxZ3lldlhudEFFMUlXa0xHY2pab08yTDBWbXFsUXkya1NtZXFETW5wRm80Mm9mZnZTaUFwc3c?oc=5\" target=\"_blank\" rel=\"noopener\">\u00ab\u00a0Je suis perdue\u00a0\u00bb : priv\u00e9e d&rsquo;\u00e9lectricit\u00e9, de lumi\u00e8re et de r\u00e9seau, Estefania raconte son quotidien chamboul\u00e9 au Venezuela<\/a>&nbsp;&nbsp;RTL.fr<\/li>\n<li><a href=\"https:\/\/news.google.com\/rss\/articles\/CBMi3wFBVV95cUxOMHNZQlh6Z0ZxSUZDTWZNOGdYM2toS1Y3WUdnVjBXOTZrNzNuTXpyTUt4UEpoWlhtLWZ5TU9QY1hIeUJwd1FqWXVRZGh2ZGRQeVRXOVIwTFdwUTlFRW9ZS1NTQl83blZtZ3k4T1BIeUszNlJObTJWSzVJc05kMkVVdkZCSUhGRGVDN1NqM0gwU1IwYl9EV0NmVFFvRHFITFF2UE9SNVg0N3VaMXdqUlB5UVo1WEFSTk13RTJjUzdBTGpwMjVpYm9keTdYX050MFRIakt2dWNaRXdyY18yVWlB?oc=5\" target=\"_blank\" rel=\"noopener\">Les obligations v\u00e9n\u00e9zu\u00e9liennes progressent apr\u00e8s l&rsquo;\u00e9viction de Nicolas Maduro &#8211; WSJ<\/a>&nbsp;&nbsp;Investir Les Echos<\/li>\n<li><a href=\"https:\/\/news.google.com\/rss\/articles\/CBMi0wFBVV95cUxOQUl3Sk9hR1NHZlFaQy1CVUZfSTREUDVPUU9mWnhrT2htNV9ubW5hTzhrX2U1VUtIQkliQmlSWGI2R2lDTFRuNjQ2WHpicVlXQ2MwQzBYbGlDNE9EVTA4SWE3VmQzM0tGYkI2QnRYVWpNcW9ubFhIdEJvbkNRZlRXN2xKZHhDQ0Z3cGFycXZUY0RPVmZzdXg0cElxclIxTkNhNk43WUJ2SmJjbWZScUdqTWtON1VtZ2djUkJrSVBBMTRHZ01IaXIzcTBueExQQWhOVE5B?oc=5\" target=\"_blank\" rel=\"noopener\">Laurence Debray : \u00ab Une partie d&rsquo;\u00e9checs se joue entre Trump et les chavistes encore au pouvoir \u00e0 Caracas<\/a>&nbsp;&nbsp;l&rsquo;Opinion<\/li>\n<li><a href=\"https:\/\/news.google.com\/rss\/articles\/CBMi3wFBVV95cUxQdExQMGdxbmNia01XeGRncjdSRWdZVXFTaXVvdm1sTmdNUThvdldWTnJ1TGNrX3Vma2FFeWt5RGdfLVl0SXNUdGtmc214TFlLVEU1cWs3aXpuOFg1RlI2bG12Z2dvT3gtTGRzQVJDV2JHdWJRODlaRXlwcC1MbkRWMXFYekRYanpoRUF4azlSSzdyeHJJbzVDYU14MW1OVDU1dmkxRHhYUFQ5RWdHMmxkNEt0QlNOSTNtdzFhZUVoVERIbmVpM0k2MVh3UUFrZDZPOFI2eTg4MDByLXI4R21z?oc=5\" target=\"_blank\" rel=\"noopener\">PODCAST : Le d\u00e9chiffrage : Venezuela, la souverainet\u00e9 d&rsquo;\u00c9tat en p\u00e9ril &#8211; 05\/01<\/a>&nbsp;&nbsp;BFM<\/li>\n<\/ol>\n","protected":false},"excerpt":{"rendered":"Le Venezuela est \u00e9galement la plus importante crise des r\u00e9fugi\u00e9s au monde&nbsp;&nbsp;Le Grand Continent \u00ab\u00a0Je suis perdue\u00a0\u00bb :&hellip;\n","protected":false},"author":2,"featured_media":644145,"comment_status":"","ping_status":"","sticky":false,"template":"","format":"standard","meta":{"footnotes":""},"categories":[5],"tags":[11,1011,27,14,12,28],"class_list":{"0":"post-644144","1":"post","2":"type-post","3":"status-publish","4":"format-standard","5":"has-post-thumbnail","7":"category-international","8":"tag-actualites","9":"tag-fr","10":"tag-france","11":"tag-international","12":"tag-news","13":"tag-world"},"share_on_mastodon":{"url":"https:\/\/pubeurope.com\/@fr\/115846675429069246","error":""},"_links":{"self":[{"href":"https:\/\/www.europesays.com\/fr\/wp-json\/wp\/v2\/posts\/644144","targetHints":{"allow":["GET"]}}],"collection":[{"href":"https:\/\/www.europesays.com\/fr\/wp-json\/wp\/v2\/posts"}],"about":[{"href":"https:\/\/www.europesays.com\/fr\/wp-json\/wp\/v2\/types\/post"}],"author":[{"embeddable":true,"href":"https:\/\/www.europesays.com\/fr\/wp-json\/wp\/v2\/users\/2"}],"replies":[{"embeddable":true,"href":"https:\/\/www.europesays.com\/fr\/wp-json\/wp\/v2\/comments?post=644144"}],"version-history":[{"count":0,"href":"https:\/\/www.europesays.com\/fr\/wp-json\/wp\/v2\/posts\/644144\/revisions"}],"wp:featuredmedia":[{"embeddable":true,"href":"https:\/\/www.europesays.com\/fr\/wp-json\/wp\/v2\/media\/644145"}],"wp:attachment":[{"href":"https:\/\/www.europesays.com\/fr\/wp-json\/wp\/v2\/media?parent=644144"}],"wp:term":[{"taxonomy":"category","embeddable":true,"href":"https:\/\/www.europesays.com\/fr\/wp-json\/wp\/v2\/categories?post=644144"},{"taxonomy":"post_tag","embeddable":true,"href":"https:\/\/www.europesays.com\/fr\/wp-json\/wp\/v2\/tags?post=644144"}],"curies":[{"name":"wp","href":"https:\/\/api.w.org\/{rel}","templated":true}]}}