{"id":644156,"date":"2026-01-06T06:19:12","date_gmt":"2026-01-06T06:19:12","guid":{"rendered":"https:\/\/www.europesays.com\/fr\/644156\/"},"modified":"2026-01-06T06:19:12","modified_gmt":"2026-01-06T06:19:12","slug":"rationnement-sabordage-et-visite-du-marechal-petain-un-ouvrage-retrace-le-quotidien-des-toulonnais-pendant-loccupation","status":"publish","type":"post","link":"https:\/\/www.europesays.com\/fr\/644156\/","title":{"rendered":"Rationnement, sabordage et visite du mar\u00e9chal P\u00e9tain&#8230; Un ouvrage retrace le quotidien des Toulonnais pendant l\u2019occupation"},"content":{"rendered":"<p class=\"fs-5 \">24 d\u00e9cembre, ciel gris\u00e2tre et atmosph\u00e8re humide. Voil\u00e0 qui n\u2019est pas pour effrayer \u00c9velyne Maushart, qui tient sa place sur le march\u00e9 comme tous les jours devant Castel Chabre. <strong>La Toulonnaise, qui a f\u00eat\u00e9 ses 70 ans<\/strong> le 4 d\u00e9cembre dernier, a ajout\u00e9 une guirlande sur son stand, o\u00f9 elle accueille les clients avec ses livres.<\/p>\n<p class=\"fs-5 \">Et notamment son dernier, le 21e, qui raconte le quotidien des Toulonnais pendant la guerre. \u00ab Ce n\u2019est pas ma p\u00e9riode, je suis sp\u00e9cialiste du XIXe, pas du XXe si\u00e8cle \u00bb, confie celle qui a soutenu une th\u00e8se sur La vie culturelle \u00e0 Toulon entre 1870 et 1914.<\/p>\n<p class=\"fs-5 \">Mais avec cet ouvrage, pour lequel elle a scrupuleusement \u00e9pluch\u00e9 la presse \u00ab du 3 septembre 1939 au 8 mai 1945 \u00bb, <strong>\u00c9velyne Maushart <\/strong>a voulu rendre hommage \u00e0 son p\u00e8re, \u00ab un Alsacien, un \u2018\u2018malgr\u00e9-nous\u2019\u2019, incorpor\u00e9 de force dans l\u2019arm\u00e9e allemande \u00e0 16 ans, raconte-t-elle bri\u00e8vement. Il s\u2019est \u00e9vad\u00e9 tr\u00e8s rapidement parce qu\u2019il ne voulait pas tirer sur ses copains \u00bb.<\/p>\n<p class=\"fs-5 \">L\u2019homme est mort \u00e0 51 ans, sans avoir pu \u00e9crire ses m\u00e9moires, \u00ab ce qu\u2019il avait toujours voulu faire \u00bb, indique encore \u00c9velyne, qui en avait 22 \u00e0 ce moment-l\u00e0. \u00ab Avec ce livre, il existe \u00e0 nouveau. \u00bb Tout comme l\u2019histoire de <strong>Toulon et de ses habitants, sous Vichy<\/strong>, puis occup\u00e9e par les Allemands.<\/p>\n<p>        <img src=\"https:\/\/www.europesays.com\/fr\/wp-content\/uploads\/2026\/01\/6658008_upload-from-url-1-r3lwpfg3d3b2-data-art-16882567.jpg\"   loading=\"lazy\" decoding=\"async\" alt=\"Les Annales s\u2019attachent \u00e0 m\u00ealer r\u00e9cits historiques m\u00e9connus et chronique de la vie associative. \" class=\"img-fluid position-absolute w-100 object-fit-cover rounded-2\" width=\"600\" height=\"400\"\/><\/p>\n<p>                                                                                La vie sous le r\u00e9gime de Vichy<\/p>\n<p class=\"fs-5 \">C\u2019est le d\u00e9but de la guerre. Comme dans beaucoup de villes et de r\u00e9gions, les Toulonnais croient \u00e0 la victoire du \u00ab h\u00e9ros de Verdun \u00bb Philippe P\u00e9tain, qui prend la t\u00eate du r\u00e9gime de Vichy \u00e0 la suite de l\u2019armistice du 22 juin 1940.<\/p>\n<p class=\"fs-5 \">Les ennemis du r\u00e9gime sont alors communistes, francs-ma\u00e7ons, et bien s\u00fbr juifs. <strong>Marius Escartefigue, le maire de l\u2019\u00e9poque,<\/strong> a fait all\u00e9geance \u00e0 P\u00e9tain. Ce qui ne l\u2019emp\u00eache pas d\u2019\u00eatre remplac\u00e9, le 6 mai 1941, par Albert Coulon.<\/p>\n<p class=\"fs-5 \">Une antenne locale de la L\u00e9gion fran\u00e7aise des combattants, charg\u00e9e de faire la propagande de P\u00e9tain, voit le jour. Elle r\u00e9unit \u00e9norm\u00e9ment de monde au d\u00e9but, et organise notamment la venue \u00e0 Toulon du mar\u00e9chal P\u00e9tain, le 4 d\u00e9cembre 1940. Ce dernier est ainsi accueilli en grande pompe et comme un roi, par une foule immense et acquise \u00e0 sa cause.<\/p>\n<p>                                                                                Une presse p\u00e9tainiste rythme le quotidien<\/p>\n<p class=\"fs-5 \">Le journal de propagande <strong>Le Petit Var<\/strong> sort tous les jours, publiant des articles pro-P\u00e9tain&#8230; mais \u00e9galement tous les arr\u00eat\u00e9s municipaux et pr\u00e9fectoraux.<\/p>\n<p class=\"fs-5 \">La population doit ainsi suivre la presse pour savoir combien de pain elle peut acheter, quelle quantit\u00e9 d\u2019huile, le prix de la viande, du poisson, la quantit\u00e9 de tickets de rationnement \u00e0 laquelle chacun a droit, les restrictions sur le tabac, le charbon, et m\u00eame les v\u00eatements et les chaussures.<\/p>\n<p class=\"fs-5 \">Tout est not\u00e9 dans le journal, et \u00e7a change tous les jours. Bien s\u00fbr le <strong>march\u00e9 noir et le trafic <\/strong>sont en vigueur. Le Petit Var sera d\u00e9nonc\u00e9 puis dispara\u00eetra en ao\u00fbt 1944, \u00e0 la lib\u00e9ration de la ville.<\/p>\n<p>                                                                                Les spectacles se poursuivent<\/p>\n<p class=\"fs-5 \">La vie scolaire est perturb\u00e9e, et les examens report\u00e9s, les troupes occupant les \u00e9coles.. En revanche, les spectacles se poursuivent, car autoris\u00e9s par le gouvernement. Dans les th\u00e9\u00e2tres, les cin\u00e9mas, les casinos&#8230; M\u00eame s\u2019ils ne sont pas aussi fr\u00e9quents qu\u2019avant, et \u00e0 des heures inhabituelles, comme la fin de matin\u00e9e, en raison du couvre-feu.<\/p>\n<p class=\"fs-5 \">Des f\u00eates sont \u00e9galement organis\u00e9es par Vichy, comme la f\u00eate de Jeanne-d\u2019Arc, la f\u00eate de la L\u00e9gion, au stade Jaureguiberry&#8230; et la f\u00eate des m\u00e8res. Ou encore des f\u00eates patriotiques, sur la place de la Libert\u00e9, mais sans d\u00e9fil\u00e9 militaire, qui est interdit. Le sport est quant \u00e0 lui r\u00e9cup\u00e9r\u00e9 par le r\u00e9gime. Chaque manifestation \u00e9tant pr\u00e9c\u00e9d\u00e9e d\u2019une c\u00e9r\u00e9monie o\u00f9 il faut pr\u00eater all\u00e9geance \u00e0 P\u00e9tain.<\/p>\n<p>                                                                                La R\u00e9sistance malgr\u00e9 tout<\/p>\n<p class=\"fs-5 \">Des premiers signes de r\u00e9sistance apparaissent assez t\u00f4t, \u00e0 Toulon, mais ils restent rares. Lors de la<strong> visite de P\u00e9tain<\/strong>, le 4 d\u00e9cembre 1940, une jeune fille arbore ainsi la croix de Lorraine, embl\u00e8me, \u00e0 l\u2019\u00e9poque, de la France Libre du g\u00e9n\u00e9ral de Gaulle. Des messages d\u2019\u00e9tudiants hostiles au r\u00e9gime de Vichy sont \u00e9galement visibles sur les murs.<\/p>\n<p class=\"fs-5 \">Mais c\u2019est surtout la cr\u00e9ation du<strong> Comit\u00e9 d\u00e9partemental pour la Lib\u00e9ration<\/strong> en avril 1943, le premier en France \u00e0 voir le jour, qui marque vraiment l\u2019entr\u00e9e des Toulonnais dans la R\u00e9sistance. On la doit au docteur \u00c9lie Lagier, qui a accueilli chez lui, dans la cave du Clos Lagier, une discr\u00e8te maison du boulevard de l\u2019Escaillon, les premiers hommes \u00e0 lutter clandestinement contre l\u2019ennemi allemand.<\/p>\n<p class=\"fs-5 \"><strong>Autres symboles de r\u00e9bellion<\/strong> : des \u00ab Vive De Gaulle ! \u00bb et le chant de La Marseillaise se font parfois entendre lors de manifestations publiques, et des personnes r\u00e9quisitionn\u00e9es refusent le Service du travail obligatoire.<\/p>\n<p>                                                                                Le sabordage de la flotte, les bombardements et Cuverville<\/p>\n<p class=\"fs-5 \">Plusieurs drames ont marqu\u00e9 Toulon et ses habitants durant le conflit. Le premier d\u2019entre eux \u00e9tant le traumatisme du sabordage de la flotte, le 27 novembre 1942. La ville, alors occup\u00e9e par les Allemands, subit ensuite vingt bombardements alli\u00e9s, \u00e0 partir du 24 novembre 1943.<\/p>\n<p class=\"fs-5 \">\u00c0 chaque retentissement de la sir\u00e8ne, les Toulonnais se r\u00e9fugiaient dans les abris, mais ils ne suffisaient pas \u00e0 <strong>mettre en s\u00e9curit\u00e9 la population<\/strong>. Les services publics municipaux ont quant \u00e0 eux \u00e9t\u00e9 d\u00e9plac\u00e9s. Tout comme la clinique Malartic, qui s\u2019est expatri\u00e9e \u00e0 M\u00e9ounes, dans la Chartreuse de Montrieux, avec ses m\u00e9decins. Suivront la bataille de Toulon, \u00e0 partir du 20 ao\u00fbt 1944, jusqu\u2019\u00e0 sa lib\u00e9ration le 26.<\/p>\n<p class=\"fs-5 \">Sur le port compl\u00e8tement d\u00e9truit, la statue du G\u00e9nie de la navigation, qui tr\u00f4nait l\u00e0 depuis 1847, est au sol. Elle sera redress\u00e9e, et quelqu\u2019un inscrira sur son corps : \u00ab Je suis un grand mutil\u00e9, victime de cette guerre. Je suis heureux de voir la capitulation nazie par la victoire du peuple libre. \u00bb<\/p>\n","protected":false},"excerpt":{"rendered":"24 d\u00e9cembre, ciel gris\u00e2tre et atmosph\u00e8re humide. Voil\u00e0 qui n\u2019est pas pour effrayer \u00c9velyne Maushart, qui tient sa&hellip;\n","protected":false},"author":2,"featured_media":644157,"comment_status":"","ping_status":"","sticky":false,"template":"","format":"standard","meta":{"footnotes":""},"categories":[9619],"tags":[1111,11,1777,674,1011,27,12,882,25,2310],"class_list":{"0":"post-644156","1":"post","2":"type-post","3":"status-publish","4":"format-standard","5":"has-post-thumbnail","7":"category-toulon","8":"tag-actu","9":"tag-actualites","10":"tag-eu","11":"tag-europe","12":"tag-fr","13":"tag-france","14":"tag-news","15":"tag-provence-alpes-cote-dazur","16":"tag-republique-francaise","17":"tag-toulon"},"share_on_mastodon":{"url":"https:\/\/pubeurope.com\/@fr\/115846706973715224","error":""},"_links":{"self":[{"href":"https:\/\/www.europesays.com\/fr\/wp-json\/wp\/v2\/posts\/644156","targetHints":{"allow":["GET"]}}],"collection":[{"href":"https:\/\/www.europesays.com\/fr\/wp-json\/wp\/v2\/posts"}],"about":[{"href":"https:\/\/www.europesays.com\/fr\/wp-json\/wp\/v2\/types\/post"}],"author":[{"embeddable":true,"href":"https:\/\/www.europesays.com\/fr\/wp-json\/wp\/v2\/users\/2"}],"replies":[{"embeddable":true,"href":"https:\/\/www.europesays.com\/fr\/wp-json\/wp\/v2\/comments?post=644156"}],"version-history":[{"count":0,"href":"https:\/\/www.europesays.com\/fr\/wp-json\/wp\/v2\/posts\/644156\/revisions"}],"wp:featuredmedia":[{"embeddable":true,"href":"https:\/\/www.europesays.com\/fr\/wp-json\/wp\/v2\/media\/644157"}],"wp:attachment":[{"href":"https:\/\/www.europesays.com\/fr\/wp-json\/wp\/v2\/media?parent=644156"}],"wp:term":[{"taxonomy":"category","embeddable":true,"href":"https:\/\/www.europesays.com\/fr\/wp-json\/wp\/v2\/categories?post=644156"},{"taxonomy":"post_tag","embeddable":true,"href":"https:\/\/www.europesays.com\/fr\/wp-json\/wp\/v2\/tags?post=644156"}],"curies":[{"name":"wp","href":"https:\/\/api.w.org\/{rel}","templated":true}]}}