{"id":644174,"date":"2026-01-06T06:37:10","date_gmt":"2026-01-06T06:37:10","guid":{"rendered":"https:\/\/www.europesays.com\/fr\/644174\/"},"modified":"2026-01-06T06:37:10","modified_gmt":"2026-01-06T06:37:10","slug":"nice-tente-le-coup-pour-cet-experimente-joueur-de-tottenham","status":"publish","type":"post","link":"https:\/\/www.europesays.com\/fr\/644174\/","title":{"rendered":"Nice tente le coup pour cet exp\u00e9riment\u00e9 joueur de Tottenham"},"content":{"rendered":"<p>En pleine p\u00e9nurie d\u00e9fensive, l\u2019OGC Nice explore une piste bien connue des recruteurs europ\u00e9ens. Un cadre de Premier League, en perte de vitesse \u00e0 Londres, figure de nouveau dans le viseur azur\u00e9en pour cet hiver.<\/p>\n<p>Le Gym s\u2019int\u00e9resse \u00e0 Ben Davies, d\u00e9fenseur polyvalent de Tottenham, d\u00e9j\u00e0 suivi l\u2019\u00e9t\u00e9 dernier. Peu utilis\u00e9 par Thomas Frank et en fin de contrat dans quelques mois, l\u2019international gallois pourrait quitter les Spurs d\u00e8s janvier, offrant \u00e0 Nice une solution imm\u00e9diate pour stabiliser son arri\u00e8re-garde.<\/p>\n<p>Mais l\u2019op\u00e9ration est loin d\u2019\u00eatre simple. Le joueur dispose d\u2019un salaire \u00e9lev\u00e9 et r\u00e9clame un engagement sur plusieurs saisons, des exigences qui refroidissent les dirigeants ni\u00e7ois. \u00c0 cela s\u2019ajoute l\u2019incertitude autour de la position de Claude Puel, qui devra valider l\u2019arriv\u00e9e d\u2019un renfort suppl\u00e9mentaire en d\u00e9fense. Un dossier ouvert\u2026 mais encore loin d\u2019\u00eatre boucl\u00e9.<\/p>\n","protected":false},"excerpt":{"rendered":"En pleine p\u00e9nurie d\u00e9fensive, l\u2019OGC Nice explore une piste bien connue des recruteurs europ\u00e9ens. Un cadre de Premier&hellip;\n","protected":false},"author":2,"featured_media":630866,"comment_status":"","ping_status":"","sticky":false,"template":"","format":"standard","meta":{"footnotes":""},"categories":[2819],"tags":[1111,11,1777,674,1011,27,12,2401,882,25],"class_list":{"0":"post-644174","1":"post","2":"type-post","3":"status-publish","4":"format-standard","5":"has-post-thumbnail","7":"category-nice","8":"tag-actu","9":"tag-actualites","10":"tag-eu","11":"tag-europe","12":"tag-fr","13":"tag-france","14":"tag-news","15":"tag-nice","16":"tag-provence-alpes-cote-dazur","17":"tag-republique-francaise"},"share_on_mastodon":{"url":"https:\/\/pubeurope.com\/@fr\/115846777556004190","error":""},"_links":{"self":[{"href":"https:\/\/www.europesays.com\/fr\/wp-json\/wp\/v2\/posts\/644174","targetHints":{"allow":["GET"]}}],"collection":[{"href":"https:\/\/www.europesays.com\/fr\/wp-json\/wp\/v2\/posts"}],"about":[{"href":"https:\/\/www.europesays.com\/fr\/wp-json\/wp\/v2\/types\/post"}],"author":[{"embeddable":true,"href":"https:\/\/www.europesays.com\/fr\/wp-json\/wp\/v2\/users\/2"}],"replies":[{"embeddable":true,"href":"https:\/\/www.europesays.com\/fr\/wp-json\/wp\/v2\/comments?post=644174"}],"version-history":[{"count":0,"href":"https:\/\/www.europesays.com\/fr\/wp-json\/wp\/v2\/posts\/644174\/revisions"}],"wp:featuredmedia":[{"embeddable":true,"href":"https:\/\/www.europesays.com\/fr\/wp-json\/wp\/v2\/media\/630866"}],"wp:attachment":[{"href":"https:\/\/www.europesays.com\/fr\/wp-json\/wp\/v2\/media?parent=644174"}],"wp:term":[{"taxonomy":"category","embeddable":true,"href":"https:\/\/www.europesays.com\/fr\/wp-json\/wp\/v2\/categories?post=644174"},{"taxonomy":"post_tag","embeddable":true,"href":"https:\/\/www.europesays.com\/fr\/wp-json\/wp\/v2\/tags?post=644174"}],"curies":[{"name":"wp","href":"https:\/\/api.w.org\/{rel}","templated":true}]}}