{"id":644183,"date":"2026-01-06T06:43:09","date_gmt":"2026-01-06T06:43:09","guid":{"rendered":"https:\/\/www.europesays.com\/fr\/644183\/"},"modified":"2026-01-06T06:43:09","modified_gmt":"2026-01-06T06:43:09","slug":"toulouse-tisseo-fait-evoluer-le-ticket-tribu-scolaire-a-partir-de-2026-ce-qui-va-changer","status":"publish","type":"post","link":"https:\/\/www.europesays.com\/fr\/644183\/","title":{"rendered":"Toulouse : Tiss\u00e9o fait \u00e9voluer le ticket \u00ab tribu scolaire \u00bb \u00e0 partir de 2026 : ce qui va changer"},"content":{"rendered":"<p>                    Par<br \/>\n        <strong><br \/>\n            <a href=\"https:\/\/actu.fr\/auteur\/lea-afonso\" title=\"Consulter tous les articles de L\u00e9a Afonso\" target=\"_blank\" rel=\"noopener\">L\u00e9a Afonso<\/a><br \/>\n                    <\/strong><\/p>\n<p>        Publi\u00e9 le<\/p>\n<p>            6 janv. 2026 \u00e0 6h04        <\/p>\n<p>Le r\u00e9seau de transports en commun <strong><a href=\"https:\/\/actu.fr\/tag\/tisseo\" target=\"_blank\" rel=\"noopener\">Tiss\u00e9o<\/a> <\/strong>\u00e0 <a href=\"https:\/\/actu.fr\/toulouse\/\" target=\"_blank\" rel=\"noopener\">Toulouse<\/a> ne cesse d\u2019\u00e9voluer.<a href=\"https:\/\/actu.fr\/tag\/ligne-c-du-metro-de-toulouse\" target=\"_blank\" rel=\"noopener\"> Nouvelles lignes<\/a>, <a href=\"https:\/\/actu.fr\/occitanie\/ramonville-saint-agne_31446\/metro-de-toulouse-les-premiers-rails-de-la-connexion-ligne-b-soudes-avant-l-arret-d-une-partie-de-la-ligne-b_63440848.html\" target=\"_blank\" rel=\"noopener\">chantiers d\u2019extension<\/a>, modernisation des infrastructures, mais aussi adaptation de sa politique tarifaire\u2009: l\u2019op\u00e9rateur cherche \u00e0 rester en phase avec les usages. En cette fin d\u2019ann\u00e9e 2025, un <strong>changement<\/strong> important a \u00e9t\u00e9 annonc\u00e9 concernant le <strong>ticket \u00ab\u2009tribu scolaire\u2009\u00bb<\/strong>, utilis\u00e9 lors des sorties scolaires. Explications.<\/p>\n<p>Qu\u2019est-ce que le ticket \u00ab\u2009tribu scolaire\u2009\u00bb\u2009?<\/p>\n<p class=\" wall-content\">Si les adultes empruntent quotidiennement les transports en commun toulousains, les \u00e9l\u00e8ves les utilisent \u00e9galement, notamment dans le cadre de sorties scolaires. Pour faciliter ces d\u00e9placements collectifs, Tiss\u00e9o avait<strong> lanc\u00e9 en 2018 le ticket \u00ab\u2009tribu scolaire\u2009\u00bb<\/strong>. Ce titre permettait alors de r\u00e9aliser jusqu\u2019\u00e0 12 d\u00e9placements sur une m\u00eame journ\u00e9e, sur l\u2019ensemble du r\u00e9seau Tiss\u00e9o (hors Navette A\u00e9roport).<\/p>\n<p class=\" wall-content\">Une <strong>tarification sp\u00e9cifique<\/strong> \u00e9tait propos\u00e9e aux \u00e9tablissements scolaires\u2009: \u00ab\u2009Pour les 999 premiers titres achet\u00e9s, le prix appliqu\u00e9 est celui du ticket Tribu classique. \u00c0 partir du 1000e titre, une r\u00e9duction de 30\u2009% est appliqu\u00e9e\u2009\u00bb, pr\u00e9cisait Tiss\u00e9o.<\/p>\n<p>Le probl\u00e8me\u2009: l\u2019arriv\u00e9e du ticket rechargeable<\/p>\n<p class=\" wall-content\">Mais l\u2019introduction du <a href=\"https:\/\/actu.fr\/occitanie\/toulouse_31555\/toulouse-les-tickets-jetables-dans-les-transports-en-commun-c-est-bientot-fini_62673854.html\" target=\"_blank\" rel=\"noopener\"><strong>ticket rechargeable<\/strong>, d\u00e9ploy\u00e9 le 26\u00a0mars 2025,<\/a> a boulevers\u00e9 les habitudes. Ce nouveau support, pens\u00e9 pour simplifier les d\u00e9placements, a rendu le ticket tribu scolaire moins adapt\u00e9 et de moins en moins utilis\u00e9. Face \u00e0 ce constat, Tiss\u00e9o a d\u00e9cid\u00e9 de revoir son fonctionnement\u2009:<\/p>\n<p class=\" wall-content\">\u00ab\u2009Compte tenu des besoins sp\u00e9cifiques des groupes et de la volont\u00e9 de simplifier le parcours voyageurs, Tiss\u00e9o Collectivit\u00e9s souhaite <strong>faire \u00e9voluer le fonctionnement de ce titre<\/strong>\u2009\u00bb, explique l\u2019op\u00e9rateur.<\/p>\n<p>Un nouveau ticket \u00ab\u2009groupe scolaire\u2009\u00bb d\u00e8s f\u00e9vrier\u00a02026<\/p>\n<p class=\" wall-content\">Un nouveau ticket verra donc le jour \u00e0 compter du<strong> 1er\u00a0f\u00e9vrier 2026.<\/strong> Le ticket \u00ab\u2009tribu scolaire\u2009\u00bb sera <strong>rebaptis\u00e9 \u00ab\u2009ticket groupe scolaire\u2009\u00bb.<\/strong> Il s\u2019adressera aux \u00e9coles, coll\u00e8ges, lyc\u00e9es ainsi qu\u2019aux activit\u00e9s p\u00e9riscolaires.<\/p>\n<p class=\" wall-content\">Autre changement majeur\u2009: le volume de d\u00e9placements. \u00ab\u2009Chaque titre \u00ab\u2009Groupe scolaire\u2009\u00bb, sur ticket rechargeable (support cartonn\u00e9 sans contact), contiendra<strong> 50 d\u00e9placements,<\/strong> contre 12 auparavant. Ce titre sera valable<strong> sans dur\u00e9e limit\u00e9e<\/strong>, jusqu\u2019\u00e0 l\u2019utilisation compl\u00e8te des d\u00e9placements\u2009\u00bb, d\u00e9taille Tiss\u00e9o.<\/p>\n<p>Votre r\u00e9gion, votre actu !<\/p>\n<p>Recevez chaque jour les infos qui comptent pour vous.<\/p>\n<p>\t<a href=\"https:\/\/actu.fr\/newsletter\" class=\"ac-btn ac-btn--corner ac-btn--medium ac-btn--blue800\" target=\"_blank\" rel=\"noopener\">S&rsquo;incrire<\/a><\/p>\n<p class=\" wall-content\">Ce ticket, de la m\u00eame mani\u00e8re que les autres titres de transport de Tiss\u00e9o, conna\u00eetra une l\u00e9g\u00e8re augmentation tarifaire au mois de juillet 2026.\u00a0<\/p>\n<p>Une exception pour la mairie de Toulouse<\/p>\n<p class=\" wall-content\">Une d\u00e9rogation sp\u00e9cifique est toutefois pr\u00e9vue pour la <strong>mairie de Toulouse,<\/strong> grande utilisatrice de ces titres dans le cadre des activit\u00e9s scolaires municipales.<\/p>\n<p class=\" wall-content\">\u00ab\u2009La mairie de Toulouse<strong> d\u00e9passe chaque ann\u00e9e les 10\u2009000 d\u00e9placements r\u00e9alis\u00e9s.<\/strong> Dans un objectif de simplification globale du parcours voyageurs, un<strong> titre \u00ab\u2009Groupe scolaire\u2009\u00bb<\/strong> sp\u00e9cifique, <strong>contenant 250 d\u00e9placements<\/strong>, sera mis en place\u2009\u00bb, pr\u00e9cise Tiss\u00e9o.<br \/>L\u00e0 encore, ce ticket b\u00e9n\u00e9ficiera d\u2019une validit\u00e9 illimit\u00e9e, jusqu\u2019\u00e0 \u00e9puisement des trajets.<\/p>\n<p class=\" wall-content\">Personnalisez votre actualit\u00e9 en ajoutant vos villes et m\u00e9dias en favori avec <a href=\"https:\/\/moncompte.actu.fr\" title=\"D\u00e9couvez Mon Actu\" rel=\"nofollow noopener\" data-trk=\"{&quot;cta&quot;:{&quot;action&quot;:&quot;https:\\\/\\\/moncompte.actu.fr&quot;,&quot;category&quot;:&quot;mon compte&quot;,&quot;from&quot;:&quot;article footer&quot;,&quot;name&quot;:&quot;Mon actu&quot;,&quot;type&quot;:&quot;cta&quot;}}\" target=\"_blank\">Mon Actu<\/a>.<\/p>\n","protected":false},"excerpt":{"rendered":"Par L\u00e9a Afonso Publi\u00e9 le 6 janv. 2026 \u00e0 6h04 Le r\u00e9seau de transports en commun Tiss\u00e9o \u00e0&hellip;\n","protected":false},"author":2,"featured_media":644184,"comment_status":"","ping_status":"","sticky":false,"template":"","format":"standard","meta":{"footnotes":""},"categories":[2816],"tags":[1111,11,1777,674,1011,27,12,2680,25,104,5400,2312],"class_list":{"0":"post-644183","1":"post","2":"type-post","3":"status-publish","4":"format-standard","5":"has-post-thumbnail","7":"category-toulouse","8":"tag-actu","9":"tag-actualites","10":"tag-eu","11":"tag-europe","12":"tag-fr","13":"tag-france","14":"tag-news","15":"tag-occitanie","16":"tag-republique-francaise","17":"tag-societe","18":"tag-tisseo","19":"tag-toulouse"},"share_on_mastodon":{"url":"https:\/\/pubeurope.com\/@fr\/115846801178091328","error":""},"_links":{"self":[{"href":"https:\/\/www.europesays.com\/fr\/wp-json\/wp\/v2\/posts\/644183","targetHints":{"allow":["GET"]}}],"collection":[{"href":"https:\/\/www.europesays.com\/fr\/wp-json\/wp\/v2\/posts"}],"about":[{"href":"https:\/\/www.europesays.com\/fr\/wp-json\/wp\/v2\/types\/post"}],"author":[{"embeddable":true,"href":"https:\/\/www.europesays.com\/fr\/wp-json\/wp\/v2\/users\/2"}],"replies":[{"embeddable":true,"href":"https:\/\/www.europesays.com\/fr\/wp-json\/wp\/v2\/comments?post=644183"}],"version-history":[{"count":0,"href":"https:\/\/www.europesays.com\/fr\/wp-json\/wp\/v2\/posts\/644183\/revisions"}],"wp:featuredmedia":[{"embeddable":true,"href":"https:\/\/www.europesays.com\/fr\/wp-json\/wp\/v2\/media\/644184"}],"wp:attachment":[{"href":"https:\/\/www.europesays.com\/fr\/wp-json\/wp\/v2\/media?parent=644183"}],"wp:term":[{"taxonomy":"category","embeddable":true,"href":"https:\/\/www.europesays.com\/fr\/wp-json\/wp\/v2\/categories?post=644183"},{"taxonomy":"post_tag","embeddable":true,"href":"https:\/\/www.europesays.com\/fr\/wp-json\/wp\/v2\/tags?post=644183"}],"curies":[{"name":"wp","href":"https:\/\/api.w.org\/{rel}","templated":true}]}}