{"id":644193,"date":"2026-01-06T06:49:12","date_gmt":"2026-01-06T06:49:12","guid":{"rendered":"https:\/\/www.europesays.com\/fr\/644193\/"},"modified":"2026-01-06T06:49:12","modified_gmt":"2026-01-06T06:49:12","slug":"lyon-lhotel-5-etoiles-la-villa-florentine-ferme-pour-travaux-et-met-aux-encheres-plus-de-600-pieces","status":"publish","type":"post","link":"https:\/\/www.europesays.com\/fr\/644193\/","title":{"rendered":"Lyon. L\u2019h\u00f4tel 5 \u00e9toiles la Villa Florentine ferme pour travaux et met aux ench\u00e8res plus de 600 pi\u00e8ces"},"content":{"rendered":"<p>Ils offrent une vue imprenable sur la capitale des Gaules. L\u2019h\u00f4tel 5 \u00e9toiles la Villa Florentine et son restaurant \u00e9toil\u00e9, Les Terrasses de Lyon, ont accueilli leurs derniers clients ce dernier week-end des vacances de No\u00ebl. L\u2019\u00e9tablissement ferme ses portes pour des travaux de r\u00e9novation, qui doivent durer trois mois.<\/p>\n<p>Mais avant cela, Beauvallon collection, le groupe h\u00f4telier lyonnais d\u00e9sormais \u00e0 la t\u00eate de la Maison, se s\u00e9pare de quelque 600 objets et mobilier lors d\u2019une vente aux ench\u00e8res ce mercredi 7\u00a0janvier.<\/p>\n<p>  Un vide h\u00f4tel aussi au programme<\/p>\n<p>Les 55 pi\u00e8ces les plus nobles seront propos\u00e9es d\u00e8s 13 heures \u00e0 la Villa Florentine. On retrouve par exemple plusieurs sculptures en bronze du XIXe, dont Le chanteur florentin, une \u0153uvre phare de Paul Dubois, estim\u00e9e entre\u00a02\u00a0000\u00a0et 4\u00a0000\u00a0euros, mais aussi des tableaux, du mobilier design,\u00a0etc.<\/p>\n<p>Apr\u00e8s cette vente \u00ab\u00a0live\u00a0\u00bb, une vente en ligne aura lieu d\u00e8s 15 heures sur <a href=\"https:\/\/drouot.com\/fr\/v\/174726-vente-online-en-provenance-de-la-villa-florentine-a-lyon-5\" target=\"_blank\" rel=\"noopener\">Drouot.com<\/a> avec 558 objets tr\u00e8s vari\u00e9s, parmi lesquels des chaises, des lits, des tables\u2026 Les mises \u00e0 prix pour des illustrations commencent \u00e0 3\u00a0euros seulement. \u00c0 noter \u00e9galement, la Villa Florentine organise en parall\u00e8le un vide h\u00f4tel les 7 et 8\u00a0janvier.<\/p>\n<p class=\"note\">Villa Florentine, 25 mont\u00e9e Saint-Barth\u00e9lemy, \u00e0 Lyon 5e. Exposition des lots mercredi 7\u00a0janvier de 9 heures \u00e0 midi. Ventes aux ench\u00e8res, le 7\u00a0janvier, d\u00e8s 13 heures. Vide h\u00f4tel, mercredi\u00a07 et jeudi 8\u00a0janvier, de 9 \u00e0 17 heures.<\/p>\n","protected":false},"excerpt":{"rendered":"Ils offrent une vue imprenable sur la capitale des Gaules. L\u2019h\u00f4tel 5 \u00e9toiles la Villa Florentine et son&hellip;\n","protected":false},"author":2,"featured_media":644194,"comment_status":"","ping_status":"","sticky":false,"template":"","format":"standard","meta":{"footnotes":""},"categories":[1889],"tags":[1111,11,2430,4406,1687,33,2757,1777,674,107,1011,27,2428,2756,12,25,2429],"class_list":{"0":"post-644193","1":"post","2":"type-post","3":"status-publish","4":"format-standard","5":"has-post-thumbnail","7":"category-lyon","8":"tag-actu","9":"tag-actualites","10":"tag-auvergne-rhone-alpes","11":"tag-commerce-et-services","12":"tag-culture-loisirs","13":"tag-economie","14":"tag-edition-lyon-villeurbanne","15":"tag-eu","16":"tag-europe","17":"tag-fil-info","18":"tag-fr","19":"tag-france","20":"tag-lyon","21":"tag-lyon-bassin","22":"tag-news","23":"tag-republique-francaise","24":"tag-rhone"},"share_on_mastodon":{"url":"https:\/\/pubeurope.com\/@fr\/115846824775750124","error":""},"_links":{"self":[{"href":"https:\/\/www.europesays.com\/fr\/wp-json\/wp\/v2\/posts\/644193","targetHints":{"allow":["GET"]}}],"collection":[{"href":"https:\/\/www.europesays.com\/fr\/wp-json\/wp\/v2\/posts"}],"about":[{"href":"https:\/\/www.europesays.com\/fr\/wp-json\/wp\/v2\/types\/post"}],"author":[{"embeddable":true,"href":"https:\/\/www.europesays.com\/fr\/wp-json\/wp\/v2\/users\/2"}],"replies":[{"embeddable":true,"href":"https:\/\/www.europesays.com\/fr\/wp-json\/wp\/v2\/comments?post=644193"}],"version-history":[{"count":0,"href":"https:\/\/www.europesays.com\/fr\/wp-json\/wp\/v2\/posts\/644193\/revisions"}],"wp:featuredmedia":[{"embeddable":true,"href":"https:\/\/www.europesays.com\/fr\/wp-json\/wp\/v2\/media\/644194"}],"wp:attachment":[{"href":"https:\/\/www.europesays.com\/fr\/wp-json\/wp\/v2\/media?parent=644193"}],"wp:term":[{"taxonomy":"category","embeddable":true,"href":"https:\/\/www.europesays.com\/fr\/wp-json\/wp\/v2\/categories?post=644193"},{"taxonomy":"post_tag","embeddable":true,"href":"https:\/\/www.europesays.com\/fr\/wp-json\/wp\/v2\/tags?post=644193"}],"curies":[{"name":"wp","href":"https:\/\/api.w.org\/{rel}","templated":true}]}}