{"id":644195,"date":"2026-01-06T06:51:18","date_gmt":"2026-01-06T06:51:18","guid":{"rendered":"https:\/\/www.europesays.com\/fr\/644195\/"},"modified":"2026-01-06T06:51:18","modified_gmt":"2026-01-06T06:51:18","slug":"les-departements-ne-sont-pas-equipes-lepisode-neigeux-a-t-il-ete-suffisamment-anticipe","status":"publish","type":"post","link":"https:\/\/www.europesays.com\/fr\/644195\/","title":{"rendered":"\u00ab\u00a0Les d\u00e9partements ne sont pas \u00e9quip\u00e9s\u00a0\u00bb : l&rsquo;\u00e9pisode neigeux a-t-il \u00e9t\u00e9 suffisamment anticip\u00e9 ?"},"content":{"rendered":"<ul class=\"jsx-862013697 ArticleChapo__List\">\n<li class=\"jsx-862013697 ArticleChapo__List_Item flex\">La France a \u00e9t\u00e9 travers\u00e9e par d&rsquo;importantes chutes de neige ce lundi.<\/li>\n<li class=\"jsx-862013697 ArticleChapo__List_Item flex\">La pagaille sur de nombreuses routes dans le pays semble prouver que l&rsquo;\u00e9pisode n&rsquo;a pas \u00e9t\u00e9 assez anticip\u00e9 par les autorit\u00e9s.<\/li>\n<li class=\"jsx-862013697 ArticleChapo__List_Item flex\">Dans certains d\u00e9partements, les d\u00e9neigeuses n&rsquo;ont pas \u00e9t\u00e9 en nombre suffisant.<\/li>\n<\/ul>\n<p><a href=\"https:\/\/www.tf1info.fr\/actualite\/neige-et-verglas-alerte-meteo-la-france-perturbee-par-les-intemperies-13173\/\" rel=\"noopener\" class=\"jsx-484472199 Link jsx-1428418400 jsx-27126556\" target=\"_blank\"><\/p>\n<p style=\"font-weight:400\" class=\"jsx-1837267516\">Suivez la couverture compl\u00e8te<\/p>\n<p style=\"font-weight:800\" class=\"jsx-1837267516\">Neige et verglas : la France perturb\u00e9e par les intemp\u00e9ries<\/p>\n<p><\/a><\/p>\n<p data-module=\"article-paragraph\" class=\"jsx-157965717 Paragraph\">Des <a href=\"https:\/\/www.tf1info.fr\/regions\/video-reportage-magnifique-les-images-du-spectacle-rare-de-la-dune-du-pilat-totalement-recouverte-de-givre-dans-le-bassin-d-arcachon-2416741.html\" target=\"_blank\" rel=\"noopener\">chutes de neige<\/a> qui provoquent la pagaille sur les routes. Plus de 1500 kilom\u00e8tres d&#8217;embouteillages ont \u00e9t\u00e9 enregistr\u00e9s dans toute la France ce lundi 5 janvier. Ce n&rsquo;\u00e9tait pas arriv\u00e9 depuis cinq ans. En r\u00e9gion parisienne, le cumul des encombrements routiers a entam\u00e9 une d\u00e9crue dans la soir\u00e9e apr\u00e8s avoir atteint un pic in\u00e9dit d&rsquo;environ 1020 km vers 18h.<\/p>\n<p data-module=\"article-paragraph\" class=\"jsx-157965717 Paragraph Paragraph__End\">Accidents sur le p\u00e9riph\u00e9rique et sur les routes nationales, files interminables de poids lourds contraints et forc\u00e9s de s&rsquo;arr\u00eater&#8230; Une chose est s\u00fbre, la France, <a href=\"https:\/\/www.tf1info.fr\/meteo\/direct-meteo-france-previsions-alerte-neige-verglas-7-departements-places-en-vigilance-orange-lundi-5-janvier-2026-transports-scolaires-suspendus-en-ille-et-vilaine-et-en-normandie-2416611.html\" target=\"_blank\" rel=\"noopener\">dont 26 d\u00e9partements ont \u00e9t\u00e9 plac\u00e9s en vigilance orange neige-verglas<\/a> par M\u00e9t\u00e9o-France, a \u00e9t\u00e9 surprise par l&rsquo;ampleur de cet \u00e9pisode. Mais peut-on pour autant qualifier ce dernier d&rsquo;exceptionnel ?<\/p>\n<p>Des maires pr\u00e9venus trop tard, selon eux<\/p>\n<p data-module=\"article-paragraph\" class=\"jsx-157965717 Paragraph\">\u00ab\u00a0Ce n&rsquo;est pas forc\u00e9ment un \u00e9pisode neigeux exceptionnel, parce que de la neige en hiver, on peut en avoir, mais c&rsquo;est devenu inhabituel. Et c&rsquo;est surtout \u00e7a qui est impressionnant\u00a0\u00bb, explique \u00c9velyne Dh\u00e9liat, cheffe du service m\u00e9t\u00e9o TF1-LCI, au micro du 20H de TF1. Un \u00e9pisode rare, mais que M\u00e9t\u00e9o-France avait pr\u00e9vu, et ce, depuis plusieurs jours. Alors, y a-t-il eu une mauvaise anticipation ? Les maires de certaines villes estiment avoir \u00e9t\u00e9 pr\u00e9venus trop tard.\u00a0<\/p>\n<p data-module=\"article-paragraph\" class=\"jsx-157965717 Paragraph Paragraph__End\">\u00ab\u00a0On a re\u00e7u environ vers 11h, ce matin, une note de la pr\u00e9fecture nous indiquant que les \u00e9coles \u00e9taient ferm\u00e9es \u00e0 partir de 15h aujourd&rsquo;hui. Donc 11h-15h, le d\u00e9lai \u00e9tait un petit peu rapide pour s&rsquo;organiser\u00a0\u00bb, estime Arnaud P\u00e9ricard, maire (Horizons) de Saint-Germain-en-Laye (Yvelines).<\/p>\n<p><a href=\"https:\/\/www.tf1info.fr\/transports\/neige-en-ile-de-france-plus-de-1000-km-de-bouchons-cumules-sur-les-routes-aujourd-hui-un-record-2416809.html\" rel=\"noopener\" class=\"jsx-3308031228 Link flex\" target=\"_blank\"><img decoding=\"async\" src=\"https:\/\/www.europesays.com\/fr\/wp-content\/uploads\/2026\/01\/bouchons-neige-ile-de-france-681ce2-0@1x.jpeg\" alt=\"AFP\" loading=\"lazy\" importance=\"low\" fetchpriority=\"low\" class=\"\" aria-hidden=\"true\"\/><\/p>\n<p class=\"jsx-3657663356 ReadMoreArticle__Title\">Lire aussi<\/p>\n<p class=\"jsx-3657663356\">Neige en \u00cele-de-France : plus de 1000 kilom\u00e8tres de bouchons cumul\u00e9s sur les routes aujourd&rsquo;hui, un record<\/p>\n<p><\/a><\/p>\n<p data-module=\"article-paragraph\" class=\"jsx-157965717 Paragraph Paragraph__End\">\u00c0 ce moment-l\u00e0, certaines routes \u00e9taient d\u00e9j\u00e0 peu praticables, sans personne pour les d\u00e9neiger, comme le souligne Fran\u00e7ois Deletraz, pr\u00e9sident de la F\u00e9d\u00e9ration nationale des associations d&rsquo;usagers des transports (FNAUT) : \u00ab\u00a0Des d\u00e9partements n&rsquo;ont eu aucun probl\u00e8me, comme les Vosges, la Savoie et la Haute-Savoie. Mais dans le reste de la France, les \u00e9pisodes neigeux sont tellement rares que les d\u00e9partements ne sont pas \u00e9quip\u00e9s pour d\u00e9neiger toutes les rues.\u00a0\u00bb Des r\u00e9gions tellement peu \u00e9quip\u00e9es que ce lundi, 3 cm de neige ont suffi \u00e0 cr\u00e9er d&rsquo;immenses perturbations.<\/p>\n<p>La r\u00e9daction de TF1info | Reportage TF1 Guillaume BERTRAND et Pierre LIMPENS<\/p>\n","protected":false},"excerpt":{"rendered":"La France a \u00e9t\u00e9 travers\u00e9e par d&rsquo;importantes chutes de neige ce lundi. La pagaille sur de nombreuses routes&hellip;\n","protected":false},"author":2,"featured_media":644196,"comment_status":"","ping_status":"","sticky":false,"template":"","format":"standard","meta":{"footnotes":""},"categories":[1592],"tags":[1111,11,1921,1777,674,1011,27,662,1922,2952,11007,10584,75061,12,626,11008,25,2803,133,11009],"class_list":{"0":"post-644195","1":"post","2":"type-post","3":"status-publish","4":"format-standard","5":"has-post-thumbnail","7":"category-ile-de-france","8":"tag-actu","9":"tag-actualites","10":"tag-article-video","11":"tag-eu","12":"tag-europe","13":"tag-fr","14":"tag-france","15":"tag-ile-de-france","16":"tag-info","17":"tag-le-20h","18":"tag-meteo-quotidienne","19":"tag-neige","20":"tag-neige-et-verglas-la-france-perturbee-par-les-intemperies","21":"tag-news","22":"tag-paris","23":"tag-phenomenes-meteo","24":"tag-republique-francaise","25":"tag-transport","26":"tag-video","27":"tag-video-meteo-et-intemperies"},"share_on_mastodon":{"url":"https:\/\/pubeurope.com\/@fr\/115846832794909545","error":""},"_links":{"self":[{"href":"https:\/\/www.europesays.com\/fr\/wp-json\/wp\/v2\/posts\/644195","targetHints":{"allow":["GET"]}}],"collection":[{"href":"https:\/\/www.europesays.com\/fr\/wp-json\/wp\/v2\/posts"}],"about":[{"href":"https:\/\/www.europesays.com\/fr\/wp-json\/wp\/v2\/types\/post"}],"author":[{"embeddable":true,"href":"https:\/\/www.europesays.com\/fr\/wp-json\/wp\/v2\/users\/2"}],"replies":[{"embeddable":true,"href":"https:\/\/www.europesays.com\/fr\/wp-json\/wp\/v2\/comments?post=644195"}],"version-history":[{"count":0,"href":"https:\/\/www.europesays.com\/fr\/wp-json\/wp\/v2\/posts\/644195\/revisions"}],"wp:featuredmedia":[{"embeddable":true,"href":"https:\/\/www.europesays.com\/fr\/wp-json\/wp\/v2\/media\/644196"}],"wp:attachment":[{"href":"https:\/\/www.europesays.com\/fr\/wp-json\/wp\/v2\/media?parent=644195"}],"wp:term":[{"taxonomy":"category","embeddable":true,"href":"https:\/\/www.europesays.com\/fr\/wp-json\/wp\/v2\/categories?post=644195"},{"taxonomy":"post_tag","embeddable":true,"href":"https:\/\/www.europesays.com\/fr\/wp-json\/wp\/v2\/tags?post=644195"}],"curies":[{"name":"wp","href":"https:\/\/api.w.org\/{rel}","templated":true}]}}