{"id":644203,"date":"2026-01-06T06:55:15","date_gmt":"2026-01-06T06:55:15","guid":{"rendered":"https:\/\/www.europesays.com\/fr\/644203\/"},"modified":"2026-01-06T06:55:15","modified_gmt":"2026-01-06T06:55:15","slug":"les-valeurs-a-suivre-a-paris-et-en-europe-06-01-2026-a-0600","status":"publish","type":"post","link":"https:\/\/www.europesays.com\/fr\/644203\/","title":{"rendered":"Les valeurs \u00e0 suivre \u00e0 Paris et en Europe &#8211; 06\/01\/2026 \u00e0 06:00"},"content":{"rendered":"<p>\n *\n<\/p>\n<p>\n Variation des futures sur indice CAC 40  0#FCE:\n<\/p>\n<p>\n *\n<\/p>\n<p>\n Variation des futures sur indice Stoxx 600  0#FXXP:\n<\/p>\n<p>\n *\n<\/p>\n<p>\n Valeurs qui se traitent ex-dividende  .EX.PA\n<\/p>\n<p>\n *\n<\/p>\n<p>\n Le point sur les march\u00e9s europ\u00e9ens  .EUFR\n<\/p>\n<p>\n Les valeurs \u00e0 suivre mardi<br \/>\n\u00e0 la Bourse de Paris et en Europe :\n<\/p>\n<p>\n * SECTEUR TECHNOLOGIQUE &#8211; Le plus grand salon de<br \/>\nl&rsquo;\u00e9lectronique du monde, le Consumer Electronics Show de Las<br \/>\nVegas, s&rsquo;ouvre ce mardi. Parmi les orateurs importants de ce<br \/>\nsalon annuel, figurent Jensen Huang, le directeur g\u00e9n\u00e9ral de<br \/>\nNvidia<br \/>\n <a href=\"https:\/\/www.boursorama.com\/cours\/NVDA\/\" target=\"_blank\" rel=\"noopener\"><br \/>\n  NVDA.O<br \/>\n <\/a><br \/>\n , Lisa Su, la directrice g\u00e9n\u00e9rale d&rsquo;AMD<br \/>\n <a href=\"https:\/\/www.boursorama.com\/cours\/AMD\/\" target=\"_blank\" rel=\"noopener\"><br \/>\n  AMD.O<br \/>\n <\/a><br \/>\n ,<br \/>\nTom Hale, le directeur g\u00e9n\u00e9ral de la soci\u00e9t\u00e9 finlandaise Oura<br \/>\nsp\u00e9cialis\u00e9e dans les technologies de la sant\u00e9, et Yuanqing Yang,<br \/>\nle directeur g\u00e9n\u00e9ral du fabricant d&rsquo;ordinateurs Lenovo\n<\/p>\n<p>\n <a href=\"https:\/\/www.boursorama.com\/cours\/1mTLHL\/\" target=\"_blank\" rel=\"noopener\"><br \/>\n  0992.HK<br \/>\n <\/a><br \/>\n .\n<\/p>\n<p>\n * VINCI<br \/>\n <a href=\"https:\/\/www.boursorama.com\/cours\/1rPDG\/\" target=\"_blank\" rel=\"noopener\"><br \/>\n  SGEF.PA<br \/>\n <\/a><br \/>\n a annonc\u00e9 lundi le lancement d&rsquo;un<br \/>\nprogramme de rachat d&rsquo;actions dans la limite de 600 millions<br \/>\nd&rsquo;euros, valable du 6 janvier au 25 mars 2026 au plus tard.\n<\/p>\n<p>\n * VERALLIA<br \/>\n <a href=\"https:\/\/www.boursorama.com\/cours\/1rPVRLA\/\" target=\"_blank\" rel=\"noopener\"><br \/>\n  VRLA.PA<br \/>\n <\/a><br \/>\n a annonc\u00e9 lundi la nomination de<br \/>\nCristina Riesgo en tant que directrice financi\u00e8re du groupe<br \/>\nverrier fran\u00e7ais, \u00e0 compter du 1er mars 2026.\n<\/p>\n<p>\n * ARGAN<br \/>\n <a href=\"https:\/\/www.boursorama.com\/cours\/1rPARG\/\" target=\"_blank\" rel=\"noopener\"><br \/>\n  ARGAN.PA<br \/>\n <\/a><br \/>\n a fait \u00e9tat lundi d&rsquo;une hausse de 7% de<br \/>\nses revenus locatifs en 2025, le groupe citant l&rsquo;impact sur<br \/>\nl&rsquo;ensemble de l&rsquo;ann\u00e9e de huit projets livr\u00e9s en 2024 ainsi que<br \/>\nde l&rsquo;indexation des loyers de 3,45% en janvier 2025.\n<\/p>\n<p>\n L&rsquo;AGENDA FRANCE &amp; INTERNATIONAL \u00c0 7 JOURS:<br \/>\n nL8N3Y30H9\n<\/p>\n<p>\n (R\u00e9daction de Paris)<\/p>\n","protected":false},"excerpt":{"rendered":"* Variation des futures sur indice CAC 40 0#FCE: * Variation des futures sur indice Stoxx 600 0#FXXP:&hellip;\n","protected":false},"author":2,"featured_media":607076,"comment_status":"","ping_status":"","sticky":false,"template":"","format":"standard","meta":{"footnotes":""},"categories":[1888],"tags":[400,11,398,408,405,1777,674,1011,27,403,402,399,404,12,626,25,401,406,407],"class_list":{"0":"post-644203","1":"post","2":"type-post","3":"status-publish","4":"format-standard","5":"has-post-thumbnail","7":"category-paris","8":"tag-action-cac-40","9":"tag-actualites","10":"tag-bourse-de-paris","11":"tag-boursorama","12":"tag-cotations","13":"tag-eu","14":"tag-europe","15":"tag-fr","16":"tag-france","17":"tag-indices-devises","18":"tag-investir","19":"tag-investissement","20":"tag-marche-boursier","21":"tag-news","22":"tag-paris","23":"tag-republique-francaise","24":"tag-sicav","25":"tag-trackers","26":"tag-warrants"},"share_on_mastodon":{"url":"https:\/\/pubeurope.com\/@fr\/115846848365355747","error":""},"_links":{"self":[{"href":"https:\/\/www.europesays.com\/fr\/wp-json\/wp\/v2\/posts\/644203","targetHints":{"allow":["GET"]}}],"collection":[{"href":"https:\/\/www.europesays.com\/fr\/wp-json\/wp\/v2\/posts"}],"about":[{"href":"https:\/\/www.europesays.com\/fr\/wp-json\/wp\/v2\/types\/post"}],"author":[{"embeddable":true,"href":"https:\/\/www.europesays.com\/fr\/wp-json\/wp\/v2\/users\/2"}],"replies":[{"embeddable":true,"href":"https:\/\/www.europesays.com\/fr\/wp-json\/wp\/v2\/comments?post=644203"}],"version-history":[{"count":0,"href":"https:\/\/www.europesays.com\/fr\/wp-json\/wp\/v2\/posts\/644203\/revisions"}],"wp:featuredmedia":[{"embeddable":true,"href":"https:\/\/www.europesays.com\/fr\/wp-json\/wp\/v2\/media\/607076"}],"wp:attachment":[{"href":"https:\/\/www.europesays.com\/fr\/wp-json\/wp\/v2\/media?parent=644203"}],"wp:term":[{"taxonomy":"category","embeddable":true,"href":"https:\/\/www.europesays.com\/fr\/wp-json\/wp\/v2\/categories?post=644203"},{"taxonomy":"post_tag","embeddable":true,"href":"https:\/\/www.europesays.com\/fr\/wp-json\/wp\/v2\/tags?post=644203"}],"curies":[{"name":"wp","href":"https:\/\/api.w.org\/{rel}","templated":true}]}}