{"id":644206,"date":"2026-01-06T06:57:15","date_gmt":"2026-01-06T06:57:15","guid":{"rendered":"https:\/\/www.europesays.com\/fr\/644206\/"},"modified":"2026-01-06T06:57:15","modified_gmt":"2026-01-06T06:57:15","slug":"je-me-suis-battue-fuite-de-la-guerre-en-ukraine-reussite-scolaire-le-destin-magique-danastasiia-desormais-etudiante-a-toulouse","status":"publish","type":"post","link":"https:\/\/www.europesays.com\/fr\/644206\/","title":{"rendered":"\u00ab\u00a0Je me suis battue\u00a0!\u00a0\u00bb : Fuite de la guerre en Ukraine, r\u00e9ussite scolaire\u2026 le destin magique d\u2019Anastasiia, d\u00e9sormais \u00e9tudiante \u00e0 Toulouse"},"content":{"rendered":"<p>\n                                                                    l&rsquo;essentiel<br \/>\n                                                                Notre journaliste Lisa Herv\u00e9 va \u00e0 la rencontre d\u2019inconnus et leur demande de raconter leur histoire. Arriv\u00e9e d\u2019Ukraine il y a quatre ans en pleine guerre, Anastasiia a surmont\u00e9 la barri\u00e8re de la langue pour poursuivre ses \u00e9tudes d\u2019arts plastiques \u00e0 Toulouse et cultive aujourd\u2019hui un bonheur fond\u00e9 sur l\u2019instant pr\u00e9sent.\n                            <\/p>\n<p>Assise face \u00e0 la basilique Saint-Sernin, carnet sur les genoux, une jeune femme v\u00eatue de noir aux cheveux ch\u00e2tains clair d\u00e9tach\u00e9s, dessine sans vraiment pr\u00eater attention \u00e0 ce qui l\u2019entoure. \u00c0 premi\u00e8re vue, rien ne distingue Anastasiia des autres \u00e9tudiants install\u00e9s \u00e0 Toulouse. Mais quand elle commence \u00e0 parler, son accent des pays de l\u2019Est ne passe pas inaper\u00e7u. Arriv\u00e9e en France il y a quatre ans, en pleine guerre en Ukraine, elle se souvient \u201cd\u2019une semaine vraiment dans le coin la guerre\u201d, avant son d\u00e9part pr\u00e9cipit\u00e9 pour la France, o\u00f9 elle s\u2019installe du c\u00f4t\u00e9 de Saint-Gaudens avec sa famille. \u201cQuand je suis arriv\u00e9e, je ne parlais pas fran\u00e7ais, je parlais anglais, mais en France, \u00e7a n\u2019aide pas du tout\u201d, sourit-elle aujourd\u2019hui.<\/p>\n<p>Int\u00e9gr\u00e9e au lyc\u00e9e, sans cours de fran\u00e7ais adapt\u00e9s, elle apprend la langue seule, \u201cgr\u00e2ce \u00e0 YouTube, gr\u00e2ce \u00e0 mes amis\u201d. Un an plus tard, elle m\u00e8ne une bataille administrative pour passer simultan\u00e9ment les \u00e9preuves anticip\u00e9es et le baccalaur\u00e9at de terminale en une seule ann\u00e9e. \u201cTout le monde me disait que je ne pouvais pas. Moi, je me suis trop battue.\u201d Elle r\u00e9ussit ses examens du premier coup et entre \u00e0 l\u2019universit\u00e9. \u00ab\u00a0Happy ever after\u00a0\u00bb, r\u00e9sume-t-elle avec humour.<\/p>\n<p>\u00ab\u00a0J\u2019aime dessiner la beaut\u00e9 des visages\u00a0\u00bb<\/p>\n<p>\u00c9tudiante en arts plastiques \u00e0 l\u2019universit\u00e9 Toulouse Jean-Jaur\u00e8s, Anastasiia se d\u00e9finit avant tout comme artiste. Son projet d\u00e9passe le cadre acad\u00e9mique. \u00ab\u00a0J\u2019aimerais travailler sur comment les gens sentent quand ils regardent l\u2019art, explique-t-elle. Comment construire les \u00e9motions, les sentiments \u00e0 travers l\u2019art.\u201d<\/p>\n<p>Une approche nourrie aussi par un int\u00e9r\u00eat pour la psychologie, qu\u2019elle a longtemps h\u00e9sit\u00e9 \u00e0 \u00e9tudier. \u201cJ\u2019ai choisi les arts plastiques, mais la psychologie reste tr\u00e8s pr\u00e9sente dans mon travail.\u201d Ce qu\u2019elle pr\u00e9f\u00e8re dessiner\u00a0? Les visages. \u201cL\u2019expression, la beaut\u00e9. Les gens.\u201d Ce jour-l\u00e0, elle a d\u00e9cid\u00e9 de poser son t\u00e9l\u00e9phone. \u00ab\u00a0C\u2019est un jour de d\u00e9tox. Pas de musique, pas de r\u00e9seaux. Aujourd\u2019hui, tu respires\u00a0\u00bb, s\u2019est-elle dit en \u00f4tant son casque quelques heures plus t\u00f4t.<\/p>\n<p>        <img decoding=\"async\" class=\"std-img__img responsive-img\" src=\"https:\/\/www.europesays.com\/fr\/wp-content\/uploads\/2026\/01\/1767682635_188_image.jpg\" alt=\"Le traditionnel selfie \u00e0 la fin de chaque \u00e9pisode de Raconte-moi ton histoire\"\/><\/p>\n<p>                Le traditionnel selfie \u00e0 la fin de chaque \u00e9pisode de Raconte-moi ton histoire<br \/>\n                                    Lisa Herv\u00e9<\/p>\n<p>\u201cJe devrais \u00eatre en Ukraine\u201d<\/p>\n<p>Bien que l\u2019Ukraine lui manque parfois, elle affirme s\u2019\u00eatre trouv\u00e9e en France. \u201cJe construis ma vie ici, admet l\u2019\u00e9tudiante. Je ne sais pas comment je suis l\u00e0. Je devrais \u00eatre en Ukraine. Et pourtant je suis ici, je parle fran\u00e7ais, je dessine. Pour moi, c\u2019est une magie.\u201d Respirer, voir le monde mais aussi la connexion entre les gens, c\u2019est ce qui guide Anastasiia dans sa vie de tous les jours. \u201cPour moi, c\u2019est le plus important, le plus int\u00e9ressant.\u201d<\/p>\n<p>Anastasiia a un r\u00eave, qu\u2019elle diff\u00e9rencie du but, celui d\u2019\u00eatre heureuse, \u201cet en m\u00eame temps je suis d\u00e9j\u00e0 heureuse, donc chaque jour, je suis dans mon r\u00eave\u201d, conclut-elle.<\/p>\n<p>Raconte-moi ton histoire, c\u2019est chaque dimanche sur les r\u00e9seaux sociaux de La D\u00e9p\u00eache du Midi.<\/p>\n","protected":false},"excerpt":{"rendered":"l&rsquo;essentiel Notre journaliste Lisa Herv\u00e9 va \u00e0 la rencontre d\u2019inconnus et leur demande de raconter leur histoire. Arriv\u00e9e&hellip;\n","protected":false},"author":2,"featured_media":644207,"comment_status":"","ping_status":"","sticky":false,"template":"","format":"standard","meta":{"footnotes":""},"categories":[1590],"tags":[11,1777,674,74653,2722,12,75064,2312,220],"class_list":{"0":"post-644206","1":"post","2":"type-post","3":"status-publish","4":"format-standard","5":"has-post-thumbnail","7":"category-ukraine","8":"tag-actualites","9":"tag-eu","10":"tag-europe","11":"tag-grands-formats","12":"tag-haute-garonne","13":"tag-news","14":"tag-raconte-moi-ton-histoire","15":"tag-toulouse","16":"tag-ukraine"},"share_on_mastodon":{"url":"https:\/\/pubeurope.com\/@fr\/115846856293267610","error":""},"_links":{"self":[{"href":"https:\/\/www.europesays.com\/fr\/wp-json\/wp\/v2\/posts\/644206","targetHints":{"allow":["GET"]}}],"collection":[{"href":"https:\/\/www.europesays.com\/fr\/wp-json\/wp\/v2\/posts"}],"about":[{"href":"https:\/\/www.europesays.com\/fr\/wp-json\/wp\/v2\/types\/post"}],"author":[{"embeddable":true,"href":"https:\/\/www.europesays.com\/fr\/wp-json\/wp\/v2\/users\/2"}],"replies":[{"embeddable":true,"href":"https:\/\/www.europesays.com\/fr\/wp-json\/wp\/v2\/comments?post=644206"}],"version-history":[{"count":0,"href":"https:\/\/www.europesays.com\/fr\/wp-json\/wp\/v2\/posts\/644206\/revisions"}],"wp:featuredmedia":[{"embeddable":true,"href":"https:\/\/www.europesays.com\/fr\/wp-json\/wp\/v2\/media\/644207"}],"wp:attachment":[{"href":"https:\/\/www.europesays.com\/fr\/wp-json\/wp\/v2\/media?parent=644206"}],"wp:term":[{"taxonomy":"category","embeddable":true,"href":"https:\/\/www.europesays.com\/fr\/wp-json\/wp\/v2\/categories?post=644206"},{"taxonomy":"post_tag","embeddable":true,"href":"https:\/\/www.europesays.com\/fr\/wp-json\/wp\/v2\/tags?post=644206"}],"curies":[{"name":"wp","href":"https:\/\/api.w.org\/{rel}","templated":true}]}}