{"id":644212,"date":"2026-01-06T07:00:44","date_gmt":"2026-01-06T07:00:44","guid":{"rendered":"https:\/\/www.europesays.com\/fr\/644212\/"},"modified":"2026-01-06T07:00:44","modified_gmt":"2026-01-06T07:00:44","slug":"le-jour-ou-lallemagne-a-renie-romy-schneider","status":"publish","type":"post","link":"https:\/\/www.europesays.com\/fr\/644212\/","title":{"rendered":"Le jour o\u00f9 l&rsquo;Allemagne a reni\u00e9 Romy Schneider"},"content":{"rendered":"<p>Ce lundi 5 janvier 2026, Arte diffuse l\u2019un des films cultes de Romy Schneider : Les Choses de la vie, r\u00e9alis\u00e9 en 1970 par Claude Sautet. Star d\u00e8s l\u2019adolescence, l\u2019actrice a incarn\u00e9 des r\u00f4les de femmes fatales et tourn\u00e9 avec Otto Preminger, Claude Sautet, Luchino Visconti\u2026. \u00c0 son d\u00e9c\u00e8s en 1982, elle a laiss\u00e9 derri\u00e8re elle une carri\u00e8re fulgurante et une relation tumultueuse avec l\u2019Allemagne, son pays d\u2019origine.<\/p>\n<li class=\"credits d-flex\">\n<p>\n\t\t\t\t\t\t\t\t\t\t\tpar\t\t\t\t\t\t\t\t\t\t\t\t\t\t\t\t\t\t\t\t\t\t\t<a href=\"https:\/\/numero.com\/contributeur\/margaux-coratte\/\" target=\"_blank\" rel=\"noopener\">Margaux Coratte<\/a>.\t\t\t\t\t\t\t\t\t\t\t\t\t\t\t\t\t\t\t\t\t<\/p>\n<\/li>\n<p class=\"edition-date\">Publi\u00e9 le 4 juin 2020. Modifi\u00e9 le 5 janvier 2026.<\/p>\n<p><img loading=\"lazy\" decoding=\"async\" width=\"745\" height=\"1000\" data-wp-class--hide=\"state.isContentHidden\" data-wp-class--show=\"state.isContentVisible\" data-wp-init=\"callbacks.setButtonStyles\" data-wp-on-async--click=\"actions.showLightbox\" data-wp-on-async--load=\"callbacks.setButtonStyles\" data-wp-on-async-window--resize=\"callbacks.setButtonStyles\" src=\"https:\/\/www.europesays.com\/fr\/wp-content\/uploads\/2026\/01\/romy-shneider-numero-.jpg\" alt=\"Romy Schneider sur le tournage du film Qui ? (Il cadavere dagli artigli d'acciaio) r\u00e9alis\u00e9 par Leonard Keigel. \" class=\"wp-image-775743\"  \/><\/p>\n<p>\t\tRomy Schneider dans le film Qui ? (Il cadavere dagli artigli d\u2019acciaio)(1970), r\u00e9alis\u00e9 par Leonard Keigel. \u00a9\u00a0Lira Films \/ Valoria Films\/Sunset Boulevard\/Corbis via Getty Images. <\/p>\n<p>V\u00e9ritable ic\u00f4ne du cin\u00e9ma des ann\u00e9es 60 et 70, plus d\u2019une soixantaine de films \u00e0 son actif, <strong>Romy Schneider<\/strong>, tout en cheveux blonds et regard f\u00e9lin, a marqu\u00e9 les esprits cin\u00e9philes. Depuis ses d\u00e9buts sur\u00a0grand \u00e9cran\u00a0jusqu\u2019\u00e0 sa mort tragique en <strong>1982<\/strong>, l\u2019actrice germano-fran\u00e7aise n\u00e9e en 1938 incarne une dualit\u00e9 sans pareille, \u00e0 la fois triste et gaie, imp\u00e9tueuse et rong\u00e9e par la d\u00e9pression. Le film de <strong>Claude Sautet<\/strong>, <strong>Les Choses de la vie<\/strong> (1970), diffus\u00e9 sur <strong>Arte <\/strong>ce lundi 5 janvier 2026, permet de se souvenir du talent inou\u00ef de la plus fran\u00e7aise des Allemandes.\u00a0<\/p>\n<p>Sissi, un personnage qui colle \u00e0 la peau de Romy Schneider<\/p>\n<p>Alors que celle-ci n\u2019a que 15 ans<strong>,<\/strong> sa m\u00e8re, l\u2019actrice allemande <strong>Magda Schneider<\/strong> \u2013 c\u00e9l\u00e8bre sous le 3e Reich \u2013 la sort de son lyc\u00e9e religieux pour qu\u2019elle joue \u00e0 ses c\u00f4t\u00e9s dans un film d\u2019<strong>Hans Deppe<\/strong>. Rapidement,<strong> Romy Schneider<\/strong> fait mouche aupr\u00e8s de celui qui la fera conna\u00eetre par la suite : <strong>Ernst Marischka<\/strong>. Apr\u00e8s avoir tourn\u00e9 deux long-m\u00e9trages ensemble, le cin\u00e9aste autrichien lui offre le r\u00f4le qui la suivra toute sa vie\u00a0: <strong>Sissi<\/strong>. <\/p>\n<p>Ce personnage ang\u00e9lique, repr\u00e9sentatif d\u2019une \u00e9poque faste et rocambolesque, est le parfait moyen pour les pays germaniques d\u2019oublier les horreurs de l\u2019\u00e9poque nazie. Plus qu\u2019une actrice, la jeune femme repr\u00e9sente alors un espoir d\u2019avenir pour son pays qui porte encore les stigmates de la seconde Guerre Mondiale. D\u00e8s lors, le destin de <strong>Romy Schneide<\/strong>r est \u00e0 jamais scell\u00e9 \u00e0 celui de l\u2019Allemagne, qui la porte fi\u00e8rement en nouvelle h\u00e9ro\u00efne.\u00a0<\/p>\n<p>Extrait du film Les choses de la vie (1970) de Claude Sautet. <\/p>\n<p>\u201cC\u2019est un sale m\u00e9tier d\u2019\u00eatre actrice de cin\u00e9ma. Il faut s\u2019y donner de tout son c\u0153ur. Et, \u00e0 un autre moment, il ne faut pas\u201d. Romy Schneider<\/p>\n<p>\u201cAvec Sissi, je me sentais comme dans une veste trop petite\u201d, d\u00e9clare l\u2019actrice dans un entretien\u00a0en <strong>1962<\/strong>. Alors qu\u2019elle est pourtant devenue une v\u00e9ritable <strong>all\u00e9gorie allemande<\/strong>, <strong>Romy Schneider<\/strong> refuse de tourner un quatri\u00e8me volet des aventures de l\u2019imp\u00e9ratrice. Pire, elle rencontre l\u2019acteur <strong><a href=\"https:\/\/numero.com\/culture\/cinema\/hommage-a-alain-delon-l-une-des-dernieres-stars-du-cinema-francais\/\" target=\"_blank\" rel=\"noreferrer noopener\">Alain Delon<\/a><\/strong> sur un tournage et part avec lui en France. Un affront fait \u00e0 sa m\u00e8re. Mais sa\u00a0relation naissante avec l\u2019acteur Apollon a tout pour d\u00e9plaire aussi \u00e0 l\u2019Allemagne. <\/p>\n<p>Une fois de plus, le Fran\u00e7ais, cet ennemi historique, ce s\u00e9ducteur\u00a0mythique,\u00a0prend le dessus sur son voisin allemand et lui vole la vedette.\u00a0Une vision certes tout \u00e0 fait <strong>sexiste<\/strong>, mais qui fait les gros titres de la presse \u00e0 scandale de l\u2019\u00e9poque. Si Romy Schneider a simplement d\u00e9cid\u00e9 de vivre sa vie, son pays le vit comme une v\u00e9ritable trahison. D\u00e9sormais, l\u2019actrice n\u2019est plus pour lui qu\u2019une <strong>\u201ccom\u00e9dienne en exil\u201d<\/strong>.\u00a0<\/p>\n<p><img loading=\"lazy\" decoding=\"async\" width=\"883\" height=\"603\" data-wp-class--hide=\"state.isContentHidden\" data-wp-class--show=\"state.isContentVisible\" data-wp-init=\"callbacks.setButtonStyles\" data-wp-on-async--click=\"actions.showLightbox\" data-wp-on-async--load=\"callbacks.setButtonStyles\" data-wp-on-async-window--resize=\"callbacks.setButtonStyles\" src=\"https:\/\/www.europesays.com\/fr\/wp-content\/uploads\/2026\/01\/boccacio-70-romy-schneider-chanel-numero-magazine_0.jpg\" alt=\"Romy Schneider dans le film Il Lavoro\u201d (1962) de Luchino Visconti.\" class=\"wp-image-209160\"  \/><\/p>\n<p>\t\tRomy Schneider dans le film Il Lavoro\u201d (1962) de Luchino Visconti.<\/p>\n<p>Une histoire familiale lourde \u00e0 porter<\/p>\n<p>Alternant entre images d\u2019archives et entrevues avec <strong>Alice Schwarzer<\/strong> \u2013 journaliste \u00e0 qui elle s\u2019est confi\u00e9e en 1976 \u2013 le documentaire <strong>Conversations avec Romy Schneider<\/strong> (diffus\u00e9 en 2018 sur Arte) de Patrick Jeudy r\u00e9v\u00e8le la profonde tristesse qui habitait la jeune femme. \u201cJe veux dire toute la v\u00e9rit\u00e9\u00a0!\u201d r\u00e9p\u00e8te-t-elle \u00e0 plusieurs reprises. En off, elle se lib\u00e8re d\u2019un\u00a0secret trop lourd \u00e0 porter : son p\u00e8re, <strong>Wolf Albach-Retty<\/strong> \u00e9tait adh\u00e9rent au parti SS. <\/p>\n<p>Quant \u00e0 sa m\u00e8re, <strong>Romy Schneider<\/strong>\u00a0est persuad\u00e9e qu\u2019elle a eu une liaison avec <strong>Hitler<\/strong>. \u201cMaman avait fait construire sa maison \u00e0 Berchtesgaden, en face\u00a0du nid d\u2019aigle [l\u2019une des r\u00e9sidences principales d\u2019Hitler]. \u00c7a je ne peux pas l\u2019accepter\u201d. Simples affabulations ou r\u00e9elles accusations ? Le film apporte\u00a0la r\u00e9ponse par la suite\u00a0avec des images d\u2019archives rares\u00a0:\u00a0on aper\u00e7oit\u00a0<strong>Magda Schneider<\/strong> en compagnie d\u2019<strong>Eva Braun<\/strong> et d\u2019<strong>Hitle<\/strong>r, bras-dessus bras-dessous.<\/p>\n<p>Un devoir de m\u00e9moire<\/p>\n<p>Au cours des entretiens<strong>,<\/strong>\u00a0<strong>Alice Schwarzer<\/strong> explique qu\u2019une tendance s\u2019est tr\u00e8s vite dessin\u00e9e dans la vie de l\u2019actrice. Quelques ann\u00e9es apr\u00e8s sa rupture avec <strong>Alain\u00a0Delon<\/strong>, elle se marie avec <strong>Harry Meyen<\/strong>, un Allemand dont la famille enti\u00e8re a \u00e9t\u00e9 d\u00e9port\u00e9e pendant la guerre. D\u00e8s lors, elle encha\u00eene les films historiques o\u00f9 elle incarne tour \u00e0 tour des femmes r\u00e9sistantes ou pers\u00e9cut\u00e9es par le nazisme. <\/p>\n<p>Juive allemande traqu\u00e9e dans <strong>Le Train<\/strong>\u00a0(1973) de <strong>Pierre Granier Deferre<\/strong>, elle est la veuve d\u2019un r\u00e9sistant dans<strong> Le Cardinal <\/strong>(1963) d\u2019<strong>Otto Preminger<\/strong>, ou encore une femme martyre des SS dans <strong>Le Vieux Fusil <\/strong>(1975) d\u2019<strong>Enrico Robert<\/strong>. \u00c0 l\u2019\u00e9cran comme \u00e0 la ville, elle semble vouloir se d\u00e9partir d\u2019un fardeau. <\/p>\n<p>Elle appelle ses enfants <strong>David<\/strong> et <strong>Sarah<\/strong>.\u00a0Et jusqu\u2019\u00e0 son ultime film en<strong> 1982<\/strong>, <strong>La Passante du Sans-souci<\/strong>, <strong>Romy Schneider<\/strong> est comme empreinte d\u2019un devoir d\u2019expiation et de m\u00e9moire, qu\u2019elle s\u2019est elle-m\u00eame impos\u00e9e. Une mani\u00e8re, peut-\u00eatre, de racheter les fautes de ses parents et de son pays, dont elle porte l\u2019histoire jusqu\u2019au bout.\u00a0<\/p>\n<p>Les Choses de la vie (1970) de Claude Sautet,diffus\u00e9 sur Arte le 5 janvier 2026. <\/p>\n","protected":false},"excerpt":{"rendered":"Ce lundi 5 janvier 2026, Arte diffuse l\u2019un des films cultes de Romy Schneider : Les Choses de&hellip;\n","protected":false},"author":2,"featured_media":644213,"comment_status":"","ping_status":"","sticky":false,"template":"","format":"standard","meta":{"footnotes":""},"categories":[1587],"tags":[11,672,1804,1805,1803,1777,674,1801,12,1802],"class_list":{"0":"post-644212","1":"post","2":"type-post","3":"status-publish","4":"format-standard","5":"has-post-thumbnail","7":"category-allemagne","8":"tag-actualites","9":"tag-allemagne","10":"tag-bundesrepublik-deutschland","11":"tag-de","12":"tag-deutschland","13":"tag-eu","14":"tag-europe","15":"tag-germany","16":"tag-news","17":"tag-republique-federale-dallemagne"},"share_on_mastodon":{"url":"https:\/\/pubeurope.com\/@fr\/115846868279617702","error":""},"_links":{"self":[{"href":"https:\/\/www.europesays.com\/fr\/wp-json\/wp\/v2\/posts\/644212","targetHints":{"allow":["GET"]}}],"collection":[{"href":"https:\/\/www.europesays.com\/fr\/wp-json\/wp\/v2\/posts"}],"about":[{"href":"https:\/\/www.europesays.com\/fr\/wp-json\/wp\/v2\/types\/post"}],"author":[{"embeddable":true,"href":"https:\/\/www.europesays.com\/fr\/wp-json\/wp\/v2\/users\/2"}],"replies":[{"embeddable":true,"href":"https:\/\/www.europesays.com\/fr\/wp-json\/wp\/v2\/comments?post=644212"}],"version-history":[{"count":0,"href":"https:\/\/www.europesays.com\/fr\/wp-json\/wp\/v2\/posts\/644212\/revisions"}],"wp:featuredmedia":[{"embeddable":true,"href":"https:\/\/www.europesays.com\/fr\/wp-json\/wp\/v2\/media\/644213"}],"wp:attachment":[{"href":"https:\/\/www.europesays.com\/fr\/wp-json\/wp\/v2\/media?parent=644212"}],"wp:term":[{"taxonomy":"category","embeddable":true,"href":"https:\/\/www.europesays.com\/fr\/wp-json\/wp\/v2\/categories?post=644212"},{"taxonomy":"post_tag","embeddable":true,"href":"https:\/\/www.europesays.com\/fr\/wp-json\/wp\/v2\/tags?post=644212"}],"curies":[{"name":"wp","href":"https:\/\/api.w.org\/{rel}","templated":true}]}}