{"id":644214,"date":"2026-01-06T07:01:11","date_gmt":"2026-01-06T07:01:11","guid":{"rendered":"https:\/\/www.europesays.com\/fr\/644214\/"},"modified":"2026-01-06T07:01:11","modified_gmt":"2026-01-06T07:01:11","slug":"leurope-a-t-elle-les-moyens-dempecher-donald-trump-dannexer-le-groenland-comme-il-menace-de-le-faire","status":"publish","type":"post","link":"https:\/\/www.europesays.com\/fr\/644214\/","title":{"rendered":"L\u2019Europe a-t-elle les moyens d\u2019emp\u00eacher Donald Trump d\u2019annexer le Groenland comme il menace de le faire"},"content":{"rendered":"<p>        <img decoding=\"async\" loading=\"lazy\" src=\"https:\/\/www.europesays.com\/fr\/wp-content\/uploads\/2026\/01\/80150ac_upload-1-dbqfaxftbn3p-afp-20260105-89lq7z6-v1-highres-uspresidentdonaldtrumpdepartspalmbeach.jpeg\"  width=\"728\" height=\"410\" alt=\"Donald Trump le 4\u00a0janvier 2026.\"\/>  <\/p>\n<p>JIM WATSON \/ AFP<\/p>\n<p>Donald Trump le 4\u00a0janvier 2026.<\/p>\n<p>      <strong>EN BREF<\/strong> <strong>\u2022 <\/strong>L\u2019Europe peine \u00e0 contrer les ambitions de Donald Trump sur le Groenland, malgr\u00e9 une solidarit\u00e9 affich\u00e9e avec le Danemark.<br \/><strong>\u2022 <\/strong>Des propositions \u00e9mergent, comme l\u2019envoi de troupes europ\u00e9ennes ou des sanctions \u00e9conomiques, pour dissuader les \u00c9tats-Unis.<br \/><strong>\u2022 <\/strong>Les Groenlandais pr\u00e9f\u00e8rent rester sous la souverainet\u00e9 danoise, malgr\u00e9 les tensions internationales.                         <\/p>\n<p class=\"asset asset-text\">Le Groenland bient\u00f4t sous pavillon am\u00e9ricain\u00a0? C\u2019est en tout cas le souhait de Katie Miller, l\u2019\u00e9pouse d\u2019un proche conseiller de Donald Trump, qui a publi\u00e9 sur les r\u00e9seaux sociaux <a href=\"https:\/\/www.huffingtonpost.fr\/international\/article\/ce-montage-sur-le-groenland-illustre-bien-la-doctrine-donroe-et-le-risque-qu-elle-fait-peser-sur-l-europe_258855.html\" target=\"_blank\" rel=\"noopener\">une carte de l\u2019\u00eele color\u00e9e aux couleurs du drapeau des \u00c9tats-Unis<\/a>. Le clich\u00e9 a fait hurler de nombreux internautes et relanc\u00e9 le d\u00e9bat sur les vell\u00e9it\u00e9s expansionnistes de la premi\u00e8re puissance mondiale.<\/p>\n<p class=\"asset asset-text\">Car cela ne fait aucun doute\u00a0: <a href=\"https:\/\/www.huffingtonpost.fr\/international\/article\/trump-n-a-pas-lache-l-affaire-sur-le-groenland-la-preuve-avec-cette-nouvelle-nomination_258495.html\" target=\"_blank\" rel=\"noopener\">Donald Trump r\u00eave de conqu\u00e9rir le Groenland<\/a>, au grand dam du Danemark qui poss\u00e8de actuellement cet immense territoire compos\u00e9 aux trois quarts de glace. Apr\u00e8s l\u2019op\u00e9ration spectaculaire men\u00e9e au Venezuela, conduisant \u00e0 la capture du dirigeant Nicol\u00e1s\u00a0Maduro, les menaces du pr\u00e9sident am\u00e9ricain sont prises au s\u00e9rieux par la communaut\u00e9 internationale. \u00ab\u00a0Nous avons besoin du Groenland du point de vue de la s\u00e9curit\u00e9 nationale, et le Danemark ne sera pas en mesure de s\u2019en occuper\u00a0\u00bb, a-t-il affirm\u00e9 devant des journalistes \u00e0 bord de l\u2019avion pr\u00e9sidentiel Air Force One le 4\u00a0janvier. Puis, de fa\u00e7on moins claire\u00a0: \u00ab\u00a0Nous nous occuperons du Groenland dans environ deux mois. Parlons du Groenland dans vingt jours\u00a0\u00bb.<\/p>\n<p class=\"asset asset-text\">La plus grande \u00eele au monde, habit\u00e9e par 57\u00a0000\u00a0personnes, regorge de ressources en hydrocarbures et en minerais (or, graphite, cuivre, nickel, fer, zinc\u2026). <a href=\"https:\/\/www.huffingtonpost.fr\/international\/article\/entre-le-groenland-et-les-etats-unis-les-relations-ne-vont-pas-s-arranger-avec-les-revelations-de-ce-documentaire_254055.html\" target=\"_blank\" rel=\"noopener\">Tr\u00e8s peu de gisements sont aujourd\u2019hui exploit\u00e9s<\/a>, en raison de l\u2019immense calotte glaciaire qui la traverse et des lois environnementales. Mais Donald Trump ambitionne de passer outre, flairant le potentiel tr\u00e8s rentable des forages. \u00ab\u00a0Drill, baby, drill\u00a0!\u00a0\u00bb, martelait-il lors de sa campagne pr\u00e9sidentielle. Un slogan que l\u2019on pourrait traduire par \u00ab\u00a0Fore, b\u00e9b\u00e9, fore\u00a0!\u00a0\u00bb. Le r\u00e9chauffement climatique accentue la fonte des glaces et ouvre de nouveaux acc\u00e8s aux ressources naturelles.<\/p>\n<p class=\"asset asset-text\">Donald Trump sait qu\u2019une course contre la montre est engag\u00e9e, notamment parce que la Russie et la Chine ont le m\u00eame objectif que lui. En face, l\u2019Europe semble bien d\u00e9munie. Si le Groenland ne fait pas formellement partie de l\u2019Union europ\u00e9enne, il appartient \u00e0 un pays qui en est membre. De nombreux observateurs rel\u00e8vent une exceptionnelle unit\u00e9 des pays europ\u00e9ens ces derni\u00e8res semaines, qui affichent leur solidarit\u00e9 au Danemark face \u00e0 l\u2019expansionnisme belliqueux de Donald Trump. \u00ab\u00a0Il y a eu une unanimit\u00e9, ce qui n\u2019est pas toujours le cas au sein de l\u2019Union Europ\u00e9enne, sur la question du soutien au Groenland et au Danemark\u00a0\u00bb, confirme le chercheur \u00e0 la Fondation pour la recherche strat\u00e9gique Alexandre Taithe sur <a href=\"https:\/\/www.radiofrance.fr\/franceculture\/podcasts\/les-enjeux-internationaux\/pourquoi-donald-trump-reve-t-il-du-groenland-1217848\" target=\"_blank\" rel=\"noopener\" title=\"Nouvelle fen\u00eatre\">France Culture<\/a>.<\/p>\n<p>    Volontarisme de la France et de l\u2019Allemagne    <\/p>\n<p class=\"asset asset-text\">Au sein de l\u2019UE, certains pays se montrent m\u00eame tr\u00e8s d\u00e9termin\u00e9s \u00e0 emp\u00eacher l\u2019annexion du Groenland. Ainsi <a href=\"https:\/\/www.huffingtonpost.fr\/politique\/article\/la-visite-d-emmanuel-macron-au-groenland-dit-beaucoup-de-sa-posture-face-a-donald-trump-clx1_251062.html\" target=\"_blank\" rel=\"noopener\">Emmanuel Macron s\u2019est-il rendu sur place en juin\u00a02025<\/a>, avant un d\u00e9placement du ministre des Affaires \u00e9trang\u00e8res Jean-No\u00ebl Barrot deux mois plus tard. \u00ab\u00a0L\u2019Allemagne a aussi renforc\u00e9 ses liens avec le Groenland en envoyant un de ses plus gros navires militaires pendant l\u2019\u00e9t\u00e9\u00a0\u00bb, observe Alexandre Taithe. Un volontarisme destin\u00e9 \u00e0 contrecarrer le proc\u00e8s en inertie r\u00e9guli\u00e8rement instruit contre les dirigeants europ\u00e9ens, accus\u00e9s de se montrer trop faibles face aux \u00c9tats-Unis.<\/p>\n<p class=\"asset asset-text\">Pourtant, de nombreuses voix continuent de critiquer l\u2019attitude de l\u2019Union europ\u00e9enne sur le dossier groenlandais. L\u2019ancien Premier ministre <a href=\"https:\/\/www.huffingtonpost.fr\/politique\/article\/macron-accuse-par-villepin-de-se-soumettre-a-trump-barrot-prend-la-defense-de-l-elysee_258859.html\" target=\"_blank\" rel=\"noopener\">Dominique de Villepin<\/a> a estim\u00e9 sur franceinfo que \u00ab\u00a0Donald Trump ne peut pas prendre les Europ\u00e9ens au s\u00e9rieux tant qu\u2019ils ne d\u00e9cident pas d\u2019agir ensemble\u00a0\u00bb, leur reprochant notamment de ne pas avoir sign\u00e9 de \u00ab\u00a0pacte de souverainet\u00e9\u00a0\u00bb en commun. Le d\u00e9put\u00e9 europ\u00e9en Rapha\u00ebl Glucksmann exige lui aussi de la \u00ab\u00a0fermet\u00e9\u00a0\u00bb et une \u00ab\u00a0solidarit\u00e9\u00a0\u00bb des chefs d\u2019\u00c9tat et de gouvernement de l\u2019UE, jugeant que \u00ab\u00a0les courbettes devant Trump pour essayer de le calmer ne fonctionnent pas\u00a0\u00bb.<\/p>\n<p>                     Peu d\u2019actes mis sur la table    <\/p>\n<p class=\"asset asset-text\">M\u00eame Nathalie Loiseau, pourtant membre du camp pr\u00e9sidentiel, n\u2019h\u00e9site pas \u00e0 critiquer l\u2019attitude d\u2019Emmanuel Macron et de ses homologues europ\u00e9ens. \u00ab\u00a0Cette fois-ci, les dirigeants europ\u00e9ens vont-ils enfin dire \u00e0 Trump ce qu\u2019ils pensent de sa diplomatie du bon plaisir\u00a0? O\u00f9 vont-ils encore tenter de m\u00e9nager son ego, au risque de nous humilier une fois de plus\u00a0? La politique de l\u2019apaisement qu\u2019ils pratiquent est un \u00e9chec\u00a0\u00bb, attaque-t-elle, inqui\u00e8te que le sc\u00e9nario v\u00e9n\u00e9zu\u00e9lien ne se reproduise au Groenland.<\/p>\n<p class=\"asset asset-text\">En r\u00e9alit\u00e9, l\u2019Union europ\u00e9enne appara\u00eet d\u00e9munie face aux menaces d\u2019invasion d\u2019un \u00c9tat souverain. \u00ab\u00a0Le Groenland est un territoire autonome du Royaume du Danemark, seuls les Groenlandais et les Danois peuvent d\u00e9cider d\u2019un changement de ce statut\u00a0\u00bb, a bien affirm\u00e9 la haute repr\u00e9sentante de l\u2019UE, Kaja Kallas. Mais au-del\u00e0 des postures et des protestations, peu d\u2019actes sont mis sur la table.<\/p>\n<p class=\"asset asset-text\">Impuissants, les Europ\u00e9ens\u00a0? Faux, r\u00e9pond le porte-parole du minist\u00e8re des Affaires \u00e9trang\u00e8res. Invit\u00e9 sur TF1\u00a0ce 5\u00a0janvier, Pascal Confavreux a exprim\u00e9 sa \u00ab\u00a0solidarit\u00e9\u00a0\u00bb avec le Groenland, expliquant qu\u2019il ne pouvait y avoir \u00ab\u00a0de modification des fronti\u00e8res par la force\u00a0\u00bb. Surtout, il a li\u00e9 cette menace au \u00ab\u00a0r\u00e9armement militaire\u00a0\u00bb qui a lieu partout en Europe. \u00ab\u00a0On s\u2019y pr\u00e9pare, a-t-il poursuivi. Le projet de loi de finances pr\u00e9voit d\u2019augmenter le budget militaire\u00a0\u00bb. Plus de moyens pour l\u2019arm\u00e9e\u2026 et c\u2019est tout\u00a0?<\/p>\n<p>                     Vers l\u2019envoi de militaires europ\u00e9ens au Groenland\u00a0?    <\/p>\n<p class=\"asset asset-text\">Depuis le Parlement europ\u00e9en, Rapha\u00ebl Glucksmann propose la mise en place d\u2019une \u00ab\u00a0base militaire europ\u00e9enne p\u00e9renne au Groenland\u00a0\u00bb. Cela enverrait, selon lui, \u00ab\u00a0un signal de fermet\u00e9 face \u00e0 Trump et permettrait de tuer l\u2019argument am\u00e9ricain sur notre incapacit\u00e9 \u00e0 assurer la s\u00e9curit\u00e9 du Groenland\u00a0\u00bb. Une proposition loin d\u2019\u00eatre isol\u00e9e, puisque le gouvernement l\u2019avait formul\u00e9e il y a un an.<\/p>\n<p class=\"asset asset-text\">En janvier\u00a02025, Jean-No\u00ebl Barrot d\u00e9clarait que la France \u00e9tait \u00ab\u00a0pr\u00eate \u00e0 r\u00e9fl\u00e9chir\u00a0\u00bb \u00e0 l\u2019envoi de troupes europ\u00e9ennes au Groenland, \u00ab\u00a0si nos int\u00e9r\u00eats de s\u00e9curit\u00e9 sont en jeu\u00a0\u00bb. Objectif\u00a0: montrer \u00e0 Donald Trump que l\u2019Europe est capable de se mobiliser pour l\u2019int\u00e9grit\u00e9 de son territoire, et le contraindre \u00e0 adopter une autre voie que celle de la force.<\/p>\n<p class=\"asset asset-text\">Reste \u00e0 savoir dans quel cadre un tel d\u00e9ploiement pourrait intervenir. Ou, dit autrement, si celui-ci impliquerait seulement les pays capables de d\u00e9p\u00eacher des forces sur place, et si le Royaume-Uni (d\u00e9sormais hors de l\u2019Union europ\u00e9enne) pourrait y prendre part, au nom de la solidarit\u00e9 avec ses voisins et en d\u00e9pit de sa relation privil\u00e9gi\u00e9e avec Washington.<\/p>\n<p class=\"asset asset-text\">Autre option, mise cette fois sur la table par le sp\u00e9cialiste Bruno Tertrais, de la Fondation pour la recherche strat\u00e9gique\u00a0: couper aux Gafam l\u2019acc\u00e8s au march\u00e9 num\u00e9rique europ\u00e9en, pesant pour 400\u00a0millions de consommateurs. \u00ab\u00a0Nous autres Europ\u00e9ens ne pourrions ni ne voudrions nous passer de la plupart des fournisseurs am\u00e9ricains. Mais les r\u00e9seaux sociaux (entre autres entreprises) pourraient bien en subir les cons\u00e9quences. Nous d\u00e9pendons des \u00c9tats-Unis, et ils d\u00e9pendent de nous. \u00c0 ce jeu-l\u00e0, on peut \u00eatre deux\u00a0\u00bb, juge-t-il sur son compte X, avant de pr\u00e9ciser qu\u2019une telle issue n\u00e9cessiterait du \u00ab\u00a0courage\u00a0\u00bb de la part de l\u2019UE. Ce qui n\u2019est pas vraiment la qualit\u00e9 premi\u00e8re qui caract\u00e9rise l\u2019institution.<\/p>\n<p class=\"asset asset-text\">Quoi qu\u2019il en soit, les habitants du Groenland, eux, sont attach\u00e9s \u00e0 leur appartenance au Danemark. Seuls 6\u00a0% d\u2019entre eux souhaitaient passer sous contr\u00f4le des \u00c9tats-Unis, d\u2019apr\u00e8s <a href=\"https:\/\/euractiv.fr\/news\/seuls-6-des-groenlandais-souhaitent-rejoindre-les-etats-unis-et-se-separer-du-danemark-selon-un-sondage\/\" target=\"_blank\" rel=\"noopener\" title=\"Nouvelle fen\u00eatre\">une enqu\u00eate de janvier\u00a02025<\/a>. Mais dans cette affaire, pas s\u00fbr que leur voix soit beaucoup entendue.<\/p>\n","protected":false},"excerpt":{"rendered":"JIM WATSON \/ AFP Donald Trump le 4\u00a0janvier 2026. EN BREF \u2022 L\u2019Europe peine \u00e0 contrer les ambitions&hellip;\n","protected":false},"author":2,"featured_media":644215,"comment_status":"","ping_status":"","sticky":false,"template":"","format":"standard","meta":{"footnotes":""},"categories":[1586],"tags":[11,75,73,1777,674,1011,27,146,14,12,316,25],"class_list":{"0":"post-644214","1":"post","2":"type-post","3":"status-publish","4":"format-standard","5":"has-post-thumbnail","7":"category-europe","8":"tag-actualites","9":"tag-donald-trump","10":"tag-etats-unis","11":"tag-eu","12":"tag-europe","13":"tag-fr","14":"tag-france","15":"tag-groenland","16":"tag-international","17":"tag-news","18":"tag-politique","19":"tag-republique-francaise"},"share_on_mastodon":{"url":"https:\/\/pubeurope.com\/@fr\/115846872030442768","error":""},"_links":{"self":[{"href":"https:\/\/www.europesays.com\/fr\/wp-json\/wp\/v2\/posts\/644214","targetHints":{"allow":["GET"]}}],"collection":[{"href":"https:\/\/www.europesays.com\/fr\/wp-json\/wp\/v2\/posts"}],"about":[{"href":"https:\/\/www.europesays.com\/fr\/wp-json\/wp\/v2\/types\/post"}],"author":[{"embeddable":true,"href":"https:\/\/www.europesays.com\/fr\/wp-json\/wp\/v2\/users\/2"}],"replies":[{"embeddable":true,"href":"https:\/\/www.europesays.com\/fr\/wp-json\/wp\/v2\/comments?post=644214"}],"version-history":[{"count":0,"href":"https:\/\/www.europesays.com\/fr\/wp-json\/wp\/v2\/posts\/644214\/revisions"}],"wp:featuredmedia":[{"embeddable":true,"href":"https:\/\/www.europesays.com\/fr\/wp-json\/wp\/v2\/media\/644215"}],"wp:attachment":[{"href":"https:\/\/www.europesays.com\/fr\/wp-json\/wp\/v2\/media?parent=644214"}],"wp:term":[{"taxonomy":"category","embeddable":true,"href":"https:\/\/www.europesays.com\/fr\/wp-json\/wp\/v2\/categories?post=644214"},{"taxonomy":"post_tag","embeddable":true,"href":"https:\/\/www.europesays.com\/fr\/wp-json\/wp\/v2\/tags?post=644214"}],"curies":[{"name":"wp","href":"https:\/\/api.w.org\/{rel}","templated":true}]}}