{"id":644216,"date":"2026-01-06T07:02:11","date_gmt":"2026-01-06T07:02:11","guid":{"rendered":"https:\/\/www.europesays.com\/fr\/644216\/"},"modified":"2026-01-06T07:02:11","modified_gmt":"2026-01-06T07:02:11","slug":"ue-mercosur-la-france-anticipe-la-signature-de-laccord-en-bloquant-les-importations-de-certains-produits","status":"publish","type":"post","link":"https:\/\/www.europesays.com\/fr\/644216\/","title":{"rendered":"UE \u2013 Mercosur : la France anticipe la signature de l\u2019accord en bloquant les importations de certains produits"},"content":{"rendered":"<p>Aveu d&rsquo;\u00e9chec pour les autorit\u00e9s fran\u00e7aises ? \u00a0A quelques jours de la nouvelle \u00e9ch\u00e9ance de la signature probable de l\u2019accord commercial entre l\u2019Union europ\u00e9enne (UE) et le Mercosur (Argentine, Br\u00e9sil, Paraguay, Uruguay), faute d&rsquo;avoir r\u00e9ussi \u00e0 r\u00e9unir une minorit\u00e9 de blocage stable, le gouvernement a annonc\u00e9 son intention d\u2019interdire l\u2019importation sur le territoire fran\u00e7ais de [\u2026]<\/p>\n","protected":false},"excerpt":{"rendered":"Aveu d&rsquo;\u00e9chec pour les autorit\u00e9s fran\u00e7aises ? \u00a0A quelques jours de la nouvelle \u00e9ch\u00e9ance de la signature probable&hellip;\n","protected":false},"author":2,"featured_media":644217,"comment_status":"","ping_status":"","sticky":false,"template":"","format":"standard","meta":{"footnotes":""},"categories":[1586],"tags":[32274,11,1777,674,1779,1011,27,7715,21426,12,25,1778,364],"class_list":{"0":"post-644216","1":"post","2":"type-post","3":"status-publish","4":"format-standard","5":"has-post-thumbnail","7":"category-europe","8":"tag-accord-ue-mercosur","9":"tag-actualites","10":"tag-eu","11":"tag-europe","12":"tag-european-union","13":"tag-fr","14":"tag-france","15":"tag-libre-echange","16":"tag-mercosur","17":"tag-news","18":"tag-republique-francaise","19":"tag-ue","20":"tag-union-europeenne"},"share_on_mastodon":{"url":"https:\/\/pubeurope.com\/@fr\/115846875969016121","error":""},"_links":{"self":[{"href":"https:\/\/www.europesays.com\/fr\/wp-json\/wp\/v2\/posts\/644216","targetHints":{"allow":["GET"]}}],"collection":[{"href":"https:\/\/www.europesays.com\/fr\/wp-json\/wp\/v2\/posts"}],"about":[{"href":"https:\/\/www.europesays.com\/fr\/wp-json\/wp\/v2\/types\/post"}],"author":[{"embeddable":true,"href":"https:\/\/www.europesays.com\/fr\/wp-json\/wp\/v2\/users\/2"}],"replies":[{"embeddable":true,"href":"https:\/\/www.europesays.com\/fr\/wp-json\/wp\/v2\/comments?post=644216"}],"version-history":[{"count":0,"href":"https:\/\/www.europesays.com\/fr\/wp-json\/wp\/v2\/posts\/644216\/revisions"}],"wp:featuredmedia":[{"embeddable":true,"href":"https:\/\/www.europesays.com\/fr\/wp-json\/wp\/v2\/media\/644217"}],"wp:attachment":[{"href":"https:\/\/www.europesays.com\/fr\/wp-json\/wp\/v2\/media?parent=644216"}],"wp:term":[{"taxonomy":"category","embeddable":true,"href":"https:\/\/www.europesays.com\/fr\/wp-json\/wp\/v2\/categories?post=644216"},{"taxonomy":"post_tag","embeddable":true,"href":"https:\/\/www.europesays.com\/fr\/wp-json\/wp\/v2\/tags?post=644216"}],"curies":[{"name":"wp","href":"https:\/\/api.w.org\/{rel}","templated":true}]}}