{"id":64422,"date":"2025-04-30T12:59:11","date_gmt":"2025-04-30T12:59:11","guid":{"rendered":"https:\/\/www.europesays.com\/fr\/64422\/"},"modified":"2025-04-30T12:59:11","modified_gmt":"2025-04-30T12:59:11","slug":"westjet-lance-deux-nouvelles-destinations-sur-lest-canadien-depuis-paris","status":"publish","type":"post","link":"https:\/\/www.europesays.com\/fr\/64422\/","title":{"rendered":"WestJet lance deux nouvelles destinations sur l&rsquo;Est canadien depuis Paris"},"content":{"rendered":"<p>\t\t\t\t <a href=\"https:\/\/www.tourmag.com\/javascript:void(0)\" rel=\"https:\/\/www.europesays.com\/fr\/wp-content\/uploads\/2025\/04\/88249249-62529237.jpg&amp;ibox noopener\" title=\"Antoine Huet, secr\u00e9taire g\u00e9n\u00e9ral APG Network, et Delfina Gomes, Sales &amp; Marketing Product Manager France APG - Photo APG\" target=\"_blank\"><img decoding=\"async\" class=\"responsive\" loading=\"lazy\" style=\"display:none\" src=\"https:\/\/www.europesays.com\/fr\/wp-content\/uploads\/2025\/04\/88249249-62529237.jpg\" alt=\"Antoine Huet, secr\u00e9taire g\u00e9n\u00e9ral APG Network, et Delfina Gomes, Sales &amp; Marketing Product Manager France APG - Photo APG\" title=\"Antoine Huet, secr\u00e9taire g\u00e9n\u00e9ral APG Network, et Delfina Gomes, Sales &amp; Marketing Product Manager France APG - Photo APG\" \/><br \/>\n<img decoding=\"async\" class=\"not-responsive\" loading=\"lazy\" src=\"https:\/\/www.europesays.com\/fr\/wp-content\/uploads\/2025\/04\/1746017951_342_88249249-62529237.jpg\" alt=\"Antoine Huet, secr\u00e9taire g\u00e9n\u00e9ral APG Network, et Delfina Gomes, Sales &amp; Marketing Product Manager France APG - Photo APG\" title=\"Antoine Huet, secr\u00e9taire g\u00e9n\u00e9ral APG Network, et Delfina Gomes, Sales &amp; Marketing Product Manager France APG - Photo APG\" width=\"672\" \/><\/a><\/p>\n<p>\n\t\t\t\t\t Antoine Huet, secr\u00e9taire g\u00e9n\u00e9ral APG Network, et Delfina Gomes, Sales &amp; Marketing Product Manager France APG &#8211; Photo APG\n\t\t\t\t <\/p>\n<p>\t\t\t\t\t Les deux liaisons saisonni\u00e8res viendront compl\u00e9ter le programme :<\/p>\n<p>Paris-CDG \u2013 Halifax (YHZ) : quatre vols par semaine du 16 mai au 19 octobre 2025. Op\u00e9r\u00e9 en Boeing 737 MAX 8 (deux classes de voyage Premium et Eco), le vol partira les lundis, mercredis, vendredis et samedis \u00e0 11h40 pour une arriv\u00e9e \u00e0 13h47. Le retour s\u2019effectuera les mardis, jeudis, vendredis et dimanches \u00e0 23h15.&#13;\t\t\t\t\t <\/p>\n<p>Paris-CDG \u2013 Saint John\u2019s (YYT) : un vol hebdomadaire chaque dimanche, du 18 mai au 19 octobre 2025, toujours en 737 MAX 8 (deux classes de voyage Premium et Eco). D\u00e9part de Paris \u00e0 11h30 pour une arriv\u00e9e \u00e0 13h04, retour le m\u00eame jour \u00e0 00h30 pour une arriv\u00e9e \u00e0 10h15.\n\t\t\t\t <\/p>\n","protected":false},"excerpt":{"rendered":"Antoine Huet, secr\u00e9taire g\u00e9n\u00e9ral APG Network, et Delfina Gomes, Sales &amp; Marketing Product Manager France APG &#8211; Photo&hellip;\n","protected":false},"author":2,"featured_media":64423,"comment_status":"","ping_status":"","sticky":false,"template":"","format":"standard","meta":{"footnotes":""},"categories":[1888],"tags":[1111,1928,11,1927,574,1777,674,1011,27,12,1926,626,1925,25,16010],"class_list":{"0":"post-64422","1":"post","2":"type-post","3":"status-publish","4":"format-standard","5":"has-post-thumbnail","7":"category-paris","8":"tag-actu","9":"tag-actu-paris","10":"tag-actualites","11":"tag-actualites-paris","12":"tag-canada","13":"tag-eu","14":"tag-europe","15":"tag-fr","16":"tag-france","17":"tag-news","18":"tag-news-paris","19":"tag-paris","20":"tag-paris-news","21":"tag-republique-francaise","22":"tag-westjet"},"share_on_mastodon":{"url":"https:\/\/pubeurope.com\/@fr\/114427039853570442","error":""},"_links":{"self":[{"href":"https:\/\/www.europesays.com\/fr\/wp-json\/wp\/v2\/posts\/64422","targetHints":{"allow":["GET"]}}],"collection":[{"href":"https:\/\/www.europesays.com\/fr\/wp-json\/wp\/v2\/posts"}],"about":[{"href":"https:\/\/www.europesays.com\/fr\/wp-json\/wp\/v2\/types\/post"}],"author":[{"embeddable":true,"href":"https:\/\/www.europesays.com\/fr\/wp-json\/wp\/v2\/users\/2"}],"replies":[{"embeddable":true,"href":"https:\/\/www.europesays.com\/fr\/wp-json\/wp\/v2\/comments?post=64422"}],"version-history":[{"count":0,"href":"https:\/\/www.europesays.com\/fr\/wp-json\/wp\/v2\/posts\/64422\/revisions"}],"wp:featuredmedia":[{"embeddable":true,"href":"https:\/\/www.europesays.com\/fr\/wp-json\/wp\/v2\/media\/64423"}],"wp:attachment":[{"href":"https:\/\/www.europesays.com\/fr\/wp-json\/wp\/v2\/media?parent=64422"}],"wp:term":[{"taxonomy":"category","embeddable":true,"href":"https:\/\/www.europesays.com\/fr\/wp-json\/wp\/v2\/categories?post=64422"},{"taxonomy":"post_tag","embeddable":true,"href":"https:\/\/www.europesays.com\/fr\/wp-json\/wp\/v2\/tags?post=64422"}],"curies":[{"name":"wp","href":"https:\/\/api.w.org\/{rel}","templated":true}]}}