{"id":644222,"date":"2026-01-06T07:05:11","date_gmt":"2026-01-06T07:05:11","guid":{"rendered":"https:\/\/www.europesays.com\/fr\/644222\/"},"modified":"2026-01-06T07:05:11","modified_gmt":"2026-01-06T07:05:11","slug":"comment-toulouse-se-prepare-a-affronter-la-vague-de-froid-qui-touche-la-france-entiere","status":"publish","type":"post","link":"https:\/\/www.europesays.com\/fr\/644222\/","title":{"rendered":"Comment Toulouse se pr\u00e9pare \u00e0 affronter la vague de froid qui touche la France enti\u00e8re"},"content":{"rendered":"<p>\n                                                                    l&rsquo;essentiel<br \/>\n                                                                L\u2019\u00e9pisode de temps froid qui touche la France depuis No\u00ebl atteint son pic en ce d\u00e9but de semaine et Toulouse ne sera pas \u00e9pargn\u00e9 qui se pr\u00e9pare.\n                            <\/p>\n<p>Les temp\u00e9ratures n\u00e9gatives de la vague de froid qui traverse tout le pays depuis No\u00ebl changent le quotidien des Toulousaines et Toulousains qui ont ressorti v\u00eatements chauds, bonnet et gants. Les automobilistes matinaux sont contraints de gratter le gel sur la\u00a0surface de leur pare-brise. Il faisait \u2013 1\u00a0\u00b0C lundi 5\u00a0d\u00e9cembre. Et \u00e7a continue cette semaine, annonce M\u00e9t\u00e9o France.<\/p>\n<p>\u00ab\u00a0La neige \u00e0 Toulouse n\u2019est pas un sc\u00e9nario majoritaire\u00a0\u00bb<\/p>\n<p>Alors neige ou pas neige, sachant que les pr\u00e9visions sont d\u2019un jour \u00e0 l\u2019autre tr\u00e8s changeantes\u00a0? Les habitants de la Ville rose se souviennent de l\u2019\u00e9pisode neigeux de janvier\u00a02019 qui avait paralys\u00e9 la circulation sur de nombreux axes. La question s\u2019est \u00e9videmment pos\u00e9e pour M\u00e9teo France qui, dimanche 4\u00a0d\u00e9cembre, \u00e9vitait de trop s\u2019avancer\u00a0:<\/p>\n<p>\u00ab\u00a0De la neige \u00e0 Toulouse, ce n\u2019est pas un sc\u00e9nario majoritaire \u00e0 ce stade\u00a0\u00bb, confiait prudemment Louis Soulard\u2011Fischer, pr\u00e9visionniste. Tout au plus, les experts voient \u00ab\u00a0quelques flocons\u00a0\u00bb venir saupoudrer le nord toulousain. En revanche, le sud du d\u00e9partement serait davantage expos\u00e9\u00a0: autour d\u2019un centim\u00e8tre dans le Muretain, jusqu\u2019\u00e0 deux centim\u00e8tres vers Carbonne et Caz\u00e8res, et localement quatre \u00e0 cinq centim\u00e8tres en direction d\u2019Aspet et de Luchon.<\/p>\n<p>26 d\u00e9partements en vigilance orange neige-verglas<\/p>\n<p>Vingt-six d\u00e9partements de l\u2019ouest de la France et du bassin parisien \u00e9taient plac\u00e9s en vigilance orange neige-verglas pour les journ\u00e9es du lundi\u00a05 et du mardi 6\u00a0janvier. La Haute-Garonne n\u2019y figure pas, pour l\u2019heure, mais le conseil d\u00e9partemental est sur le qui-vive qui consacre\u00a0un million d\u2019euros en moyenne par an pour la viabilit\u00e9 hivernale. En cas de neige, le d\u00e9gagement des axes routiers devient primordial.<\/p>\n<p>1\u00a0200\u00a0km de r\u00e9seau structurant en Haute-Garonne<\/p>\n<p>\u00ab\u00a0Sur l\u2019ensemble du r\u00e9seau routier d\u00e9partemental de 6\u00a0200\u00a0km, 1\u00a0200\u00a0km entrent dans la cat\u00e9gorie r\u00e9seau structurant, supportant un trafic particuli\u00e8rement dense, et sont trait\u00e9s dans les 3\u00a0h en cas d\u2019intemp\u00e9rie av\u00e9r\u00e9e, indique la collectivit\u00e9. Les 800\u00a0km de liaisons intercantonales sont, elles, trait\u00e9es dans les 9\u00a0heures, tandis que les 1\u00a0250\u00a0km de r\u00e9seau dit de d\u00e9senclavement, essentiellement en milieu rural, font l\u2019objet d\u2019une intervention dans les 15\u00a0heures. Le reste du r\u00e9seau est trait\u00e9 dans les 48\u00a0heures. De quoi r\u00e9tablir dans les meilleurs d\u00e9lais possibles, au regard des moyens mis en \u0153uvre, des conditions de circulation acceptables sur l\u2019ensemble du territoire\u00a0\u00bb.<\/p>\n<p>150 agents en astreinte hebdomadaire<\/p>\n<p>Le D\u00e9partement assure pouvoir d\u00e9ployer \u00ab\u00a0des moyens humains et mat\u00e9riels sont mobilisables partout sur le territoire\u00a0\u00bb. Et de pr\u00e9ciser\u00a0: \u00ab\u00a0Durant douze semaines en plaine, du 15\u00a0d\u00e9cembre 2025 au 9\u00a0mars 2026 et dix-huit semaines en montagne, du 17\u00a0novembre 2025 au 23\u00a0mars 2026, 150 agents\u00a0sont en astreinte hebdomadaire\u00a0\u00bb. La collectivit\u00e9 dispose \u00e9galement de 55 engins de traitement (d\u00e9neigement et salage) qui sont r\u00e9partis sur tous les cantons dont une dizaine d\u2019engins sp\u00e9cialis\u00e9s pour les zones de montagne.<\/p>\n<p>\u00ab\u00a0Lorsque les intemp\u00e9ries s\u2019intensifient, pr\u00e8s de 400 agents et plus de 60 engins peuvent \u00eatre mobilis\u00e9s pour d\u00e9gager le r\u00e9seau routier. Si les chutes de neige sont importantes, les actions peuvent se prolonger de fa\u00e7on continue entre 5\u00a0heures et 22\u00a0heures, les interventions de nuit \u00e9tant tr\u00e8s exceptionnelles\u00a0\u00bb, rappelle le conseil d\u00e9partemental.<\/p>\n<p>    Les derni\u00e8res pr\u00e9visions de Meteo France<\/p>\n<p>Mardi, le temps demeura globalement sec sur l\u2019agglom\u00e9ration toulousaine. Les risques de neige sont jug\u00e9s faibles par les pr\u00e9visionnistes. En revanche, les temp\u00e9ratures seront basses notamment au lever du jour. Les chauss\u00e9es pourraient devenir glissantes en raison du froid persistant. Mercredi, une nouvelle perturbation arrivera par le nord-ouest. Elle s\u2019accompagnera d\u2019un l\u00e9ger redoux mais la situation sera contrast\u00e9e selon les secteurs. Sur le massif des Pyr\u00e9n\u00e9es, quelques chutes de neige sont attendues avec un simple saupoudrage en moyenne et quelques centim\u00e8tres suppl\u00e9mentaires plus au nord. Pour Toulouse, le sc\u00e9nario demeure incertain. La ville se situera \u00e0 la fronti\u00e8re entre l\u2019air froid et un air plus doux\u00a0: si quelques flocons ne sont pas totalement exclus, leur tenue au sol serait tr\u00e8s limit\u00e9e, voire inexistante. \u00c0 ce stade, aucun \u00e9pisode neigeux significatif n\u2019est envisag\u00e9 pour l\u2019agglom\u00e9ration.<\/p>\n","protected":false},"excerpt":{"rendered":"l&rsquo;essentiel L\u2019\u00e9pisode de temps froid qui touche la France depuis No\u00ebl atteint son pic en ce d\u00e9but de&hellip;\n","protected":false},"author":2,"featured_media":644223,"comment_status":"","ping_status":"","sticky":false,"template":"","format":"standard","meta":{"footnotes":""},"categories":[4],"tags":[11,1011,27,329,2722,15882,12,25,2312],"class_list":{"0":"post-644222","1":"post","2":"type-post","3":"status-publish","4":"format-standard","5":"has-post-thumbnail","7":"category-france","8":"tag-actualites","9":"tag-fr","10":"tag-france","11":"tag-france-monde","12":"tag-haute-garonne","13":"tag-mu00e9tu00e9o","14":"tag-news","15":"tag-republique-francaise","16":"tag-toulouse"},"share_on_mastodon":{"url":"https:\/\/pubeurope.com\/@fr\/115846887654698414","error":""},"_links":{"self":[{"href":"https:\/\/www.europesays.com\/fr\/wp-json\/wp\/v2\/posts\/644222","targetHints":{"allow":["GET"]}}],"collection":[{"href":"https:\/\/www.europesays.com\/fr\/wp-json\/wp\/v2\/posts"}],"about":[{"href":"https:\/\/www.europesays.com\/fr\/wp-json\/wp\/v2\/types\/post"}],"author":[{"embeddable":true,"href":"https:\/\/www.europesays.com\/fr\/wp-json\/wp\/v2\/users\/2"}],"replies":[{"embeddable":true,"href":"https:\/\/www.europesays.com\/fr\/wp-json\/wp\/v2\/comments?post=644222"}],"version-history":[{"count":0,"href":"https:\/\/www.europesays.com\/fr\/wp-json\/wp\/v2\/posts\/644222\/revisions"}],"wp:featuredmedia":[{"embeddable":true,"href":"https:\/\/www.europesays.com\/fr\/wp-json\/wp\/v2\/media\/644223"}],"wp:attachment":[{"href":"https:\/\/www.europesays.com\/fr\/wp-json\/wp\/v2\/media?parent=644222"}],"wp:term":[{"taxonomy":"category","embeddable":true,"href":"https:\/\/www.europesays.com\/fr\/wp-json\/wp\/v2\/categories?post=644222"},{"taxonomy":"post_tag","embeddable":true,"href":"https:\/\/www.europesays.com\/fr\/wp-json\/wp\/v2\/tags?post=644222"}],"curies":[{"name":"wp","href":"https:\/\/api.w.org\/{rel}","templated":true}]}}