{"id":644234,"date":"2026-01-06T07:18:26","date_gmt":"2026-01-06T07:18:26","guid":{"rendered":"https:\/\/www.europesays.com\/fr\/644234\/"},"modified":"2026-01-06T07:18:26","modified_gmt":"2026-01-06T07:18:26","slug":"star-academy-2025-sarah-en-revision-direction-la-carte-blanche-sur-du-charlotte-cardin-star-academy","status":"publish","type":"post","link":"https:\/\/www.europesays.com\/fr\/644234\/","title":{"rendered":"Star Academy 2025 &#8211; Sarah en r\u00e9vision : Direction la Carte Blanche sur du Charlotte Cardin ? &#8211; Star Academy"},"content":{"rendered":"<p id=\"descriptionPanel\" class=\"text-secondary mr-2 line-clamp-2 pr-2.5 overflow-visible\">Dans le cadre de ses r\u00e9visions, Sarah a choisi de se plonger dans l&rsquo;univers de Charlotte Cardin, la marraine de cette promotion. Elle s&rsquo;attaque \u00e0 un monument de sensibilit\u00e9 : \u00ab\u00a0Anyone who loves me\u00a0\u00bb. Plus qu&rsquo;une simple r\u00e9p\u00e9tition, ce moment marque une \u00e9tape charni\u00e8re dans son parcours. Alors que l&rsquo;\u00e9ch\u00e9ance de sa Carte Blanche approche \u00e0 grands pas, Sarah explore ses capacit\u00e9s vocales et sa capacit\u00e9 \u00e0 transmettre une \u00e9motion brute, fid\u00e8le \u00e0 l&rsquo;ADN de la marraine. Ce titre pourrait-il \u00eatre celui qu&rsquo;elle proposera pour son passage en autonomie totale ? BONUS issu du flux live \u00ab\u00a0En direct du Ch\u00e2teau\u00a0\u00bb 2025.<br \/>En savoir plus sur <a class=\"text-white hover:text-blue-500\" href=\"https:\/\/www.tf1.fr\/dossier\/sarah-star-academy-2025-20480959\" target=\"_blank\" rel=\"noopener\">Sarah<\/a><\/p>\n<p>Afficher la version longue du r\u00e9sum\u00e9<a class=\"shrink-0\" href=\"https:\/\/www.tf1.fr\/tf1\/star-academy\" target=\"_blank\" rel=\"noopener\"><img decoding=\"async\" src=\"https:\/\/www.europesays.com\/fr\/wp-content\/uploads\/2025\/12\/program-card-portrait-1-png-f96b9c-df039f-0@1x.jpg\" width=\"138\" height=\"184\" alt=\"\" loading=\"eager\" fetchpriority=\"auto\" class=\"rounded-3px aspect-[3\/4] h-24 w-auto\" aria-hidden=\"true\"\/><\/a><\/p>\n","protected":false},"excerpt":{"rendered":"Dans le cadre de ses r\u00e9visions, Sarah a choisi de se plonger dans l&rsquo;univers de Charlotte Cardin, la&hellip;\n","protected":false},"author":2,"featured_media":644235,"comment_status":"","ping_status":"","sticky":false,"template":"","format":"standard","meta":{"footnotes":""},"categories":[1356],"tags":[58,59,8644,67916,67917,67915,1011,27,5095,67918,67919,62746,62750,62735,62747,62751,62743,62742,62748,62749,62744,62745,252,1364,62740,62741],"class_list":{"0":"post-644234","1":"post","2":"type-post","3":"status-publish","4":"format-standard","5":"has-post-thumbnail","7":"category-television","8":"tag-divertissement","9":"tag-entertainment","10":"tag-exclu","11":"tag-exclu-star-academy","12":"tag-exclu-star-academy-tf1","13":"tag-exclu-tf1","14":"tag-fr","15":"tag-france","16":"tag-star-academy","17":"tag-star-academy-exclu","18":"tag-star-academy-exclu-tf1","19":"tag-star-academy-streaming","20":"tag-star-academy-streaming-gratuit","21":"tag-star-academy-tf1","22":"tag-star-academy-tf1-streaming","23":"tag-star-academy-tf1-streaming-gratuit","24":"tag-star-academy-tf1-video","25":"tag-star-academy-video","26":"tag-streaming-gratuit-star-academy","27":"tag-streaming-gratuit-star-academy-tf1","28":"tag-streaming-star-academy","29":"tag-streaming-star-academy-tf1","30":"tag-television","31":"tag-tv","32":"tag-video-star-academy","33":"tag-video-star-academy-tf1"},"share_on_mastodon":{"url":"","error":"Validation failed: Text character limit of 500 exceeded"},"_links":{"self":[{"href":"https:\/\/www.europesays.com\/fr\/wp-json\/wp\/v2\/posts\/644234","targetHints":{"allow":["GET"]}}],"collection":[{"href":"https:\/\/www.europesays.com\/fr\/wp-json\/wp\/v2\/posts"}],"about":[{"href":"https:\/\/www.europesays.com\/fr\/wp-json\/wp\/v2\/types\/post"}],"author":[{"embeddable":true,"href":"https:\/\/www.europesays.com\/fr\/wp-json\/wp\/v2\/users\/2"}],"replies":[{"embeddable":true,"href":"https:\/\/www.europesays.com\/fr\/wp-json\/wp\/v2\/comments?post=644234"}],"version-history":[{"count":0,"href":"https:\/\/www.europesays.com\/fr\/wp-json\/wp\/v2\/posts\/644234\/revisions"}],"wp:featuredmedia":[{"embeddable":true,"href":"https:\/\/www.europesays.com\/fr\/wp-json\/wp\/v2\/media\/644235"}],"wp:attachment":[{"href":"https:\/\/www.europesays.com\/fr\/wp-json\/wp\/v2\/media?parent=644234"}],"wp:term":[{"taxonomy":"category","embeddable":true,"href":"https:\/\/www.europesays.com\/fr\/wp-json\/wp\/v2\/categories?post=644234"},{"taxonomy":"post_tag","embeddable":true,"href":"https:\/\/www.europesays.com\/fr\/wp-json\/wp\/v2\/tags?post=644234"}],"curies":[{"name":"wp","href":"https:\/\/api.w.org\/{rel}","templated":true}]}}