{"id":644236,"date":"2026-01-06T07:19:13","date_gmt":"2026-01-06T07:19:13","guid":{"rendered":"https:\/\/www.europesays.com\/fr\/644236\/"},"modified":"2026-01-06T07:19:13","modified_gmt":"2026-01-06T07:19:13","slug":"le-chanteur-perd-sa-femme-apres-plus-de-60-ans-de-mariage","status":"publish","type":"post","link":"https:\/\/www.europesays.com\/fr\/644236\/","title":{"rendered":"le chanteur perd sa femme apr\u00e8s plus de 60 ans de mariage"},"content":{"rendered":"<p>\n        Pierre Perret pleure la disparition de sa femme Simone Mazaltarim. Surnomm\u00e9e \u00ab\u00a0Rebecca\u00a0\u00bb, elle a partag\u00e9 la vie du chanteur durant plus de 60 ans.\n    <\/p>\n<p class=\"content-paragraph\"><img decoding=\"async\" src=\"https:\/\/www.europesays.com\/fr\/wp-content\/uploads\/2026\/01\/photo_1767613682.jpg\" class=\"textcenter img-content\" loading=\"lazy\" style=\"margin-bottom: 0;\"\/>Bestimage <br \/>Pour Pierre Perret, l&rsquo;ann\u00e9e 2026 commence de la pire des fa\u00e7ons. Le chanteur de 91 ans, idole des petits et des grands, est en deuil apr\u00e8s la mort de sa femme Simone Mazaltarim, surnomm\u00e9e \u00ab\u00a0Rebecca\u00a0\u00bb. Si son \u00e2ge n&rsquo;est pas r\u00e9v\u00e9l\u00e9, l&rsquo;\u00e9pouse de l&rsquo;artiste s&rsquo;est \u00e9teinte \u00ab dans la nuit du 3 au 4 janvier \u00bb apr\u00e8s plus de 60 ans d&rsquo;union avec Pierre Perret. C&rsquo;est Jean-Marc Dermesropian, un proche du couple, qui a annonc\u00e9 la terrible nouvelle sur son compte Facebook. \u00ab Il va t&rsquo;en falloir du courage, cher Pierre, pour surmonter pareille \u00e9preuve. La maison de Nangis, en Seine-et-Marne, o\u00f9 vous nous avez si gentiment accueillis, va te para\u00eetre bien grande \u00bb \u00e9crit-il avec \u00e9motion : \u00ab C&rsquo;est toi qui avais surnomm\u00e9 \u00ab\u00a0Rebecca\u00a0\u00bb ton \u00e9pouse n\u00e9e Simone Mazaltarim car elle savait se d\u00e9fendre. Elle savait aussi te d\u00e9fendre. Elle \u00e9tait ton \u00e9pouse mais \u00e9galement celle qui a g\u00e9r\u00e9 d&rsquo;une main de fer ta tr\u00e8s longue carri\u00e8re \u00bb.<\/p>\n<p>\u00ab\u00a0Ton amour t&rsquo;a quitt\u00e9 pour toujours\u00a0\u00bb<\/p>\n<p class=\"content-paragraph\"> \u00ab Aujourd&rsquo;hui, ton amour t&rsquo;a quitt\u00e9 pour toujours, du moins sur cette terre \u00bb poursuit Jean-Marc Dermesropian : \u00ab Je sais d\u00e9j\u00e0 que tous tes amis artistes ou pas sauront t&rsquo;entourer. C&rsquo;est l&rsquo;un d&rsquo;entre eux, ton Gilou, ton merveilleux accord\u00e9oniste de toujours, qui m&rsquo;a appris la terrible nouvelle. Aujourd&rsquo;hui, nous pleurons avec toi le d\u00e9part de ta tr\u00e8s ch\u00e8re Rebecca. Oui, une chanson populaire sait dire aussi bien la v\u00e9rit\u00e9 qu&rsquo;une chanson dite \u00e0 texte : \u00ab\u00a0Le plus malheureux, c&rsquo;est celui qui reste, et celui qui reste, c&rsquo;est toi\u00a0\u00bb \u00bb. Pierre Perret n&rsquo;a pas encore r\u00e9agi \u00e0 cette disparition.<\/p>\n<p class=\"content-paragraph\">\n<p class=\"content-paragraph\">Comme le rappellent nos confr\u00e8res de <a href=\"https:\/\/www.parismatch.com\/People\/pierre-perret-rebecca-son-epouse-depuis-plus-de-60-ans-est-morte-262432\" class=\"articlepage-link\" target=\"_blank\" rel=\"noopener\">Paris Match<\/a>, Pierre Perret et Simone \u00ab\u00a0Rebecca\u00a0\u00bb Mazaltarim s&rsquo;\u00e9taient rencontr\u00e9s en 1957, alors qu&rsquo;elle \u00e9tait secr\u00e9taire de la maison de disques Barclay. \u00ab Tout a commenc\u00e9 par une engueulade \u00e0 propos d&rsquo;un remboursement de billet d&rsquo;avion. Ensuite, je l&rsquo;ai invit\u00e9e \u00e0 l&rsquo;un de mes tours de chant, \u00e0 La Colombe, et elle est tomb\u00e9e sous le charme ! \u00bb racontait-il au magazine il y a plusieurs ann\u00e9es. Ils se sont mari\u00e9s en 1962 et ont eu trois enfants dont Julie, disparue en 1995 \u00e0 32 ans.<\/p>\n<p>                <img loading=\"lazy\" decoding=\"async\" src=\"https:\/\/www.europesays.com\/fr\/wp-content\/uploads\/2025\/10\/favicon.png\" class=\"author-article-picture\" width=\"35\" height=\"35\"\/><\/p>\n<p>                    Par<\/p>\n<p>                                            <a class=\"author-article-bio-link\" href=\"https:\/\/www.chartsinfrance.net\/auteur\/120\/\" target=\"_blank\" rel=\"noopener\">Th\u00e9au BERTHELOT<\/a><\/p>\n<p>                    |<\/p>\n<p>                                            Journaliste<\/p>\n<p>\n                Passionn\u00e9 par la musique autant que le cin\u00e9ma, la litt\u00e9rature et le journalisme, il est incollable sur la sc\u00e8ne rock ind\u00e9pendante et se prend de passion pour les dessous de l&rsquo;industrie musicale et de l&rsquo;organisation des concerts et festivals, o\u00f9 vous ne manquerez pas de le croiser.\n            <\/p>\n","protected":false},"excerpt":{"rendered":"Pierre Perret pleure la disparition de sa femme Simone Mazaltarim. Surnomm\u00e9e \u00ab\u00a0Rebecca\u00a0\u00bb, elle a partag\u00e9 la vie du&hellip;\n","protected":false},"author":2,"featured_media":644237,"comment_status":"","ping_status":"","sticky":false,"template":"","format":"standard","meta":{"footnotes":""},"categories":[1355],"tags":[58,59,1011,27,1361,873],"class_list":{"0":"post-644236","1":"post","2":"type-post","3":"status-publish","4":"format-standard","5":"has-post-thumbnail","7":"category-musique","8":"tag-divertissement","9":"tag-entertainment","10":"tag-fr","11":"tag-france","12":"tag-music","13":"tag-musique"},"share_on_mastodon":{"url":"https:\/\/pubeurope.com\/@fr\/115846943330831667","error":""},"_links":{"self":[{"href":"https:\/\/www.europesays.com\/fr\/wp-json\/wp\/v2\/posts\/644236","targetHints":{"allow":["GET"]}}],"collection":[{"href":"https:\/\/www.europesays.com\/fr\/wp-json\/wp\/v2\/posts"}],"about":[{"href":"https:\/\/www.europesays.com\/fr\/wp-json\/wp\/v2\/types\/post"}],"author":[{"embeddable":true,"href":"https:\/\/www.europesays.com\/fr\/wp-json\/wp\/v2\/users\/2"}],"replies":[{"embeddable":true,"href":"https:\/\/www.europesays.com\/fr\/wp-json\/wp\/v2\/comments?post=644236"}],"version-history":[{"count":0,"href":"https:\/\/www.europesays.com\/fr\/wp-json\/wp\/v2\/posts\/644236\/revisions"}],"wp:featuredmedia":[{"embeddable":true,"href":"https:\/\/www.europesays.com\/fr\/wp-json\/wp\/v2\/media\/644237"}],"wp:attachment":[{"href":"https:\/\/www.europesays.com\/fr\/wp-json\/wp\/v2\/media?parent=644236"}],"wp:term":[{"taxonomy":"category","embeddable":true,"href":"https:\/\/www.europesays.com\/fr\/wp-json\/wp\/v2\/categories?post=644236"},{"taxonomy":"post_tag","embeddable":true,"href":"https:\/\/www.europesays.com\/fr\/wp-json\/wp\/v2\/tags?post=644236"}],"curies":[{"name":"wp","href":"https:\/\/api.w.org\/{rel}","templated":true}]}}