{"id":64424,"date":"2025-04-30T13:00:09","date_gmt":"2025-04-30T13:00:09","guid":{"rendered":"https:\/\/www.europesays.com\/fr\/64424\/"},"modified":"2025-04-30T13:00:09","modified_gmt":"2025-04-30T13:00:09","slug":"jet-tours-delegues-commerciaux-h-f-cdi-paris-ile-de-france-et-province-petites-annonces","status":"publish","type":"post","link":"https:\/\/www.europesays.com\/fr\/64424\/","title":{"rendered":"JET TOURS &#8211; D\u00e9l\u00e9gu\u00e9s Commerciaux H\/F &#8211; CDI &#8211; (Paris \/Ile de France et Province) | Petites annonces"},"content":{"rendered":"<p align=\"center\"><a target=\"_blank\" href=\"http:\/\/www.jettours.com\/\" rel=\"noopener\"><img decoding=\"async\" border=\"0\" src=\"https:\/\/www.europesays.com\/fr\/wp-content\/uploads\/2025\/04\/Jettourslogo2.jpg\" alt=\"https:\/\/www.europesays.com\/fr\/wp-content\/uploads\/2025\/04\/Jettourslogo2.jpg\" \/><\/a>&#13;\t\t\t\t <\/p>\n<p align=\"center\"><b>Recherche dans le cadre de son d\u00e9veloppement :&#13;\t\t\t\t <br \/><\/b><\/p>\n<p align=\"center\">&#13;\t\t\t\t <br \/>DES DELEGUES COMMERCIAUX H\/F&#13;\t\t\t\t <br \/>PARIS\/ILE DE FRANCE et PROVINCE<\/p>\n<p align=\"center\">&#13;\t\t\t\t <br \/>Postes bas\u00e9s en R\u00e9gion Parisienne \u00e0 pourvoir en CDI rapidement<\/p>\n<p align=\"justify\"><b>Jet tours<\/b>, c\u2019est une marque embl\u00e9matique du tourisme fran\u00e7ais, relanc\u00e9e par NG Travel. En s&rsquo;appuyant sur l&rsquo;expertise de NG Travel, qui regroupe des marques telles que Boomerang Voyages, Promosejours Kappa Club, Coralia Club et Club Eldorador, Jettours propose une offre premium de s\u00e9jours, circuits et combin\u00e9s, principalement \u00e0 destination des agences de voyages. Notre ambition est de renouer avec l&rsquo;excellence qui a fait la renomm\u00e9e de Jettours, en offrant des exp\u00e9riences de voyage de qualit\u00e9 sup\u00e9rieure.&#13;\t\t\t\t <\/p>\n<p>Dans le cadre de notre d\u00e9veloppement, nous recherchons <b>D\u00e9l\u00e9gu\u00e9s Commerciaux Ile de France et Province<\/b> pour renforcer notre pr\u00e9sence terrain et accompagner les agences de voyages partenaires.&#13;\t\t\t\t <\/p>\n<p align=\"justify\"><b>Missions\u00a0:<\/b> &#13;\t\t\t\t <\/p>\n<p><b>En tant que d\u00e9l\u00e9gu\u00e9(e) commercial(e) B to B, vous serez en charge de :<\/b>&#13;\t\t\t\t <\/p>\n<p>\u2022 Repr\u00e9senter la marque Jettours aupr\u00e8s des agences de voyages de la r\u00e9gion \u00cele-de-France ;&#13;\t\t\t\t <br \/>\u2022 D\u00e9velopper le portefeuille clients et entretenir des relations solides et durables ;&#13;\t\t\t\t <br \/>\u2022 Planifier et effectuer des visites commerciales r\u00e9guli\u00e8res en fonction des priorit\u00e9s d\u00e9finies avec la direction ;&#13;\t\t\t\t <br \/>\u2022 Participer \u00e0 l\u2019organisation d\u2019actions commerciales : \u00e9v\u00e9nements, formations, salons, animations en agences ;&#13;\t\t\t\t <br \/>\u2022 Former les agents de voyages aux produits Jettours et aux outils B2B mis \u00e0 leur disposition ;&#13;\t\t\t\t <br \/>\u2022 Suivre les performances du secteur et remonter les informations pertinentes \u00e0 la direction commerciale.\u200b&#13;\t\t\t\t <\/p>\n<p>Des d\u00e9placements ponctuels en province sont \u00e0 pr\u00e9voir.&#13;\t\t\t\t <\/p>\n<p><b>Profil recherch\u00e9 :<\/b>&#13;\t\t\t\t <\/p>\n<p>\u2022 Exp\u00e9rience significative (minimum 3 ans) dans un poste similaire ou en agence de voyage (imp\u00e9ratif) &#13;\t\t\t\t <br \/>\u2022 Tr\u00e8s bon sens relationnel, capacit\u00e9 d\u2019\u00e9coute et de communication ; &#13;\t\t\t\t <br \/>\u2022 Autonomie, rigueur et organisation dans la gestion du planning ; &#13;\t\t\t\t <br \/>\u2022 Bonne connaissance du secteur touristique et de ses acteurs ; &#13;\t\t\t\t <br \/>\u2022 Disponible pour des d\u00e9placements fr\u00e9quents (r\u00e9gion parisienne et ponctuellement en province).\u200b &#13;\t\t\t\t <\/p>\n<p><b>Ce que nous proposons :<\/b>&#13;\t\t\t\t <\/p>\n<p>\u2022 Contrat : CDI \u00e0 temps plein&#13;\t\t\t\t <br \/>\u2022 Postes bas\u00e9s en r\u00e9gion parisienne&#13;\t\t\t\t <br \/>\u2022 R\u00e9mun\u00e9ration fixe selon exp\u00e9rience + primes sur objectifs&#13;\t\t\t\t <br \/>\u2022 Avantages : v\u00e9hicule de fonction, t\u00e9l\u00e9phone, ordinateur, titres-restaurant, mutuelle, int\u00e9ressement&#13;\t\t\t\t <br \/>\u2022 Une ambiance dynamique et bienveillante, au sein d\u2019une \u00e9quipe passionn\u00e9e de tourisme\u200b&#13;\t\t\t\t <br \/>\u2022 Prime d\u2019Int\u00e9ressement &#13;\t\t\t\t <\/p>\n<p align=\"justify\" style=\"margin-top: 0; margin-bottom: 0\">\u00a0<\/p>\n<p align=\"justify\" style=\"margin-top: 0; margin-bottom: 0\"><b>Contact : Envoyez votre CV et lettre de motivation par mail \u00e0 : <a style=\"color:blue;font-size:16px\" href=\"https:\/\/www.tourmag.com\/classifieds\/mailto: rh@ngtravel.fr\" target=\"_blank\" rel=\"noopener\">rh@ngtravel.fr<\/a><\/b><\/p>\n<p align=\"justify\" style=\"margin-top: 0; margin-bottom: 0\">\u00a0<\/p>\n<p align=\"justify\">&#13;\t\t\t\t <br \/>\u00a0&#13;\t\t\t\t <\/p>\n","protected":false},"excerpt":{"rendered":"&#13; Recherche dans le cadre de son d\u00e9veloppement :&#13; &#13; DES DELEGUES COMMERCIAUX H\/F&#13; PARIS\/ILE DE FRANCE et&hellip;\n","protected":false},"author":2,"featured_media":15231,"comment_status":"","ping_status":"","sticky":false,"template":"","format":"standard","meta":{"footnotes":""},"categories":[1888],"tags":[11,6421,2408,2105,1777,674,1011,27,6417,4662,3754,12,626,6422,25,6419,6420,602,6418],"class_list":{"0":"post-64424","1":"post","2":"type-post","3":"status-publish","4":"format-standard","5":"has-post-thumbnail","7":"category-paris","8":"tag-actualites","9":"tag-agences-de-voyage","10":"tag-appels-d","11":"tag-distribution","12":"tag-eu","13":"tag-europe","14":"tag-fr","15":"tag-france","16":"tag-information","17":"tag-journal","18":"tag-media","19":"tag-news","20":"tag-paris","21":"tag-place-de-marche","22":"tag-republique-francaise","23":"tag-tour-operateurs","24":"tag-tour-operators","25":"tag-tourisme","26":"tag-voyagistes"},"share_on_mastodon":{"url":"https:\/\/pubeurope.com\/@fr\/114427043843533128","error":""},"_links":{"self":[{"href":"https:\/\/www.europesays.com\/fr\/wp-json\/wp\/v2\/posts\/64424","targetHints":{"allow":["GET"]}}],"collection":[{"href":"https:\/\/www.europesays.com\/fr\/wp-json\/wp\/v2\/posts"}],"about":[{"href":"https:\/\/www.europesays.com\/fr\/wp-json\/wp\/v2\/types\/post"}],"author":[{"embeddable":true,"href":"https:\/\/www.europesays.com\/fr\/wp-json\/wp\/v2\/users\/2"}],"replies":[{"embeddable":true,"href":"https:\/\/www.europesays.com\/fr\/wp-json\/wp\/v2\/comments?post=64424"}],"version-history":[{"count":0,"href":"https:\/\/www.europesays.com\/fr\/wp-json\/wp\/v2\/posts\/64424\/revisions"}],"wp:featuredmedia":[{"embeddable":true,"href":"https:\/\/www.europesays.com\/fr\/wp-json\/wp\/v2\/media\/15231"}],"wp:attachment":[{"href":"https:\/\/www.europesays.com\/fr\/wp-json\/wp\/v2\/media?parent=64424"}],"wp:term":[{"taxonomy":"category","embeddable":true,"href":"https:\/\/www.europesays.com\/fr\/wp-json\/wp\/v2\/categories?post=64424"},{"taxonomy":"post_tag","embeddable":true,"href":"https:\/\/www.europesays.com\/fr\/wp-json\/wp\/v2\/tags?post=64424"}],"curies":[{"name":"wp","href":"https:\/\/api.w.org\/{rel}","templated":true}]}}