{"id":644268,"date":"2026-01-06T07:38:15","date_gmt":"2026-01-06T07:38:15","guid":{"rendered":"https:\/\/www.europesays.com\/fr\/644268\/"},"modified":"2026-01-06T07:38:15","modified_gmt":"2026-01-06T07:38:15","slug":"en-deux-roues-attention-aux-glissades-dans-lagglomeration-rouennaise","status":"publish","type":"post","link":"https:\/\/www.europesays.com\/fr\/644268\/","title":{"rendered":"en deux-roues, attention aux glissades dans l&rsquo;agglom\u00e9ration rouennaise"},"content":{"rendered":"<p class=\"article__intro\">Apr\u00e8s plusieurs jours d&rsquo;un mercure qui flirte avec les z\u00e9ro degr\u00e9s, la neige et le verglas se sont invit\u00e9s sur nos routes. Dans la m\u00e9tropole rouennaise, la circulation est donc compliqu\u00e9e, en particulier pour les v\u00e9los et trottinettes. Explications. <\/p>\n<p>\n      L\u2019actu des r\u00e9gions\n    <\/p>\n<p>\n      Chaque jour, un tour d\u2019horizon des principales infos de toutes les r\u00e9gions.\n    <\/p>\n<p>    France T\u00e9l\u00e9visions utilise votre adresse e-mail afin de vous envoyer la newsletter \u00ab\u00a0L\u2019actu des r\u00e9gions\u00a0\u00bb. Vous pouvez vous d\u00e9sinscrire \u00e0 tout moment via le lien en bas de cette newsletter. <a target=\"_blank\" href=\"https:\/\/www.francetelevisions.fr\/groupe\/confidentialite\/politique-de-confidentialite\/politique-de-confidentialite-de-france-televisions-6503\" rel=\"noopener\">Notre politique de confidentialit\u00e9<\/a><\/p>\n<p>\u00ab\u00a0C&rsquo;est difficile. On ne voit pas grand-chose, et je pensais que les pistes allaient \u00eatre plus d\u00e9gag\u00e9es que \u00e7a.\u00a0\u00bb Ce lundi 5 janvier au matin, cette utilisatrice de trottinette \u00e9lectrique a donc d\u00e9cid\u00e9 \u00ab\u00a0d&rsquo;y aller doucement\u00a0\u00bb pour \u00e9viter tout accident.<\/p>\n<p>Car avec la neige qui tombe depuis d\u00e9j\u00e0 plusieurs jours, certaines pistes cyclables sont couvertes de blanc ou m\u00eame verglac\u00e9es.<\/p>\n<p><a data-article-figure=\"\" href=\"https:\/\/france3-regions.franceinfo.fr\/image\/6v-XeGvyqs0bl0IG_2YFyYf8m9Q\/1920x1080\/regions\/2026\/01\/05\/bollez5184-00-00-01-01-695bb24b8c0b1097758875.jpg\" data-pswp-width=\"1920\" data-pswp-height=\"1080\" target=\"_blank\" rel=\"noopener\"><\/p>\n<p>          <img width=\"600\" height=\"400\" class=\"article-image lazy\" data-src=\"https:\/\/www.europesays.com\/fr\/wp-content\/uploads\/2026\/01\/bollez5184-00-00-01-01-695bb24b8c0b1097758875.jpg\" alt=\"A Rouen, certaines pistes cyclables sont en partie couvertes d'une fine pellicule blanche, ou m\u00eame de plaques de verglas.   \" fetchpriority=\"high\" as=\"image\"\/><\/p>\n<p>\n            A Rouen, certaines pistes cyclables sont en partie couvertes d&rsquo;une fine pellicule blanche, ou m\u00eame de plaques de verglas.<br \/>\n                           \u2022<br \/>\n                                      \u00a9 Olivier Flavien\n                      <\/p>\n<p><\/a><\/p>\n<p>\u00ab\u00a0Par certains endroits, la piste n&rsquo;est pas sal\u00e9e, donc je suis oblig\u00e9 de passer sur la route, glisse cet autre usager en deux-roues. On se fait quelques frayeurs, mais bon c&rsquo;est un peu le risque de sortir en trottinette par ce temps-l\u00e0.\u00a0\u00bb<\/p>\n<p>Alors comment expliquer que toutes les pistes cyclables ne soient pas sal\u00e9es syst\u00e9matiquement comme les axes routiers ? Un cycliste rencontr\u00e9 dans la m\u00e9tropole a sa petite id\u00e9e : \u00ab\u00a0Les pistes qui ne sont pas sur les art\u00e8res principales ne sont pas trop entretenues.\u00a0\u00bb<\/p>\n<p><a data-article-figure=\"\" href=\"https:\/\/france3-regions.franceinfo.fr\/image\/jHPNyAHypTkbeEbcin8Qx8ayEBk\/1920x1080\/regions\/2026\/01\/05\/bollez5173-00-00-03-11-695bb1252f0ca419907930.jpg\" data-pswp-width=\"1920\" data-pswp-height=\"1080\" target=\"_blank\" rel=\"noopener\"><\/p>\n<p>          <img width=\"600\" height=\"400\" class=\"article-image lazy\" data-src=\"https:\/\/www.europesays.com\/fr\/wp-content\/uploads\/2026\/01\/bollez5173-00-00-03-11-695bb1252f0ca419907930.jpg\" alt=\"Manuel Araujo est le directeur des espaces publics de la m\u00e9tropole de Rouen\" fetchpriority=\"high\" as=\"image\"\/><\/p>\n<p>\n            Manuel Araujo est le directeur des espaces publics de la m\u00e9tropole de Rouen<br \/>\n                           \u2022<br \/>\n                                      \u00a9 Olivier Flavien\n                      <\/p>\n<p><\/a><\/p>\n<p>Manuel De Araujo, directeur des espaces publics et naturels de la M\u00e9tropole Rouen Normandie, confirme.<\/p>\n<blockquote class=\"ftvi_content_quote\">\n<p class=\"ftvi_citation_quote\">Nous avons, 260 kilom\u00e8tres de voiries, 20 kilom\u00e8tres de voiries pi\u00e9tonnes mais aussi les pistes cyclables qui viennent s&rsquo;ajouter. On essaye d&rsquo;\u00eatre partout. Mais on ne peut pas l&rsquo;\u00eatre, c&rsquo;est s\u00fbr. On a des pistes cyclables dites structurantes qu&rsquo;on va faire en priorit\u00e9 par rapport aux autres.<\/p>\n<p>Manuel De Araujo, Directeur des espaces publics et naturels de la M\u00e9tropole Rouen Normandie<\/p><\/blockquote>\n<p>Pourtant, ce ne sont pas les moyens qui manquent, assure le fonctionnaire. Avec \u00ab\u00a0plus de 20 personnes mobilis\u00e9es sur notre ville, huit v\u00e9hicules, dont quatre poids lourds et quatre v\u00e9hicules l\u00e9gers, tous \u00e9quip\u00e9s de saleuses\u00a0\u00bb.<\/p>\n<p>Des op\u00e9rations que nos journalistes reporters, St\u00e9phane G\u00e9rain et Olivier Flavien, ont pu suivre ce lundi 5 janvier.<\/p>\n<p>    dur\u00e9e de la vid\u00e9o : 00h02mn14s<\/p>\n<p>        <img decoding=\"async\" width=\"640\" height=\"426\" class=\"article-image not-lazy\" src=\"https:\/\/www.europesays.com\/fr\/wp-content\/uploads\/2026\/01\/4996a461-538a-47e5-8739-a8dc605ac951.jpg\" alt=\"\" fetchpriority=\"high\"\/><\/p>\n<p>              Voir la video\u00a0(2 minutes 14 secondes).\u00a0<br \/>\n                  2 min 14 s<\/p>\n<p>\n          Reportage r\u00e9alis\u00e9 le lundi 5 janvier 2026<\/p>\n<p>        \u2022<\/p>\n<p>              \u00a9St\u00e9phane G\u00e9rain, Olivier Flavien\n      <\/p>\n<p>Des \u00e9quipes mobilis\u00e9es depuis ce week-end avec des syst\u00e8mes de roulement leur permettant de travailler nuit et jour. Ce dimanche 4 janvier, les op\u00e9rations ont commenc\u00e9 d\u00e8s 20 heures et se sont \u00e9tendues pour toute la nuit.<\/p>\n<p><a data-article-figure=\"\" href=\"https:\/\/france3-regions.franceinfo.fr\/image\/kMaoh1FVH_v5kyrPdHUSGtv3TaQ\/1920x1080\/regions\/2026\/01\/05\/bollez5150-00-00-00-04-695bb154be6c8429408519.jpg\" data-pswp-width=\"1920\" data-pswp-height=\"1080\" target=\"_blank\" rel=\"noopener\"><\/p>\n<p>          <img width=\"600\" height=\"400\" class=\"article-image lazy\" data-src=\"https:\/\/www.europesays.com\/fr\/wp-content\/uploads\/2026\/01\/bollez5150-00-00-00-04-695bb154be6c8429408519.jpg\" alt=\"Voici l'une des saleuses de la m\u00e9tropole de Rouen.\" fetchpriority=\"high\" as=\"image\"\/><\/p>\n<p>\n            Voici l&rsquo;une des saleuses de la m\u00e9tropole de Rouen.<br \/>\n                           \u2022<br \/>\n                                      \u00a9 Olivier Flavien\n                      <\/p>\n<p><\/a><\/p>\n<p>Mais pour les pistes cyclables, comme pour les axes routiers et pi\u00e9tons, la m\u00e9tropole met en place un syst\u00e8me de priorisation lors de l&rsquo;activation du plan hivernal : les ponts, le Mont Gargan ou encore la c\u00f4te de Neufch\u00e2tel. \u00ab\u00a0L\u00e0 o\u00f9 il y a le plus de trafic\u00a0\u00bb, pr\u00e9cise Manuel De Araujo.<\/p>\n<p>L&rsquo;autre probl\u00e9matique, c&rsquo;est que ces derniers jours, la m\u00e9tropole a connu plusieurs \u00e9pisodes neigeux. Alors il faudrait repasser aux m\u00eames endroits, sur les m\u00eames pistes cyclables pour d\u00e9blayer \u00e0 nouveau. <\/p>\n<p>Ce qui n&rsquo;est pas toujours possible au vu de la totalit\u00e9 du r\u00e9seau \u00e0 couvrir. \u00ab\u00a0On ne pourra jamais traiter 100% du territoire de fa\u00e7on convenable\u00a0\u00bb, admet le directeur des espaces publics.<\/p>\n<p><a data-article-figure=\"\" href=\"https:\/\/france3-regions.franceinfo.fr\/image\/8t-GHhE-WIBQ2egCZhESY2BxsHQ\/1920x1080\/regions\/2026\/01\/05\/bollez5182-00-00-02-20-695bb1ba96c40720964545.jpg\" data-pswp-width=\"1920\" data-pswp-height=\"1080\" target=\"_blank\" rel=\"noopener\"><\/p>\n<p>          <img width=\"600\" height=\"400\" class=\"article-image lazy\" data-src=\"https:\/\/www.europesays.com\/fr\/wp-content\/uploads\/2026\/01\/bollez5182-00-00-02-20-695bb1ba96c40720964545.jpg\" alt=\"Les espaces pi\u00e9tons et cyclables sont plus difficiles \u00e0 d\u00e9blayer et saler. \" fetchpriority=\"high\" as=\"image\"\/><\/p>\n<p>\n            Les espaces pi\u00e9tons et cyclables sont plus difficiles \u00e0 d\u00e9blayer et saler.<br \/>\n                           \u2022<br \/>\n                                      \u00a9 Olivier Flavien\n                      <\/p>\n<p><\/a><\/p>\n<p>Alors pour Manuel de Araujo, il faut s&rsquo;adapter \u00e0 la situation : \u00ab\u00a0Le conseil que l&rsquo;on peut donner \u00e0 chacun, que l&rsquo;on soit pi\u00e9ton, cycliste ou automobiliste, c&rsquo;est que lorsque l&rsquo;on a des conditions comme celles-ci, nous devons adapter nos d\u00e9placements.\u00a0\u00bb <\/p>\n<p>Concr\u00e8tement, avec cette m\u00e9t\u00e9o hivernale, reportez les d\u00e9placements qui peuvent attendre, et pr\u00e9f\u00e9rez les transports en commun au v\u00e9lo ou \u00e0 la trottinette. <\/p>\n<p>Dans le cas contraire, \u00e9quipez-vous en cons\u00e9quence (casque de s\u00e9curit\u00e9 avec visi\u00e8re, lumi\u00e8res pour voir et \u00eatre vue etc&#8230;) et adoptez une conduite plus prudente : vitesse r\u00e9duite, pas de freinage brusque et vigilance accrue dans les virages.<\/p>\n<p>Avec St\u00e9phane G\u00e9rain et Olivier Flavien<\/p>\n","protected":false},"excerpt":{"rendered":"Apr\u00e8s plusieurs jours d&rsquo;un mercure qui flirte avec les z\u00e9ro degr\u00e9s, la neige et le verglas se sont&hellip;\n","protected":false},"author":2,"featured_media":644269,"comment_status":"","ping_status":"","sticky":false,"template":"","format":"standard","meta":{"footnotes":""},"categories":[9587],"tags":[1111,11,1777,674,1011,27,12,5161,25,9590],"class_list":{"0":"post-644268","1":"post","2":"type-post","3":"status-publish","4":"format-standard","5":"has-post-thumbnail","7":"category-rouen","8":"tag-actu","9":"tag-actualites","10":"tag-eu","11":"tag-europe","12":"tag-fr","13":"tag-france","14":"tag-news","15":"tag-normandie","16":"tag-republique-francaise","17":"tag-rouen"},"share_on_mastodon":{"url":"https:\/\/pubeurope.com\/@fr\/115847017510526759","error":""},"_links":{"self":[{"href":"https:\/\/www.europesays.com\/fr\/wp-json\/wp\/v2\/posts\/644268","targetHints":{"allow":["GET"]}}],"collection":[{"href":"https:\/\/www.europesays.com\/fr\/wp-json\/wp\/v2\/posts"}],"about":[{"href":"https:\/\/www.europesays.com\/fr\/wp-json\/wp\/v2\/types\/post"}],"author":[{"embeddable":true,"href":"https:\/\/www.europesays.com\/fr\/wp-json\/wp\/v2\/users\/2"}],"replies":[{"embeddable":true,"href":"https:\/\/www.europesays.com\/fr\/wp-json\/wp\/v2\/comments?post=644268"}],"version-history":[{"count":0,"href":"https:\/\/www.europesays.com\/fr\/wp-json\/wp\/v2\/posts\/644268\/revisions"}],"wp:featuredmedia":[{"embeddable":true,"href":"https:\/\/www.europesays.com\/fr\/wp-json\/wp\/v2\/media\/644269"}],"wp:attachment":[{"href":"https:\/\/www.europesays.com\/fr\/wp-json\/wp\/v2\/media?parent=644268"}],"wp:term":[{"taxonomy":"category","embeddable":true,"href":"https:\/\/www.europesays.com\/fr\/wp-json\/wp\/v2\/categories?post=644268"},{"taxonomy":"post_tag","embeddable":true,"href":"https:\/\/www.europesays.com\/fr\/wp-json\/wp\/v2\/tags?post=644268"}],"curies":[{"name":"wp","href":"https:\/\/api.w.org\/{rel}","templated":true}]}}