{"id":644270,"date":"2026-01-06T07:40:11","date_gmt":"2026-01-06T07:40:11","guid":{"rendered":"https:\/\/www.europesays.com\/fr\/644270\/"},"modified":"2026-01-06T07:40:11","modified_gmt":"2026-01-06T07:40:11","slug":"on-va-transformer-une-contrainte-en-opportunite-le-rc-vannes-va-rester-en-stage-entre-les-deplacements-a-grenoble-et-oyonnax","status":"publish","type":"post","link":"https:\/\/www.europesays.com\/fr\/644270\/","title":{"rendered":"\u00ab\u00a0On va transformer une contrainte en opportunit\u00e9\u00a0\u00bb\u00a0: le RC Vannes va rester en stage entre les d\u00e9placements \u00e0 Grenoble et Oyonnax"},"content":{"rendered":"<p>Pro D2<\/p>\n<p>La deuxi\u00e8me partie du mois de janvier r\u00e9serve au <a href=\"https:\/\/www.letelegramme.fr\/sports\/rugby\/rc-vannes\/\" target=\"_blank\" rel=\"noopener\">RC Vannes<\/a> un p\u00e9rilleux triptyque Brive-Grenoble-Oyonnax. Trois chocs en seulement douze jours, le premier \u00e9tant programm\u00e9 un samedi soir tandis que le dernier aura lieu un jeudi soir.<\/p>\n<p>En plus, les Morbihannais concluent cet encha\u00eenement relev\u00e9 par deux d\u00e9placements en Is\u00e8re (23 janvier) puis dans l\u2019Ain (29 janvier). Alors, les dirigeants du RCV ont d\u00e9cid\u00e9 de rester sur place entre ces deux affiches, ce qui permettra d\u2019\u00e9viter un double aller-retour \u00e9reintant en car ou extr\u00eamement co\u00fbteux en avion.<\/p>\n<p>Selon nos informations, ils partiront en stage en Haute-Savoie, sur les bords du lac L\u00e9man (vers \u00c9vian-les-Bains) \u00e0 150 km d\u2019Oyonnax. Ces quelques jours permettront aussi de casser la routine de cette longue phase r\u00e9guli\u00e8re de Pro D2.<\/p>\n<p>\u00ab \u00c7a va mobiliser les mecs \u00bb<\/p>\n<p>\u00ab On va transformer, j\u2019esp\u00e8re, ce qui \u00e9tait une contrainte en opportunit\u00e9, confiait d\u2019ailleurs Jean-No\u00ebl Spitzer, d\u00e9but d\u00e9cembre. En profitant des deux d\u00e9placements tr\u00e8s loin pour peut-\u00eatre rester en stage. \u00c7a va nous faire du bien au mois de janvier, qui est souvent une p\u00e9riode un peu tristoune avec la m\u00e9t\u00e9o, etc. C\u2019est dur de faire de la coh\u00e9sion \u00e0 ce moment-l\u00e0. Donc, de partir en stage entre deux matchs, \u00e7a va \u00eatre super. Parce qu\u2019en plus, on va certainement pouvoir faire beaucoup de turnover entre les deux matchs. Donc, \u00e7a va mobiliser les mecs. \u00bb<\/p>\n<p>La saison pass\u00e9e en Top 14, les Vannetais \u00e9taient partis en Espagne, \u00e0 Oliva Nova sur la Costa Blanca, en mars. \u00ab Je pense qu\u2019on n\u2019aura pas la m\u00eame m\u00e9t\u00e9o en Espagne et dans les Alpes \u00bb, rigolait l\u2019entra\u00eeneur breton. Il aura aussi le sourire en cas de victoire.<\/p>\n","protected":false},"excerpt":{"rendered":"Pro D2 La deuxi\u00e8me partie du mois de janvier r\u00e9serve au RC Vannes un p\u00e9rilleux triptyque Brive-Grenoble-Oyonnax. Trois&hellip;\n","protected":false},"author":2,"featured_media":644271,"comment_status":"","ping_status":"","sticky":false,"template":"","format":"standard","meta":{"footnotes":""},"categories":[9566],"tags":[1111,11,2430,3166,1777,674,1011,27,2731,12,2308,3164,3167,25,479,60,3165],"class_list":{"0":"post-644270","1":"post","2":"type-post","3":"status-publish","4":"format-standard","5":"has-post-thumbnail","7":"category-grenoble","8":"tag-actu","9":"tag-actualites","10":"tag-auvergne-rhone-alpes","11":"tag-en-continu-sports","12":"tag-eu","13":"tag-europe","14":"tag-fr","15":"tag-france","16":"tag-grenoble","17":"tag-news","18":"tag-pro-d2","19":"tag-rc-vannes","20":"tag-rcv","21":"tag-republique-francaise","22":"tag-rugby","23":"tag-sports","24":"tag-vannes"},"share_on_mastodon":{"url":"https:\/\/pubeurope.com\/@fr\/115847025537255920","error":""},"_links":{"self":[{"href":"https:\/\/www.europesays.com\/fr\/wp-json\/wp\/v2\/posts\/644270","targetHints":{"allow":["GET"]}}],"collection":[{"href":"https:\/\/www.europesays.com\/fr\/wp-json\/wp\/v2\/posts"}],"about":[{"href":"https:\/\/www.europesays.com\/fr\/wp-json\/wp\/v2\/types\/post"}],"author":[{"embeddable":true,"href":"https:\/\/www.europesays.com\/fr\/wp-json\/wp\/v2\/users\/2"}],"replies":[{"embeddable":true,"href":"https:\/\/www.europesays.com\/fr\/wp-json\/wp\/v2\/comments?post=644270"}],"version-history":[{"count":0,"href":"https:\/\/www.europesays.com\/fr\/wp-json\/wp\/v2\/posts\/644270\/revisions"}],"wp:featuredmedia":[{"embeddable":true,"href":"https:\/\/www.europesays.com\/fr\/wp-json\/wp\/v2\/media\/644271"}],"wp:attachment":[{"href":"https:\/\/www.europesays.com\/fr\/wp-json\/wp\/v2\/media?parent=644270"}],"wp:term":[{"taxonomy":"category","embeddable":true,"href":"https:\/\/www.europesays.com\/fr\/wp-json\/wp\/v2\/categories?post=644270"},{"taxonomy":"post_tag","embeddable":true,"href":"https:\/\/www.europesays.com\/fr\/wp-json\/wp\/v2\/tags?post=644270"}],"curies":[{"name":"wp","href":"https:\/\/api.w.org\/{rel}","templated":true}]}}