{"id":644280,"date":"2026-01-06T07:45:10","date_gmt":"2026-01-06T07:45:10","guid":{"rendered":"https:\/\/www.europesays.com\/fr\/644280\/"},"modified":"2026-01-06T07:45:10","modified_gmt":"2026-01-06T07:45:10","slug":"le-club-var-mer-a-saint-laurent-du-var-conteste-sa-fermeture-devant-la-justice","status":"publish","type":"post","link":"https:\/\/www.europesays.com\/fr\/644280\/","title":{"rendered":"le Club Var Mer \u00e0 Saint-Laurent-du-Var conteste sa fermeture devant la justice"},"content":{"rendered":"<p class=\"fs-5 \">La riposte s\u2019organise au Club Var Mer. Ferm\u00e9 par arr\u00eat\u00e9 municipal \u00e0 la mi-d\u00e9cembre pour d\u2019importantes irr\u00e9gularit\u00e9s, le centre nautique de Saint-Laurent-du-Var conteste son sort devant la justice.<\/p>\n<p class=\"fs-5 \">Ce mardi 6 janvier 2026, une requ\u00eate en annulation, doubl\u00e9e d\u2019une requ\u00eate de suspension, a \u00e9t\u00e9 adress\u00e9e au tribunal administratif de Nice et au juge des r\u00e9f\u00e9r\u00e9s.<\/p>\n<p class=\"fs-5 \">\u00ab La proc\u00e9dure qui permettrait d\u2019annuler la d\u00e9cision municipale va certainement durer un an minimum. Mais le club, avec ses 300 adh\u00e9rents et les scolaires du D\u00e9partement (1), ne peut accepter de stopper ses activit\u00e9s si longtemps. \u00c7a signerait la fin du centre, cr\u00e9e en 1930 \u00bb, alerte ma\u00eetre Michel Grav\u00e9. \u00ab En parall\u00e8le, nous avons donc demand\u00e9 au magistrat de se prononcer en urgence. Nous esp\u00e9rons une audience d\u2019ici une dizaine de jours. Si le recours est accept\u00e9, l\u2019ouverture pourrait se faire avant la fin du mois.\u00bb<\/p>\n<p class=\"fs-5 \">Une bataille qui n\u2019est pas gagn\u00e9e, l\u2019arr\u00eat\u00e9 municipal \u00e9tant motiv\u00e9 par un avis d\u00e9favorable de la sous-commission de s\u00e9curit\u00e9.<\/p>\n<p class=\"fs-5 \">D\u00e9but d\u00e9cembre, les services de l\u2019\u00c9tat ont relev\u00e9 de graves irr\u00e9gularit\u00e9s : situ\u00e9e sur une zone class\u00e9e en 2024 comme submersible, la base navale ne poss\u00e8de pas d\u2019autorisation d\u2019occupation du domaine public maritime.<\/p>\n<p class=\"fs-5 \">De plus, un local utilis\u00e9 par le club n\u2019est pas aux normes des \u00e9tablissements recevant du public (ERP).<\/p>\n<p>                                                                                \u00ab La d\u00e9cision municipale est-elle l\u00e9gale et justifiable ? \u00bb<\/p>\n<p class=\"fs-5 \">Autant de griefs qu\u2019interroge et conteste l\u2019avocat : \u00ab La d\u00e9cision municipale est-elle l\u00e9gale et justifiable ? Le risque de submersion n\u2019a pas d\u2019impact direct sur l\u2019exploitation du site [ferm\u00e9 en cas d\u2019alerte m\u00e9t\u00e9o]. S\u2019il s\u2019agissait d\u2019un h\u00f4tel, les enjeux seraient diff\u00e9rents&#8230; Mais pour un centre de voile, \u00e7a n\u2019a pas de sens. Autant interdire toute activit\u00e9 sur le littoral. \u00bb<\/p>\n<p class=\"fs-5 \">Quid de l\u2019occupation sans droit ni titre ? \u00ab La mairie n\u2019est pas propri\u00e9taire du terrain. Quelle est sa l\u00e9gitimit\u00e9 \u00e0 parler d\u2019autorisation ? C\u2019est \u00e0 l\u2019\u00c9tat de se prononcer. \u00bb<\/p>\n<p class=\"fs-5 \">Ce qui a \u00e9t\u00e9 fait : \u00ab Les services de l\u2019\u00c9tat ont refus\u00e9 cette autorisation, puisqu\u2019elle doit faire l\u2019objet au pr\u00e9alable d\u2019une proc\u00e9dure de publicit\u00e9 et de s\u00e9lection, s\u2019agissant d\u2019une activit\u00e9 \u00e9conomique \u00bb, signalait la Ville dans nos colonnes, le 19 d\u00e9cembre.<\/p>\n<p class=\"fs-5 \">Pour ce qui est du local hors norme ERP, le conseil rappelle qu\u2019il n\u2019en a \u00ab jamais \u00e9t\u00e9 question lors du premier passage de la commission de s\u00e9curit\u00e9 \u00bb, en avril 2025. \u00ab Le club s\u2019en est servi pour stocker du mat\u00e9riel. Personne n\u2019est en danger. Et puis, toutes les autres prescriptions ont \u00e9t\u00e9 suivies, 15 000 euros de travaux ont \u00e9t\u00e9 engag\u00e9s. Apr\u00e8s tant d\u2019efforts de la part du club, ces nouveaux motifs de fermeture sont pour le moins surprenants&#8230;\u00bb<\/p>\n<p class=\"fs-5 \">De l\u00e0 \u00e0 y voir des pr\u00e9textes et un acharnement ? Prudent, l\u2019avocat renvoie \u00e0 la stup\u00e9faction des signataires d\u2019une p\u00e9tition s\u2019opposant \u00e0 la fermeture. Pr\u00e8s de 1.000 soutiens ont \u00e9t\u00e9 r\u00e9colt\u00e9s en deux semaines.<\/p>\n<p class=\"fs-5 \">(1) Onze classes de six coll\u00e8ges des Alpes-Maritimes devaient \u00eatre initi\u00e9es \u00e0 la voile \u00e0 partir de la rentr\u00e9e.<\/p>\n<p class=\"fs-5 \">(2) P\u00e9tition intitul\u00e9e \u00ab Sauvons le Club Var Mer \u00bb sur mesopinions.com<\/p>\n","protected":false},"excerpt":{"rendered":"La riposte s\u2019organise au Club Var Mer. Ferm\u00e9 par arr\u00eat\u00e9 municipal \u00e0 la mi-d\u00e9cembre pour d\u2019importantes irr\u00e9gularit\u00e9s, le&hellip;\n","protected":false},"author":2,"featured_media":644281,"comment_status":"","ping_status":"","sticky":false,"template":"","format":"standard","meta":{"footnotes":""},"categories":[2819],"tags":[1111,11,1777,674,1011,27,12,2401,882,25],"class_list":{"0":"post-644280","1":"post","2":"type-post","3":"status-publish","4":"format-standard","5":"has-post-thumbnail","7":"category-nice","8":"tag-actu","9":"tag-actualites","10":"tag-eu","11":"tag-europe","12":"tag-fr","13":"tag-france","14":"tag-news","15":"tag-nice","16":"tag-provence-alpes-cote-dazur","17":"tag-republique-francaise"},"share_on_mastodon":{"url":"https:\/\/pubeurope.com\/@fr\/115847045012209457","error":""},"_links":{"self":[{"href":"https:\/\/www.europesays.com\/fr\/wp-json\/wp\/v2\/posts\/644280","targetHints":{"allow":["GET"]}}],"collection":[{"href":"https:\/\/www.europesays.com\/fr\/wp-json\/wp\/v2\/posts"}],"about":[{"href":"https:\/\/www.europesays.com\/fr\/wp-json\/wp\/v2\/types\/post"}],"author":[{"embeddable":true,"href":"https:\/\/www.europesays.com\/fr\/wp-json\/wp\/v2\/users\/2"}],"replies":[{"embeddable":true,"href":"https:\/\/www.europesays.com\/fr\/wp-json\/wp\/v2\/comments?post=644280"}],"version-history":[{"count":0,"href":"https:\/\/www.europesays.com\/fr\/wp-json\/wp\/v2\/posts\/644280\/revisions"}],"wp:featuredmedia":[{"embeddable":true,"href":"https:\/\/www.europesays.com\/fr\/wp-json\/wp\/v2\/media\/644281"}],"wp:attachment":[{"href":"https:\/\/www.europesays.com\/fr\/wp-json\/wp\/v2\/media?parent=644280"}],"wp:term":[{"taxonomy":"category","embeddable":true,"href":"https:\/\/www.europesays.com\/fr\/wp-json\/wp\/v2\/categories?post=644280"},{"taxonomy":"post_tag","embeddable":true,"href":"https:\/\/www.europesays.com\/fr\/wp-json\/wp\/v2\/tags?post=644280"}],"curies":[{"name":"wp","href":"https:\/\/api.w.org\/{rel}","templated":true}]}}