{"id":644315,"date":"2026-01-06T08:05:12","date_gmt":"2026-01-06T08:05:12","guid":{"rendered":"https:\/\/www.europesays.com\/fr\/644315\/"},"modified":"2026-01-06T08:05:12","modified_gmt":"2026-01-06T08:05:12","slug":"ukraine-russie-un-mort-apres-une-attaque-de-drone-a-tver","status":"publish","type":"post","link":"https:\/\/www.europesays.com\/fr\/644315\/","title":{"rendered":"Ukraine. Russie: un mort apr\u00e8s une attaque de drone \u00e0 Tver"},"content":{"rendered":"<p class=\"paragraph-1-base\">Dans la ville du m\u00eame nom, \u00e0 quelque 200 kilom\u00e8tres au nord-ouest de Moscou, \u00ab\u00a0un fragment de drone a heurt\u00e9 les fen\u00eatres d&rsquo;un appartement situ\u00e9 au neuvi\u00e8me \u00e9tage d&rsquo;un immeuble\u00a0\u00bb, a relat\u00e9 sur Telegram le gouverneur r\u00e9gional par int\u00e9rim, Vitaly Korolev.<\/p>\n<p class=\"paragraph-1-base\">\u00ab\u00a0Une personne est d\u00e9c\u00e9d\u00e9e. Deux ont re\u00e7u les premiers soins et refus\u00e9 d&rsquo;\u00eatre hospitalis\u00e9s\u00a0\u00bb, ont pr\u00e9cis\u00e9 ses services dans un autre message.<\/p>\n<p class=\"paragraph-1-base\">Au total, les d\u00e9fenses anti-a\u00e9riennes russes ont abattu 129 drones ukrainiens dans la nuit, dont 29 au-dessus de la r\u00e9gion de Briansk.<\/p>\n<p class=\"paragraph-1-base after:text-primary after:heading-2-xl after:relative after:top-[2px] after:pl-1 after:!leading-[18px] after:text-primary-300 after:content-[&quot;\u00bb&quot;] dark:after:text-primary-300\">Son gouverneur, Alexandre Bogomaz, a fait \u00e9tat de deux bless\u00e9s dans une attaque de \u00ab\u00a0drones suicide\u00a0\u00bb ukrainiens dans le district de Sevsky.<\/p>\n","protected":false},"excerpt":{"rendered":"Dans la ville du m\u00eame nom, \u00e0 quelque 200 kilom\u00e8tres au nord-ouest de Moscou, \u00ab\u00a0un fragment de drone&hellip;\n","protected":false},"author":2,"featured_media":644316,"comment_status":"","ping_status":"","sticky":false,"template":"","format":"standard","meta":{"footnotes":""},"categories":[1591],"tags":[11,4901,1887,18,12,1885,1886,132,220],"class_list":{"0":"post-644315","1":"post","2":"type-post","3":"status-publish","4":"format-standard","5":"has-post-thumbnail","7":"category-russie","8":"tag-actualites","9":"tag-blesses","10":"tag-federation-de-russie","11":"tag-mort","12":"tag-news","13":"tag-russia","14":"tag-russian-federation","15":"tag-russie","16":"tag-ukraine"},"share_on_mastodon":{"url":"https:\/\/pubeurope.com\/@fr\/115847123881438761","error":""},"_links":{"self":[{"href":"https:\/\/www.europesays.com\/fr\/wp-json\/wp\/v2\/posts\/644315","targetHints":{"allow":["GET"]}}],"collection":[{"href":"https:\/\/www.europesays.com\/fr\/wp-json\/wp\/v2\/posts"}],"about":[{"href":"https:\/\/www.europesays.com\/fr\/wp-json\/wp\/v2\/types\/post"}],"author":[{"embeddable":true,"href":"https:\/\/www.europesays.com\/fr\/wp-json\/wp\/v2\/users\/2"}],"replies":[{"embeddable":true,"href":"https:\/\/www.europesays.com\/fr\/wp-json\/wp\/v2\/comments?post=644315"}],"version-history":[{"count":0,"href":"https:\/\/www.europesays.com\/fr\/wp-json\/wp\/v2\/posts\/644315\/revisions"}],"wp:featuredmedia":[{"embeddable":true,"href":"https:\/\/www.europesays.com\/fr\/wp-json\/wp\/v2\/media\/644316"}],"wp:attachment":[{"href":"https:\/\/www.europesays.com\/fr\/wp-json\/wp\/v2\/media?parent=644315"}],"wp:term":[{"taxonomy":"category","embeddable":true,"href":"https:\/\/www.europesays.com\/fr\/wp-json\/wp\/v2\/categories?post=644315"},{"taxonomy":"post_tag","embeddable":true,"href":"https:\/\/www.europesays.com\/fr\/wp-json\/wp\/v2\/tags?post=644315"}],"curies":[{"name":"wp","href":"https:\/\/api.w.org\/{rel}","templated":true}]}}