{"id":644319,"date":"2026-01-06T08:07:12","date_gmt":"2026-01-06T08:07:12","guid":{"rendered":"https:\/\/www.europesays.com\/fr\/644319\/"},"modified":"2026-01-06T08:07:12","modified_gmt":"2026-01-06T08:07:12","slug":"la-capture-de-nicolas-maduro-par-les-etats-unis-est-elle-legale-en-droit-international","status":"publish","type":"post","link":"https:\/\/www.europesays.com\/fr\/644319\/","title":{"rendered":"La capture de Nicol\u00e1s Maduro par les \u00c9tats-Unis est-elle l\u00e9gale en droit international\u00a0?"},"content":{"rendered":"<p>La chercheuse se rappelle que, m\u00eame lors de <a href=\"https:\/\/www.rtbf.be\/article\/la-guerre-en-irak-debutait-il-y-a-20-ans-une-guerre-preventive-un-mensonge-d-etat-et-de-lourdes-consequences-pour-l-occident-11170210\" target=\"_blank\" rel=\"noopener\">la guerre en Irak<\/a>, les \u00c9tats-Unis ont\u00a0d\u00e9ploy\u00e9 \u00ab\u00a0tout un argumentaire juridique, avec des r\u00e9solutions du Conseil de s\u00e9curit\u00e9 adopt\u00e9es\u00a0etc. Ce n\u2019\u00e9tait pas seulement une argumentation formelle, mais tout un jeu multilat\u00e9ral auquel les \u00c9tats-Unis prenaient part\u00a0\u00bb. M\u00eame si la justification pour la guerre \u00e9tait fallacieuse, une justification \u00e9tait officiellement apport\u00e9e et d\u00e9battue par les Nations Unies. Aujourd\u2019hui, \u00ab\u00a0Donald Trump n\u2019a m\u00eame pas tent\u00e9 de justifier son intervention au regard du droit international\u00a0\u00bb, ni <a href=\"https:\/\/www.rtbf.be\/article\/faut-il-reformer-l-onu-ou-en-finir-avec-l-illusion-l-idee-d-un-gouvernement-mondial-n-a-jamais-existe-selon-francois-gemenne-11606548\" target=\"_blank\" rel=\"noopener\">d\u2019esquisser un regard vers l\u2019ONU ou le multilat\u00e9ralisme<\/a>.<\/p>\n<p>Pour Anne Lagerwall, l\u2019ONU a \u00e9t\u00e9 cr\u00e9\u00e9e en\u00a01945 \u00ab\u00a0autour de certains principes qui devaient structurer l\u2019ordre juridique international. On a r\u00e9ussi \u00e0 trouver un consensus \u00e0 ce moment-l\u00e0 entre des \u00c9tats extr\u00eamement diff\u00e9rents\u00a0\u00bb. Lorsque ces principes sont viol\u00e9s, il est essentiel que la communaut\u00e9 internationale condamne unanimement la violation, sous peine de cr\u00e9er un pr\u00e9c\u00e9dent, une br\u00e8che dans l\u2019ordre international de\u00a01945. Depuis la capture du pr\u00e9sident v\u00e9n\u00e9zu\u00e9lien, les condamnations de l\u2019op\u00e9ration illicite ne sont \u00ab\u00a0<a href=\"https:\/\/www.rtbf.be\/article\/conflit-usa-venezuela-l-ue-appelle-a-la-retenue-et-au-respect-du-droit-international-dit-kallas-apres-un-echange-avec-rubio-11655801\" target=\"_blank\" rel=\"noopener\">ni tr\u00e8s fermes ni tr\u00e8s unanimes<\/a>\u00a0\u00bb par les dirigeants du monde, y compris en Europe.\u00a0Le Secr\u00e9taire g\u00e9n\u00e9ral de l&rsquo;ONU Antonio Guterres a d\u00e9clar\u00e9 lors du Conseil de s\u00e9curit\u00e9 d&rsquo;urgence du 5 janvier\u00a0qu&rsquo;un \u00ab\u00a0dangereux pr\u00e9c\u00e9dent\u00a0\u00bb avait \u00e9t\u00e9 cr\u00e9\u00e9 : \u00ab\u00a0Il est encore possible d\u2019\u00e9viter une conflagration plus \u00e9tendue et plus destructrice\u00a0\u00bb.<\/p>\n","protected":false},"excerpt":{"rendered":"La chercheuse se rappelle que, m\u00eame lors de la guerre en Irak, les \u00c9tats-Unis ont\u00a0d\u00e9ploy\u00e9 \u00ab\u00a0tout un argumentaire&hellip;\n","protected":false},"author":2,"featured_media":644320,"comment_status":"","ping_status":"","sticky":false,"template":"","format":"standard","meta":{"footnotes":""},"categories":[1589],"tags":[11,73,1866,12,1864,1865,1863,308],"class_list":{"0":"post-644319","1":"post","2":"type-post","3":"status-publish","4":"format-standard","5":"has-post-thumbnail","7":"category-etats-unis","8":"tag-actualites","9":"tag-etats-unis","10":"tag-etats-unis-damerique","11":"tag-news","12":"tag-united-states","13":"tag-united-states-of-america","14":"tag-us","15":"tag-usa"},"share_on_mastodon":{"url":"https:\/\/pubeurope.com\/@fr\/115847131500927638","error":""},"_links":{"self":[{"href":"https:\/\/www.europesays.com\/fr\/wp-json\/wp\/v2\/posts\/644319","targetHints":{"allow":["GET"]}}],"collection":[{"href":"https:\/\/www.europesays.com\/fr\/wp-json\/wp\/v2\/posts"}],"about":[{"href":"https:\/\/www.europesays.com\/fr\/wp-json\/wp\/v2\/types\/post"}],"author":[{"embeddable":true,"href":"https:\/\/www.europesays.com\/fr\/wp-json\/wp\/v2\/users\/2"}],"replies":[{"embeddable":true,"href":"https:\/\/www.europesays.com\/fr\/wp-json\/wp\/v2\/comments?post=644319"}],"version-history":[{"count":0,"href":"https:\/\/www.europesays.com\/fr\/wp-json\/wp\/v2\/posts\/644319\/revisions"}],"wp:featuredmedia":[{"embeddable":true,"href":"https:\/\/www.europesays.com\/fr\/wp-json\/wp\/v2\/media\/644320"}],"wp:attachment":[{"href":"https:\/\/www.europesays.com\/fr\/wp-json\/wp\/v2\/media?parent=644319"}],"wp:term":[{"taxonomy":"category","embeddable":true,"href":"https:\/\/www.europesays.com\/fr\/wp-json\/wp\/v2\/categories?post=644319"},{"taxonomy":"post_tag","embeddable":true,"href":"https:\/\/www.europesays.com\/fr\/wp-json\/wp\/v2\/tags?post=644319"}],"curies":[{"name":"wp","href":"https:\/\/api.w.org\/{rel}","templated":true}]}}